{"id":24441,"date":"2025-10-23T00:08:45","date_gmt":"2025-10-22T20:08:45","guid":{"rendered":"https:\/\/veteran.az\/?p=24441"},"modified":"2025-10-23T00:08:46","modified_gmt":"2025-10-22T20:08:46","slug":"dovl%c9%99t%c9%99-s%c9%99daq%c9%99t-v%c9%99t%c9%99n%c9%99-borcumuzdur","status":"publish","type":"post","link":"https:\/\/veteran.az\/?p=24441","title":{"rendered":"D\u00f6vl\u0259t\u0259 s\u0259daq\u0259t &#8212; V\u0259t\u0259n\u0259 borcumuzdur!"},"content":{"rendered":"\n<p>D\u00f6vl\u0259t\u00e7iliyimiz\u0259, xalq\u0131m\u0131za v\u0259 m\u00fcst\u0259qilliyimiz\u0259 qar\u015f\u0131 y\u00f6n\u0259l\u0259n h\u0259r bir c\u0259hd &#8212; V\u0259t\u0259n\u0259 x\u0259yan\u0259tdir. Son d\u00f6vrl\u0259rd\u0259 xaricd\u0259n v\u0259 \u00f6lk\u0259 daxilind\u0259n d\u00f6vl\u0259timizin maraqlar\u0131na z\u0259rb\u0259 vurma\u011fa \u00e7al\u0131\u015fan, c\u0259miyy\u0259ti sars\u0131tma\u011fa y\u00f6n\u0259lik f\u0259aliyy\u0259tl\u0259ri h\u0259yata ke\u00e7irm\u0259k ist\u0259y\u0259nl\u0259r &#8212; Az\u0259rbaycan\u0131n m\u00fcst\u0259qilliyini v\u0259 g\u00fccl\u00fc d\u00f6vl\u0259t quruculu\u011funu q\u0259bul etm\u0259y\u0259n q\u00fcvv\u0259l\u0259r h\u0259l\u0259 d\u0259 m\u00f6vcuddur. D\u00f6vl\u0259t\u0259 v\u0259 d\u00f6vl\u0259t\u00e7iliy\u0259 x\u0259yan\u0259t t\u0259kc\u0259 h\u00fcquqi m\u0259suliyy\u0259t do\u011furmur \u2014 o, h\u0259m d\u0259 insanl\u0131q v\u0259 vicdan qar\u015f\u0131s\u0131nda hesab verilm\u0259li olan a\u011f\u0131r ittihamd\u0131r. Biz is\u0259 \u2014 \u015f\u0259hidl\u0259rin v\u0259 qazil\u0259rin n\u00fcmay\u0259nd\u0259l\u0259ri olaraq &#8212; bunun \u00fc\u00e7\u00fcn he\u00e7 zaman g\u00f6z yummayaca\u011f\u0131q. Mill\u0259tin tarixind\u0259, onun \u015f\u0259r\u0259fli s\u0259hif\u0259l\u0259rind\u0259 \u0259ksini tapm\u0131\u015f u\u011furlar\u0131n ard\u0131nca dayanan h\u0259r bir v\u0259t\u0259nda\u015f bu g\u00fcn d\u0259 milli maraqlara sadiq qalma\u011fa borcludur.<\/p>\n\n\n\n<p>H\u0259r bir v\u0259t\u0259nda\u015f\u0131n v\u0259 ictimai t\u0259\u015fkilat\u0131n m\u0259suliyy\u0259ti h\u0259m d\u0259 ondad\u0131r ki, d\u00f6vl\u0259tin maraqlar\u0131n\u0131 qorumaq \u00fc\u00e7\u00fcn ay\u0131q-say\u0131q olsun. Biz 44 g\u00fcnl\u00fck V\u0259t\u0259n m\u00fcharib\u0259sind\u0259 g\u00f6rd\u00fck: birlik bel\u0259 zamanda q\u00fcdr\u0259t\u0259 \u00e7evrilir. Bu b\u00f6y\u00fck z\u0259f\u0259r g\u00f6st\u0259rdi ki, xain niyy\u0259tl\u0259r\u0259, satq\u0131n planlara yer yoxdur.<\/p>\n\n\n\n<p>AVMV\u0130B olaraq bir daha b\u0259yan edirik: bizim borcumuz \u2014 \u015f\u0259hidl\u0259rimizin qan\u0131 il\u0259 \u0259ld\u0259 edilmi\u015f nailiyy\u0259tl\u0259ri qorumaq, milli h\u0259mr\u0259yliyi m\u00f6hk\u0259ml\u0259ndirm\u0259k v\u0259 g\u0259l\u0259c\u0259k n\u0259sill\u0259r\u0259 d\u00f6vl\u0259t\u0259 s\u0259daq\u0259t n\u00fcmun\u0259sini g\u00f6st\u0259rm\u0259kdir. D\u00f6vl\u0259t\u00e7iliyimiz\u0259 y\u00f6n\u0259lmi\u015f destruktiv f\u0259aliyy\u0259tl\u0259r\u0259 d\u00f6zm\u0259mi\u015fik v\u0259 d\u00f6zm\u0259y\u0259c\u0259yik.<\/p>\n\n\n\n<p>Bu g\u00fcn d\u0259 bizim \u00fc\u00e7\u00fcn \u0259n vacib prioritet \u2014 m\u00f6hk\u0259m milli birlikdir. H\u0259r bir v\u0259t\u0259nda\u015f, t\u0259\u015fkilat v\u0259 ictimai qurum d\u00f6vl\u0259timizin yan\u0131nda olmal\u0131, d\u00fc\u015fm\u0259n t\u0259xribatlar\u0131n\u0131n qar\u015f\u0131s\u0131n\u0131 alma\u011fa \u00f6z t\u00f6hf\u0259sini verm\u0259lidir.<\/p>\n\n\n\n<p>Bizim tarixi yadda\u015f\u0131m\u0131zda Ulu \u00d6nd\u0259r Heyd\u0259r \u018fliyevin ad\u0131 daim uca yaz\u0131lacaqd\u0131r. Onun m\u00fc\u0259yy\u0259n etdiyi d\u00f6vl\u0259t\u00e7ilik prinsipl\u0259ri bu g\u00fcn Prezident M\u00fcz\u0259ff\u0259r Ali Ba\u015f Komandan \u0130lham \u018fliyev t\u0259r\u0259find\u0259n q\u0259tiyy\u0259tl\u0259 davam etdirilir. Bu siyas\u0259t say\u0259sind\u0259 Az\u0259rbaycan \u00f6z suverenliyini b\u0259rpa etmi\u015f, b\u00f6lg\u0259d\u0259 yeni real reall\u0131qlar yaratm\u0131\u015fd\u0131r. \u018fld\u0259 edil\u0259n nailiyy\u0259tl\u0259r t\u0259sad\u00fcfi deyil \u2014 bu, xalq\u0131n birliyi, d\u00f6vl\u0259t\u00e7ilik \u0259n\u0259n\u0259l\u0259rin\u0259 sadiqlik v\u0259 q\u0259tiyy\u0259tli r\u0259hb\u0259rlik n\u0259tic\u0259sidir. Qoy Ulu \u00d6nd\u0259r Heyd\u0259r \u018fliyevin qoydu\u011fu siyas\u0259t, Prezident \u0130lham \u018fliyevin r\u0259hb\u0259rliyi alt\u0131nda formala\u015fan g\u00fccl\u00fc d\u00f6vl\u0259t\u00e7ilik \u0259n\u0259n\u0259l\u0259ri bizi daim inki\u015fafa, t\u0259r\u0259qqiy\u0259 apars\u0131n. AVMV\u0130B-in ad\u0131 h\u0259mi\u015f\u0259 xalq\u0131m\u0131z\u0131n suverenliyinin, azadl\u0131\u011f\u0131n\u0131n v\u0259 b\u00f6l\u00fcnm\u0259zliyinin qorunmas\u0131nda daim \u00f6n s\u0131rada olacaq.<\/p>\n\n\n\n<p>Biz h\u0259mi\u015f\u0259 xalq\u0131m\u0131z\u0131n, d\u00f6vl\u0259timizin suverenliyinin ke\u015fiyind\u0259 dayanan M\u00fcz\u0259ff\u0259r Ali Ba\u015f Komandan\u0131m\u0131z \u0130lham \u018fliyev c\u0259nablar\u0131n\u0131n sadiq \u0259sg\u0259rl\u0259ri kimi bir daha b\u0259yan edirik ki, d\u00f6vl\u0259timiz\u0259, Prezidentimiz\u0259 qar\u015f\u0131 x\u0259yan\u0259t v\u0259 satq\u0131nl\u0131q g\u00f6st\u0259r\u0259nl\u0259r qar\u015f\u0131lar\u0131nda biz d\u00f6y\u00fc\u015f\u00e7\u00fcl\u0259ri g\u00f6r\u0259c\u0259kdir.<\/p>\n\n\n\n<p><strong>F\u00fczuli Rzaquliyev<br>Az\u0259rbaycan V\u0259t\u0259n M\u00fcharib\u0259si Veteranlar\u0131 \u0130ctimai Birliyinin s\u0259dri<\/strong><\/p>\n","protected":false},"excerpt":{"rendered":"<p>D\u00f6vl\u0259t\u00e7iliyimiz\u0259, xalq\u0131m\u0131za v\u0259 m\u00fcst\u0259qilliyimiz\u0259 qar\u015f\u0131 y\u00f6n\u0259l\u0259n h\u0259r bir c\u0259hd &#8212; V\u0259t\u0259n\u0259 x\u0259yan\u0259tdir. Son d\u00f6vrl\u0259rd\u0259 xaricd\u0259n&#8230;<\/p>\n","protected":false},"author":3,"featured_media":22039,"comment_status":"closed","ping_status":"closed","sticky":false,"template":"","format":"standard","meta":{"footnotes":""},"categories":[10],"tags":[],"class_list":["post-24441","post","type-post","status-publish","format-standard","has-post-thumbnail","hentry","category-avmvib"],"featured_image_urls":{"full":["https:\/\/veteran.az\/wp-content\/uploads\/2023\/12\/avmvib_sedri_-scaled.jpg",2560,1576,false],"thumbnail":["https:\/\/veteran.az\/wp-content\/uploads\/2023\/12\/avmvib_sedri_-300x185.jpg",150,93,true],"medium":["https:\/\/veteran.az\/wp-content\/uploads\/2023\/12\/avmvib_sedri_-700x431.jpg",300,185,true],"medium_large":["https:\/\/veteran.az\/wp-content\/uploads\/2023\/12\/avmvib_sedri_-768x473.jpg",640,394,true],"large":["https:\/\/veteran.az\/wp-content\/uploads\/2023\/12\/avmvib_sedri_-999x615.jpg",640,394,true],"1536x1536":["https:\/\/veteran.az\/wp-content\/uploads\/2023\/12\/avmvib_sedri_-1536x946.jpg",1536,946,true],"2048x2048":["https:\/\/veteran.az\/wp-content\/uploads\/2023\/12\/avmvib_sedri_-2048x1261.jpg",2048,1261,true],"covernews-slider-full":["https:\/\/veteran.az\/wp-content\/uploads\/2023\/12\/avmvib_sedri_-1115x715.jpg",1115,715,true],"covernews-slider-center":["https:\/\/veteran.az\/wp-content\/uploads\/2023\/12\/avmvib_sedri_-800x500.jpg",800,500,true],"covernews-featured":["https:\/\/veteran.az\/wp-content\/uploads\/2023\/12\/avmvib_sedri_-1024x630.jpg",1024,630,true],"covernews-medium":["https:\/\/veteran.az\/wp-content\/uploads\/2023\/12\/avmvib_sedri_-540x340.jpg",540,340,true],"covernews-medium-square":["https:\/\/veteran.az\/wp-content\/uploads\/2023\/12\/avmvib_sedri_-400x250.jpg",400,250,true]},"author_info":{"display_name":"Veteran.az","author_link":"https:\/\/veteran.az\/?author=3"},"category_info":"<a href=\"https:\/\/veteran.az\/?cat=10\" rel=\"category\">AVMV\u0130B<\/a>","tag_info":"AVMV\u0130B","comment_count":"0","_links":{"self":[{"href":"https:\/\/veteran.az\/index.php?rest_route=\/wp\/v2\/posts\/24441","targetHints":{"allow":["GET"]}}],"collection":[{"href":"https:\/\/veteran.az\/index.php?rest_route=\/wp\/v2\/posts"}],"about":[{"href":"https:\/\/veteran.az\/index.php?rest_route=\/wp\/v2\/types\/post"}],"author":[{"embeddable":true,"href":"https:\/\/veteran.az\/index.php?rest_route=\/wp\/v2\/users\/3"}],"replies":[{"embeddable":true,"href":"https:\/\/veteran.az\/index.php?rest_route=%2Fwp%2Fv2%2Fcomments&post=24441"}],"version-history":[{"count":1,"href":"https:\/\/veteran.az\/index.php?rest_route=\/wp\/v2\/posts\/24441\/revisions"}],"predecessor-version":[{"id":24442,"href":"https:\/\/veteran.az\/index.php?rest_route=\/wp\/v2\/posts\/24441\/revisions\/24442"}],"wp:featuredmedia":[{"embeddable":true,"href":"https:\/\/veteran.az\/index.php?rest_route=\/wp\/v2\/media\/22039"}],"wp:attachment":[{"href":"https:\/\/veteran.az\/index.php?rest_route=%2Fwp%2Fv2%2Fmedia&parent=24441"}],"wp:term":[{"taxonomy":"category","embeddable":true,"href":"https:\/\/veteran.az\/index.php?rest_route=%2Fwp%2Fv2%2Fcategories&post=24441"},{"taxonomy":"post_tag","embeddable":true,"href":"https:\/\/veteran.az\/index.php?rest_route=%2Fwp%2Fv2%2Ftags&post=24441"}],"curies":[{"name":"wp","href":"https:\/\/api.w.org\/{rel}","templated":true}]}}