{"id":24314,"date":"2025-09-19T08:09:20","date_gmt":"2025-09-19T04:09:20","guid":{"rendered":"https:\/\/veteran.az\/?p=24314"},"modified":"2025-09-19T21:07:31","modified_gmt":"2025-09-19T17:07:31","slug":"lokal-xarakterli-antiterror-%c9%99m%c9%99liyyatindan-iki-il-otur","status":"publish","type":"post","link":"https:\/\/veteran.az\/?p=24314","title":{"rendered":"Lokal xarakterli antiterror \u0259m\u0259liyyat\u0131ndan iki il \u00f6t\u00fcr"},"content":{"rendered":"\n<p>2023-c\u00fc ilin 19-20 sentyabr tarixl\u0259rind\u0259 Az\u0259rbaycan Ordusunun h\u0259yata ke\u00e7irdiyi bir g\u00fcnl\u00fck Lokal xarakterli antiterror \u0259m\u0259liyyat\u0131ndan iki il \u00f6t\u00fcr.<br>Az\u0259rbaycan D\u00f6vl\u0259tinin d\u0259f\u0259l\u0259rl\u0259 etdiyi x\u0259b\u0259rdarl\u0131\u011fa baxmayaraq d\u00fc\u015fm\u0259n xain xisl\u0259tind\u0259n \u0259l \u00e7\u0259kmirdi. 2020-ci il noyabr\u0131n 10-da imzalanm\u0131\u015f \u00fc\u00e7t\u0259r\u0259fli B\u0259yanata baxmayaraq, Erm\u0259nistan silahl\u0131 birl\u0259\u015fm\u0259l\u0259ri Qaraba\u011fdan tam \u00e7\u0131xar\u0131lmad\u0131, erm\u0259ni silahl\u0131 d\u0259st\u0259l\u0259ri t\u0259rk-silah edilm\u0259di. Revan\u015f arzusunda olan xain d\u00fc\u015fm\u0259n Qaraba\u011fa h\u0259rbi sursat v\u0259 silah da\u015f\u0131nmas\u0131 davam edirdi, \u0259razi v\u0259 yollar minaland\u0131, t\u0259xribatlar\u0131 v\u0259 terror aktlar\u0131 davam edirdi. B\u00fct\u00fcn bunlar\u0131 n\u0259z\u0259r\u0259 alaraq sentyabr ay\u0131n\u0131n 19-da lokal xarakterli antiterror \u0259m\u0259liyyat\u0131n\u0131n h\u0259yata ke\u00e7irilm\u0259si qa\u00e7\u0131lmaz oldu.<\/p>\n\n\n\n<p>Az\u0259rbaycan\u0131n Qaraba\u011f iqtisadi rayonunda t\u00f6r\u0259dil\u0259n geni\u015fmiqyasl\u0131 t\u0259xribatlar\u0131n qar\u015f\u0131s\u0131n\u0131n al\u0131nmas\u0131 v\u0259 Erm\u0259nistan silahl\u0131 q\u00fcvv\u0259l\u0259rinin qal\u0131qlar\u0131n\u0131n t\u0259rksilah edil\u0259r\u0259k torpaqlar\u0131m\u0131zdan \u00e7\u0131xar\u0131lmas\u0131, h\u0259min \u0259razil\u0259rd\u0259 Az\u0259rbaycan Respublikas\u0131 konstitusiya qurulu\u015funun b\u0259rpa edilm\u0259si m\u0259qs\u0259dil\u0259 antiterror \u0259m\u0259liyyat\u0131na ba\u015flan\u0131ld\u0131.C\u0259mi 23 saat 44 d\u0259qiq\u0259 davam ed\u0259n v\u0259 sentyabr\u0131n19 da ba\u015flay\u0131b, 20-d\u0259 ba\u015fa \u00e7atan \u0259m\u0259liyyat n\u0259tic\u0259sind\u0259 r\u0259\u015fad\u0259tli Az\u0259rbaycan Ordusu qar\u015f\u0131s\u0131na qoyulmu\u015f b\u00fct\u00fcn v\u0259zif\u0259l\u0259ri y\u00fcks\u0259k pe\u015f\u0259karl\u0131qla yerin\u0259 yetirdi. H\u0259yata ke\u00e7iril\u0259n antiterror \u0259m\u0259liyyat\u0131 n\u0259tic\u0259sind\u0259 Az\u0259rbaycan \u0259razisind\u0259 qanunsuz yerl\u0259\u015f\u0259n Erm\u0259nistan ordu birl\u0259\u015fm\u0259l\u0259ri tam \u015f\u0259kild\u0259 t\u0259rksilah edil\u0259r\u0259k, \u0259razil\u0259rimizi t\u0259rk etdi. Qaraba\u011fda qeyri-qanuni separat rejimi l\u0259\u011fv edildi, separat\u00e7\u0131lar\u0131n \u0259sas r\u0259hb\u0259rl\u0259ri h\u0259bs edildi. M\u00fcz\u0259ff\u0259r Ali Ba\u015f Komandan \u0130lham \u018fliyevin dediyi kimi, Az\u0259rbaycan \u0259razisind\u0259 separatizmin k\u00f6k\u00fc tamamil\u0259 k\u0259sildi. 2023-c\u00fc il 19-20 sentyabrda h\u0259yata ke\u00e7iril\u0259n lokal xarakterli antiterror \u0259m\u0259liyyat\u0131 Az\u0259rbaycan xalq\u0131n\u0131n \u0259yilm\u0259z ruhunu bir daha t\u0259sdiq etdi, regionda s\u00fclh\u00fcn, \u0259min-amanl\u0131\u011f\u0131n b\u0259rq\u0259rar olmas\u0131na misilsiz t\u00f6hf\u0259l\u0259r verdi.<\/p>\n\n\n\n<p>Bu \u0259m\u0259liyyatlar zaman\u0131 Az\u0259rbaycan ordusu 205 h\u0259rbi qulluqcusunu \u015e\u0259hid verdi. Allahdan \u015e\u0259hidl\u0259rimiz\u0259 r\u0259hm\u0259t dil\u0259yir\u0259m. Ruhlar\u0131 \u015fad, M\u0259kanlar\u0131 C\u0259nn\u0259t olsun!<\/p>\n\n\n\n<p>Bu \u0259m\u0259liyyatda az da olsa pay\u0131m oldu\u011fu \u00fc\u00e7\u00fcn n\u0259 mutlu m\u0259n\u0259.<\/p>\n\n\n\n<p><strong>AVMV\u0130B Z\u0259ngilan rayon \u015f\u00f6b\u0259sinin s\u0259dri: Azad Musayev<\/strong><\/p>\n\n\n\n<a href='https:\/\/postimg.cc\/QBPS1FnJ' target='_blank'><img src='https:\/\/i.postimg.cc\/yd65q9mt\/548692409-24787457727556192-4434973124750260384-n.jpg' border='0' alt='548692409-24787457727556192-4434973124750260384-n'\/><\/a>\n<a href=\"https:\/\/postimg.cc\/R3Q34t7s\" target=\"_blank\"><img decoding=\"async\" src=\"https:\/\/i.postimg.cc\/YSTQNfhH\/Whats-App-Image-2025-09-19-at-15-06-45.jpg\" alt=\"Whats-App-Image-2025-09-19-at-15-06-45\"\/><\/a><br\/><br\/>\n<a href=\"https:\/\/postimg.cc\/JsXDYvGW\" target=\"_blank\"><img decoding=\"async\" src=\"https:\/\/i.postimg.cc\/bwCxrjPd\/Whats-App-Image-2025-09-19-at-15-06-45-1.jpg\" alt=\"Whats-App-Image-2025-09-19-at-15-06-45-1\"\/><\/a><br\/><br\/>\n<a href=\"https:\/\/postimg.cc\/p9t9wCF5\" target=\"_blank\"><img decoding=\"async\" src=\"https:\/\/i.postimg.cc\/cJvQ851h\/Whats-App-Image-2025-09-19-at-15-06-46.jpg\" alt=\"Whats-App-Image-2025-09-19-at-15-06-46\"\/><\/a><br\/><br\/>\n<a href=\"https:\/\/postimg.cc\/svqGcsfc\" target=\"_blank\"><img decoding=\"async\" src=\"https:\/\/i.postimg.cc\/K8v7m8dd\/Whats-App-Image-2025-09-19-at-15-06-47.jpg\" alt=\"Whats-App-Image-2025-09-19-at-15-06-47\"\/><\/a><br\/><br\/>\n","protected":false},"excerpt":{"rendered":"<p>2023-c\u00fc ilin 19-20 sentyabr tarixl\u0259rind\u0259 Az\u0259rbaycan Ordusunun h\u0259yata ke\u00e7irdiyi bir g\u00fcnl\u00fck Lokal xarakterli antiterror \u0259m\u0259liyyat\u0131ndan&#8230;<\/p>\n","protected":false},"author":3,"featured_media":24315,"comment_status":"closed","ping_status":"closed","sticky":false,"template":"","format":"standard","meta":{"footnotes":""},"categories":[6],"tags":[],"class_list":["post-24314","post","type-post","status-publish","format-standard","has-post-thumbnail","hentry","category-cmiyyt"],"featured_image_urls":{"full":["https:\/\/veteran.az\/wp-content\/uploads\/2025\/09\/7656.jpg",900,600,false],"thumbnail":["https:\/\/veteran.az\/wp-content\/uploads\/2025\/09\/7656-150x100.jpg",150,100,true],"medium":["https:\/\/veteran.az\/wp-content\/uploads\/2025\/09\/7656-300x200.jpg",300,200,true],"medium_large":["https:\/\/veteran.az\/wp-content\/uploads\/2025\/09\/7656-768x512.jpg",640,427,true],"large":["https:\/\/veteran.az\/wp-content\/uploads\/2025\/09\/7656.jpg",640,427,false],"1536x1536":["https:\/\/veteran.az\/wp-content\/uploads\/2025\/09\/7656.jpg",900,600,false],"2048x2048":["https:\/\/veteran.az\/wp-content\/uploads\/2025\/09\/7656.jpg",900,600,false],"covernews-slider-full":["https:\/\/veteran.az\/wp-content\/uploads\/2025\/09\/7656.jpg",900,600,false],"covernews-slider-center":["https:\/\/veteran.az\/wp-content\/uploads\/2025\/09\/7656-800x500.jpg",800,500,true],"covernews-featured":["https:\/\/veteran.az\/wp-content\/uploads\/2025\/09\/7656.jpg",900,600,false],"covernews-medium":["https:\/\/veteran.az\/wp-content\/uploads\/2025\/09\/7656-540x340.jpg",540,340,true],"covernews-medium-square":["https:\/\/veteran.az\/wp-content\/uploads\/2025\/09\/7656-400x250.jpg",400,250,true]},"author_info":{"display_name":"Veteran.az","author_link":"https:\/\/veteran.az\/?author=3"},"category_info":"<a href=\"https:\/\/veteran.az\/?cat=6\" rel=\"category\">C\u0259miyy\u0259t<\/a>","tag_info":"C\u0259miyy\u0259t","comment_count":"0","_links":{"self":[{"href":"https:\/\/veteran.az\/index.php?rest_route=\/wp\/v2\/posts\/24314","targetHints":{"allow":["GET"]}}],"collection":[{"href":"https:\/\/veteran.az\/index.php?rest_route=\/wp\/v2\/posts"}],"about":[{"href":"https:\/\/veteran.az\/index.php?rest_route=\/wp\/v2\/types\/post"}],"author":[{"embeddable":true,"href":"https:\/\/veteran.az\/index.php?rest_route=\/wp\/v2\/users\/3"}],"replies":[{"embeddable":true,"href":"https:\/\/veteran.az\/index.php?rest_route=%2Fwp%2Fv2%2Fcomments&post=24314"}],"version-history":[{"count":2,"href":"https:\/\/veteran.az\/index.php?rest_route=\/wp\/v2\/posts\/24314\/revisions"}],"predecessor-version":[{"id":24321,"href":"https:\/\/veteran.az\/index.php?rest_route=\/wp\/v2\/posts\/24314\/revisions\/24321"}],"wp:featuredmedia":[{"embeddable":true,"href":"https:\/\/veteran.az\/index.php?rest_route=\/wp\/v2\/media\/24315"}],"wp:attachment":[{"href":"https:\/\/veteran.az\/index.php?rest_route=%2Fwp%2Fv2%2Fmedia&parent=24314"}],"wp:term":[{"taxonomy":"category","embeddable":true,"href":"https:\/\/veteran.az\/index.php?rest_route=%2Fwp%2Fv2%2Fcategories&post=24314"},{"taxonomy":"post_tag","embeddable":true,"href":"https:\/\/veteran.az\/index.php?rest_route=%2Fwp%2Fv2%2Ftags&post=24314"}],"curies":[{"name":"wp","href":"https:\/\/api.w.org\/{rel}","templated":true}]}}