{"id":24291,"date":"2025-09-16T22:27:00","date_gmt":"2025-09-16T18:27:00","guid":{"rendered":"https:\/\/veteran.az\/?p=24291"},"modified":"2025-09-16T01:04:18","modified_gmt":"2025-09-15T21:04:18","slug":"fuzuli-rzaquliyev-15-sentyabr-az%c9%99rbaycan-tarixinin-q%c9%99hr%c9%99manliq-s%c9%99hif%c9%99sidir","status":"publish","type":"post","link":"https:\/\/veteran.az\/?p=24291","title":{"rendered":"F\u00fczuli Rzaquliyev: &#171;15 sentyabr \u2013 Az\u0259rbaycan tarixinin q\u0259hr\u0259manl\u0131q s\u0259hif\u0259sidir&#187;"},"content":{"rendered":"\n<p>Az\u0259rbaycan V\u0259t\u0259n M\u00fcharib\u0259si Veteranlar\u0131 \u0130ctimai Birliyinin (AVMV\u0130B) s\u0259dri F\u00fczuli Rzaquliyev, 15 sentyabr tarixinin Az\u0259rbaycan xalq\u0131 \u00fc\u00e7\u00fcn x\u00fcsusi \u0259h\u0259miyy\u0259t k\u0259sb etdiyini vur\u011fulam\u0131\u015fd\u0131r. O, bu g\u00fcn\u00fc h\u0259m h\u0259rbi, h\u0259m d\u0259 tarixi z\u0259f\u0259r olaraq qiym\u0259tl\u0259ndir\u0259r\u0259k, Az\u0259rbaycan-T\u00fcrkiy\u0259 qarda\u015fl\u0131\u011f\u0131n\u0131n simvolu, xalq\u0131m\u0131z\u0131n m\u00fcst\u0259qilliyi v\u0259 azadl\u0131q m\u00fcbariz\u0259sinin r\u0259mzi hesab etmi\u015fdir. AVMV\u0130B s\u0259dri Ulu \u00d6nd\u0259r Heyd\u0259r \u018fliyevin &#171;\u0130ki d\u00f6vl\u0259t bir mill\u0259t&#187; fikrinin tarixinin n\u0259 q\u0259d\u0259r q\u0259dim olud\u011funu, ikiq arda\u015f xalq\u0131n bir-birin\u0259 olan s\u0131x m\u00fcnasib\u0259tl\u0259rinin v\u0259 ortaq m\u0259qs\u0259dl\u0259rinin \u0259srl\u0259r boyu m\u00f6vcud oldu\u011funu qeyd etmi\u015fdir. F\u00fczuli Rzaquliyev, x\u00fcsusil\u0259 15 sentyabr tarixind\u0259 bu qarda\u015fl\u0131\u011f\u0131n t\u0259c\u0259ss\u00fcm\u00fcn\u00fc bir daha hiss etdiyimizi, Nuru Pa\u015fan\u0131n r\u0259hb\u0259rlik etdiyi Qafqaz \u0130slam Ordusunun Bak\u0131 \u015f\u0259h\u0259rini erm\u0259ni da\u015fnaklar\u0131ndan azad etm\u0259kl\u0259, yaln\u0131z bir \u015f\u0259h\u0259ri deyil, h\u0259m d\u0259 iki xalq\u0131n qarda\u015fl\u0131q v\u0259 birliyinin m\u00f6hk\u0259ml\u0259ndirildiyini vur\u011fulam\u0131\u015fd\u0131r.<\/p>\n\n\n\n<p>O, h\u0259m\u00e7inin bildirib ki, bu q\u0259l\u0259b\u0259 sad\u0259c\u0259 h\u0259rbi bir z\u0259f\u0259r deyildi; bu, T\u00fcrk v\u0259 Az\u0259rbaycan xalqlar\u0131n\u0131n m\u00fcst\u0259qil v\u0259 azad ya\u015famaq u\u011frunda d\u00f6y\u00fc\u015fl\u0259rinin, h\u0259m\u00e7inin qar\u015f\u0131l\u0131ql\u0131 d\u0259st\u0259k v\u0259 h\u0259mr\u0259ylikl\u0259rinin r\u0259mzi idi. 15 sentyabr\u0131n Az\u0259rbaycan xalq\u0131 \u00fc\u00e7\u00fcn yaln\u0131z h\u0259rbi bir z\u0259f\u0259r deyil, h\u0259m d\u0259 milli birlik v\u0259 qarda\u015fl\u0131q g\u00fcn\u00fcd\u00fcr.<\/p>\n\n\n\n<p>F.Rzaquliyev, bu g\u00fcn\u00fcn h\u0259m d\u0259 Heyd\u0259r \u018fliyevin ideyalar\u0131n\u0131n v\u0259 prinsipial yana\u015fmalar\u0131n\u0131n t\u0259c\u0259ss\u00fcm\u00fc oldu\u011funu qeyd etmi\u015fdir. O, Ulu \u00d6nd\u0259rin &#171;\u0130ki d\u00f6vl\u0259t bir mill\u0259t&#187; k\u0259lam\u0131n\u0131 \u0259sas g\u00f6t\u00fcr\u0259r\u0259k, bu \u0259lam\u0259tdar g\u00fcn\u00fcn Az\u0259rbaycan-T\u00fcrkiy\u0259 qarda\u015fl\u0131\u011f\u0131n\u0131n m\u00f6hk\u0259m t\u0259m\u0259lini qoydu\u011funu bir daha vur\u011fulam\u0131\u015fd\u0131r. Onun s\u00f6zl\u0259rin\u0259 g\u00f6r\u0259, 15 sentyabr z\u0259f\u0259ri yaln\u0131z bir xalq\u0131n m\u00fcst\u0259qilliyinin qazan\u0131lmas\u0131 deyil, h\u0259m d\u0259 iki qarda\u015f xalq\u0131n birg\u0259 m\u00fcbariz\u0259 v\u0259 qar\u015f\u0131l\u0131ql\u0131 d\u0259st\u0259k prinsipl\u0259rinin \u0259h\u0259miyy\u0259tini bir daha g\u00f6st\u0259rmi\u015fdir.<\/p>\n\n\n\n<p><strong>AVMV\u0130B-in M\u0259tbuat xidm\u0259ti<\/strong><\/p>\n\n\n\n<a href=\"https:\/\/postimg.cc\/N2LJf0Lv\" target=\"_blank\"><img decoding=\"async\" src=\"https:\/\/i.postimg.cc\/rsNvj0ks\/546629509-1985085792241708-5397457753433390704-n-2025-09-15-22-59-43.jpg\" alt=\"546629509-1985085792241708-5397457753433390704-n-2025-09-15-22-59-43\"\/><\/a><br\/><br\/>\n","protected":false},"excerpt":{"rendered":"<p>Az\u0259rbaycan V\u0259t\u0259n M\u00fcharib\u0259si Veteranlar\u0131 \u0130ctimai Birliyinin (AVMV\u0130B) s\u0259dri F\u00fczuli Rzaquliyev, 15 sentyabr tarixinin Az\u0259rbaycan xalq\u0131&#8230;<\/p>\n","protected":false},"author":3,"featured_media":22039,"comment_status":"closed","ping_status":"closed","sticky":false,"template":"","format":"standard","meta":{"footnotes":""},"categories":[10],"tags":[],"class_list":["post-24291","post","type-post","status-publish","format-standard","has-post-thumbnail","hentry","category-avmvib"],"featured_image_urls":{"full":["https:\/\/veteran.az\/wp-content\/uploads\/2023\/12\/avmvib_sedri_-scaled.jpg",2560,1576,false],"thumbnail":["https:\/\/veteran.az\/wp-content\/uploads\/2023\/12\/avmvib_sedri_-300x185.jpg",150,93,true],"medium":["https:\/\/veteran.az\/wp-content\/uploads\/2023\/12\/avmvib_sedri_-700x431.jpg",300,185,true],"medium_large":["https:\/\/veteran.az\/wp-content\/uploads\/2023\/12\/avmvib_sedri_-768x473.jpg",640,394,true],"large":["https:\/\/veteran.az\/wp-content\/uploads\/2023\/12\/avmvib_sedri_-999x615.jpg",640,394,true],"1536x1536":["https:\/\/veteran.az\/wp-content\/uploads\/2023\/12\/avmvib_sedri_-1536x946.jpg",1536,946,true],"2048x2048":["https:\/\/veteran.az\/wp-content\/uploads\/2023\/12\/avmvib_sedri_-2048x1261.jpg",2048,1261,true],"covernews-slider-full":["https:\/\/veteran.az\/wp-content\/uploads\/2023\/12\/avmvib_sedri_-1115x715.jpg",1115,715,true],"covernews-slider-center":["https:\/\/veteran.az\/wp-content\/uploads\/2023\/12\/avmvib_sedri_-800x500.jpg",800,500,true],"covernews-featured":["https:\/\/veteran.az\/wp-content\/uploads\/2023\/12\/avmvib_sedri_-1024x630.jpg",1024,630,true],"covernews-medium":["https:\/\/veteran.az\/wp-content\/uploads\/2023\/12\/avmvib_sedri_-540x340.jpg",540,340,true],"covernews-medium-square":["https:\/\/veteran.az\/wp-content\/uploads\/2023\/12\/avmvib_sedri_-400x250.jpg",400,250,true]},"author_info":{"display_name":"Veteran.az","author_link":"https:\/\/veteran.az\/?author=3"},"category_info":"<a href=\"https:\/\/veteran.az\/?cat=10\" rel=\"category\">AVMV\u0130B<\/a>","tag_info":"AVMV\u0130B","comment_count":"0","_links":{"self":[{"href":"https:\/\/veteran.az\/index.php?rest_route=\/wp\/v2\/posts\/24291","targetHints":{"allow":["GET"]}}],"collection":[{"href":"https:\/\/veteran.az\/index.php?rest_route=\/wp\/v2\/posts"}],"about":[{"href":"https:\/\/veteran.az\/index.php?rest_route=\/wp\/v2\/types\/post"}],"author":[{"embeddable":true,"href":"https:\/\/veteran.az\/index.php?rest_route=\/wp\/v2\/users\/3"}],"replies":[{"embeddable":true,"href":"https:\/\/veteran.az\/index.php?rest_route=%2Fwp%2Fv2%2Fcomments&post=24291"}],"version-history":[{"count":1,"href":"https:\/\/veteran.az\/index.php?rest_route=\/wp\/v2\/posts\/24291\/revisions"}],"predecessor-version":[{"id":24292,"href":"https:\/\/veteran.az\/index.php?rest_route=\/wp\/v2\/posts\/24291\/revisions\/24292"}],"wp:featuredmedia":[{"embeddable":true,"href":"https:\/\/veteran.az\/index.php?rest_route=\/wp\/v2\/media\/22039"}],"wp:attachment":[{"href":"https:\/\/veteran.az\/index.php?rest_route=%2Fwp%2Fv2%2Fmedia&parent=24291"}],"wp:term":[{"taxonomy":"category","embeddable":true,"href":"https:\/\/veteran.az\/index.php?rest_route=%2Fwp%2Fv2%2Fcategories&post=24291"},{"taxonomy":"post_tag","embeddable":true,"href":"https:\/\/veteran.az\/index.php?rest_route=%2Fwp%2Fv2%2Ftags&post=24291"}],"curies":[{"name":"wp","href":"https:\/\/api.w.org\/{rel}","templated":true}]}}