{"id":24276,"date":"2025-09-15T02:23:27","date_gmt":"2025-09-14T22:23:27","guid":{"rendered":"https:\/\/veteran.az\/?p=24276"},"modified":"2025-09-15T02:23:27","modified_gmt":"2025-09-14T22:23:27","slug":"mubariz-eldar-oglu-yazir","status":"publish","type":"post","link":"https:\/\/veteran.az\/?p=24276","title":{"rendered":"M\u00fcbariz Eldar o\u011flu yaz\u0131r"},"content":{"rendered":"\n<p>M\u00fcbariz Eldar o\u011flu \u2013 \u201cVeteran.az\u201d q\u0259zetinin \u015eirvan-Salyan regional yazar\u0131<\/p>\n\n\n\n<p>\u201cPi\u015fiyin a\u011fz\u0131 \u0259t\u0259 \u00e7atmayanda deyir ki, iyl\u0259nib\u201d \u2013 bu atalar s\u00f6z\u00fc Rusiya xarici i\u015fl\u0259r naziri Sergey Lavrovun son b\u0259yanat\u0131na \u0259n tutarl\u0131 cavabd\u0131r.<br>Lavrov iddia edir ki, guya \u201cAz\u0259rbaycan v\u0259 Erm\u0259nistan aras\u0131nda Va\u015finqton raz\u0131la\u015fmas\u0131na \u015f\u00fcbh\u0259l\u0259r var.\u201d Halbuki \u015f\u00fcbh\u0259 i\u00e7ind\u0259 olan m\u0259hz \u00f6z\u00fc v\u0259 t\u0259msil etdiyi Rusiyad\u0131r. \u00c7\u00fcnki art\u0131q Qafqaz masas\u0131nda pay b\u00f6lg\u00fcs\u00fc apar\u0131lark\u0259n Moskva k\u0259narda qal\u0131b.<br>Tarixi yada salaq:<br>Bu g\u00fcn \u2013 14 sentyabr 1991-ci ild\u0259, y\u0259ni d\u00fcz 34 il \u0259vv\u0259l Bak\u0131da Az\u0259rbaycan Kommunist Partiyas\u0131n\u0131n f\u00f6vq\u0259lad\u0259 33-c\u00fc qurultay\u0131 ke\u00e7irildi v\u0259 q\u0259bul edil\u0259n q\u0259rarla Az\u0259rbaycan KP \u00f6z\u00fcn\u00fc buraxd\u0131. Bel\u0259c\u0259, 71 il xalq\u0131m\u0131z\u0131n taleyin\u0259 k\u00f6lg\u0259 salan imperiya dayaqlar\u0131ndan biri tarix\u0259 qovu\u015fdu. O vaxt Kreml \u0259lind\u0259ki \u0259n m\u00fch\u00fcm s\u00fctunlardan birini itirdis\u0259, bu g\u00fcn Lavrovun dili d\u0259 Z\u0259ng\u0259zurdan pu\u00e7 \u00e7\u0131xan \u00fcmidl\u0259rinin a\u011fr\u0131s\u0131n\u0131 ifad\u0259 edir.<br>Sergey Lavrov yax\u015f\u0131 bilir ki, Z\u0259ng\u0259zur d\u0259hlizi art\u0131q Rusiyan\u0131n deyil, T\u00fcrk d\u00fcnyas\u0131n\u0131n geosiyasi damar\u0131d\u0131r. T\u00fcrkiy\u0259nin Qafqaza g\u0259lm\u0259si, Az\u0259rbaycan\u0131n m\u00fcst\u0259qil siyas\u0259ti v\u0259 Q\u0259rbin b\u00f6lg\u0259d\u0259 artan t\u0259siri Moskvan\u0131n \u0259srlik hegemonlu\u011funu sars\u0131d\u0131r.<br>Ona g\u00f6r\u0259 d\u0259 Lavrovun s\u00f6zl\u0259ri \u201c\u0259lind\u0259n pay\u0131 al\u0131nm\u0131\u015f\u201d bir adam\u0131n g\u00f6yn\u0259y\u0259-g\u00f6yn\u0259y\u0259 dan\u0131\u015f\u0131\u011f\u0131n\u0131 xat\u0131rlad\u0131r. \u018fslind\u0259 bu, Rusiyan\u0131n C\u0259nubi Qafqazdan k\u0259narla\u015fd\u0131r\u0131ld\u0131\u011f\u0131n\u0131n dolay\u0131s\u0131 il\u0259 etiraf\u0131d\u0131r.<br>Unutmas\u0131nlar ki, nec\u0259 ki Az\u0259rbaycan Kommunist Partiyas\u0131 da\u011f\u0131l\u0131b tarixin zibilliyin\u0259 at\u0131ld\u0131, bir g\u00fcn Rusiya da imperial x\u00fclyalar\u0131 il\u0259 birlikd\u0259 eyni aqib\u0259ti ya\u015fayacaq. \u00c7\u00fcnki tarix h\u0259mi\u015f\u0259 z\u00fclm\u0259 v\u0259 \u0259dal\u0259tsizliy\u0259 qar\u015f\u0131 h\u00f6km\u00fcn\u00fc verir.<br>Bir daha xat\u0131rlad\u0131r\u0131q:<br>Az\u0259rbaycan\u0131n suveren q\u0259rarlar\u0131n\u0131 he\u00e7 kim \u015f\u00fcbh\u0259 alt\u0131na ala bilm\u0259z. Nec\u0259 ki, Kommunist Partiyas\u0131 zaman\u0131nda tarixin qaranl\u0131qlar\u0131na g\u00f6m\u00fcld\u00fcs\u0259, bu g\u00fcn d\u0259 imperial iddialar\u0131na sar\u0131lan \u201cderjava\u201d eyni taled\u0259n qa\u00e7a bilm\u0259y\u0259c\u0259k.<br>\u00c7\u00fcnki tarix h\u0259mi\u015f\u0259 z\u00fclm v\u0259 \u0259dal\u0259tsizliy\u0259 qar\u015f\u0131 h\u00f6km\u00fcn\u00fc verir.<\/p>\n","protected":false},"excerpt":{"rendered":"<p>M\u00fcbariz Eldar o\u011flu \u2013 \u201cVeteran.az\u201d q\u0259zetinin \u015eirvan-Salyan regional yazar\u0131 \u201cPi\u015fiyin a\u011fz\u0131 \u0259t\u0259 \u00e7atmayanda deyir ki,&#8230;<\/p>\n","protected":false},"author":4,"featured_media":24277,"comment_status":"closed","ping_status":"closed","sticky":false,"template":"","format":"standard","meta":{"footnotes":""},"categories":[6],"tags":[],"class_list":["post-24276","post","type-post","status-publish","format-standard","has-post-thumbnail","hentry","category-cmiyyt"],"featured_image_urls":{"full":["https:\/\/veteran.az\/wp-content\/uploads\/2025\/09\/87678.png",800,527,false],"thumbnail":["https:\/\/veteran.az\/wp-content\/uploads\/2025\/09\/87678-150x99.png",150,99,true],"medium":["https:\/\/veteran.az\/wp-content\/uploads\/2025\/09\/87678-300x198.png",300,198,true],"medium_large":["https:\/\/veteran.az\/wp-content\/uploads\/2025\/09\/87678-768x506.png",640,422,true],"large":["https:\/\/veteran.az\/wp-content\/uploads\/2025\/09\/87678.png",640,422,false],"1536x1536":["https:\/\/veteran.az\/wp-content\/uploads\/2025\/09\/87678.png",800,527,false],"2048x2048":["https:\/\/veteran.az\/wp-content\/uploads\/2025\/09\/87678.png",800,527,false],"covernews-slider-full":["https:\/\/veteran.az\/wp-content\/uploads\/2025\/09\/87678.png",800,527,false],"covernews-slider-center":["https:\/\/veteran.az\/wp-content\/uploads\/2025\/09\/87678-800x500.png",800,500,true],"covernews-featured":["https:\/\/veteran.az\/wp-content\/uploads\/2025\/09\/87678.png",800,527,false],"covernews-medium":["https:\/\/veteran.az\/wp-content\/uploads\/2025\/09\/87678-540x340.png",540,340,true],"covernews-medium-square":["https:\/\/veteran.az\/wp-content\/uploads\/2025\/09\/87678-400x250.png",400,250,true]},"author_info":{"display_name":"Admin","author_link":"https:\/\/veteran.az\/?author=4"},"category_info":"<a href=\"https:\/\/veteran.az\/?cat=6\" rel=\"category\">C\u0259miyy\u0259t<\/a>","tag_info":"C\u0259miyy\u0259t","comment_count":"0","_links":{"self":[{"href":"https:\/\/veteran.az\/index.php?rest_route=\/wp\/v2\/posts\/24276","targetHints":{"allow":["GET"]}}],"collection":[{"href":"https:\/\/veteran.az\/index.php?rest_route=\/wp\/v2\/posts"}],"about":[{"href":"https:\/\/veteran.az\/index.php?rest_route=\/wp\/v2\/types\/post"}],"author":[{"embeddable":true,"href":"https:\/\/veteran.az\/index.php?rest_route=\/wp\/v2\/users\/4"}],"replies":[{"embeddable":true,"href":"https:\/\/veteran.az\/index.php?rest_route=%2Fwp%2Fv2%2Fcomments&post=24276"}],"version-history":[{"count":1,"href":"https:\/\/veteran.az\/index.php?rest_route=\/wp\/v2\/posts\/24276\/revisions"}],"predecessor-version":[{"id":24278,"href":"https:\/\/veteran.az\/index.php?rest_route=\/wp\/v2\/posts\/24276\/revisions\/24278"}],"wp:featuredmedia":[{"embeddable":true,"href":"https:\/\/veteran.az\/index.php?rest_route=\/wp\/v2\/media\/24277"}],"wp:attachment":[{"href":"https:\/\/veteran.az\/index.php?rest_route=%2Fwp%2Fv2%2Fmedia&parent=24276"}],"wp:term":[{"taxonomy":"category","embeddable":true,"href":"https:\/\/veteran.az\/index.php?rest_route=%2Fwp%2Fv2%2Fcategories&post=24276"},{"taxonomy":"post_tag","embeddable":true,"href":"https:\/\/veteran.az\/index.php?rest_route=%2Fwp%2Fv2%2Ftags&post=24276"}],"curies":[{"name":"wp","href":"https:\/\/api.w.org\/{rel}","templated":true}]}}