{"id":24250,"date":"2025-09-11T19:33:01","date_gmt":"2025-09-11T15:33:01","guid":{"rendered":"https:\/\/veteran.az\/?p=24250"},"modified":"2025-09-11T20:36:13","modified_gmt":"2025-09-11T16:36:13","slug":"avmvib-in-11-sentyabr-2025-ci-il-tarixli-b%c9%99yanati","status":"publish","type":"post","link":"https:\/\/veteran.az\/?p=24250","title":{"rendered":"AVMV\u0130B-in 11 sentyabr 2025-ci il tarixli b\u0259yanat\u0131"},"content":{"rendered":"\n<p>Son g\u00fcnl\u0259r \u201cX\u0259z\u0259r TV\u201dd\u0259 yay\u0131mlanm\u0131\u015f s\u00fcjetd\u0259 Az\u0259rbaycan V\u0259t\u0259n M\u00fcharib\u0259si Veteranlar\u0131 \u0130ctimai Birliyinin (AVMV\u0130B) ad\u0131 ictimaiyy\u0259td\u0259 \u00e7a\u015fq\u0131nl\u0131q do\u011fura bil\u0259c\u0259k kontekstd\u0259 halland\u0131r\u0131lm\u0131\u015f v\u0259 bu, t\u0259\u015fkilat\u0131m\u0131z\u0131n n\u00fcfuzuna ciddi x\u0259l\u0259l g\u0259tirmi\u015fdir. Bununla ba\u011fl\u0131 m\u00f6vqeyimizi bildirm\u0259yi vacib say\u0131r\u0131q.<\/p>\n\n\n\n<p>AVMV\u0130B 1994-c\u00fc ilin 24 iyul tarixind\u0259 t\u0259sis edilmi\u015f, 26 avqust 1994-c\u00fc ild\u0259 is\u0259 \u018fdliyy\u0259 Nazirliyind\u0259 d\u00f6vl\u0259t qeydiyyat\u0131na al\u0131nm\u0131\u015f r\u0259smi ictimai birlikdir. T\u0259\u015fkilat\u0131m\u0131z 31 illik f\u0259aliyy\u0259ti d\u00f6vr\u00fcnd\u0259 Az\u0259rbaycan\u0131n \u0259razi b\u00fct\u00f6vl\u00fcy\u00fc u\u011frunda d\u00f6y\u00fc\u015fm\u00fc\u015f minl\u0259rl\u0259 m\u00fcharib\u0259 i\u015ftirak\u00e7\u0131s\u0131n\u0131 bir araya g\u0259tir\u0259n, d\u00f6vl\u0259t\u00e7ilik v\u0259 v\u0259t\u0259np\u0259rv\u0259rlik prinsipl\u0259ri \u0259sas\u0131nda f\u0259aliyy\u0259t g\u00f6st\u0259r\u0259n n\u00fcfuzlu bir qurum kimi formala\u015fm\u0131\u015fd\u0131r.<\/p>\n\n\n\n<p>AVMV\u0130B t\u0259r\u0259find\u0259n vaxtil\u0259 t\u0259qdim olunan tan\u0131tma v\u0259 yubiley ni\u015fanlar\u0131 he\u00e7 bir h\u00fcquqi v\u0259 ya imtiyaz verm\u0259y\u0259n, yaln\u0131z t\u0259\u015fkilat \u00fczvl\u0259ri v\u0259 \u0259m\u0259kda\u015fl\u0131q g\u00f6st\u0259rmi\u015f \u015f\u0259xsl\u0259r \u00fc\u00e7\u00fcn haz\u0131rlanm\u0131\u015f simvolik t\u0259\u015f\u0259kk\u00fcr ni\u015fanlar\u0131d\u0131r. Bu ni\u015fanlar\u0131n \u00fcz\u0259rind\u0259 t\u0259\u015fkilat\u0131n loqosu, ad\u0131 v\u0259 r\u0259smi t\u0259sis tarixi ayd\u0131n \u015f\u0259kild\u0259 g\u00f6st\u0259rilmi\u015fdir. T\u0259\u015fkilat\u0131m\u0131z bu ni\u015fanlar\u0131 he\u00e7 vaxt d\u00f6vl\u0259t t\u0259ltifi kimi t\u0259qdim etm\u0259mi\u015f, onlar\u0131n yaln\u0131z ictimai status da\u015f\u0131d\u0131\u011f\u0131n\u0131 d\u0259f\u0259l\u0259rl\u0259 b\u0259yan etmi\u015fdir.<\/p>\n\n\n\n<p>Qeyd etm\u0259k ist\u0259rdik ki, AVMV\u0130B t\u0259r\u0259find\u0259n bu c\u00fcr ni\u015fanlar\u0131n t\u0259qdimat\u0131 art\u0131q t\u0259xmin\u0259n 2 ildir ki, dayand\u0131r\u0131lm\u0131\u015fd\u0131r. Bu s\u0259b\u0259bd\u0259n d\u0259 bu g\u00fcn h\u0259min m\u0259s\u0259l\u0259nin yenid\u0259n g\u00fcnd\u0259m\u0259 g\u0259tirilm\u0259si, x\u00fcsusil\u0259 d\u0259 t\u0259\u015fkilat\u0131m\u0131z\u0131n ad\u0131n\u0131 qeyd etm\u0259kl\u0259 s\u00fcjetd\u0259 t\u0259qdim olunmas\u0131 obyektivlikd\u0259n uzaqd\u0131r v\u0259 ictimai r\u0259y\u0259 y\u00f6n verilm\u0259si q\u0259r\u0259zli yana\u015fma t\u0259s\u0259vv\u00fcr\u00fc yarad\u0131r.<\/p>\n\n\n\n<p>Qeyd edil\u0259n s\u00fcjetd\u0259 t\u0259\u015fkilat\u0131m\u0131z\u0131n ad\u0131n\u0131n bel\u0259 bir kontekstd\u0259 halland\u0131r\u0131lmas\u0131 bizi ciddi \u015f\u0259kild\u0259 narahat etmi\u015f v\u0259 t\u0259\u015fkilat\u0131m\u0131z\u0131n ictimai n\u00fcfuzuna m\u0259nfi t\u0259sir g\u00f6st\u0259rmi\u015fdir. Bu c\u00fcr yanl\u0131\u015fl\u0131qlar v\u0259 m\u0259qs\u0259dli t\u0259qdimatlar \u00f6lk\u0259mizin m\u00fcharib\u0259 veteranlar\u0131n\u0131n t\u0259\u015fkilatlanmas\u0131 v\u0259 onlar\u0131n v\u0259t\u0259np\u0259rv\u0259rlik ruhunun formala\u015fd\u0131r\u0131lmas\u0131nda m\u00fch\u00fcm rol oynayan bir qurumun f\u0259aliyy\u0259tini k\u00f6lg\u0259 alt\u0131na alma\u011fa y\u00f6n\u0259lik kimi qiym\u0259tl\u0259ndiril\u0259 bil\u0259r.<\/p>\n\n\n\n<p>Biz bir daha bildiririk ki, AVMV\u0130B daim d\u00f6vl\u0259timizin v\u0259 M\u00fcz\u0259ff\u0259r Ali Ba\u015f Komandan c\u0259nab \u0130lham \u018fliyevin \u0259traf\u0131nda s\u0131x birl\u0259\u015fmi\u015f, Ulu \u00d6nd\u0259r Heyd\u0259r \u018fliyevin siyasi x\u0259ttin\u0259 sadiq, \u015f\u0259ffaf v\u0259 h\u00fcquqi \u0259saslarla f\u0259aliyy\u0259t g\u00f6st\u0259r\u0259n bir t\u0259\u015fkilatd\u0131r. Qaraba\u011f\u0131n azadl\u0131\u011f\u0131 v\u0259 \u00f6lk\u0259mizin \u0259razi b\u00fct\u00f6vl\u00fcy\u00fc namin\u0259 can\u0131ndan ke\u00e7mi\u015f q\u0259hr\u0259manlar\u0131n ail\u0259l\u0259ri, yaral\u0131 d\u00f6y\u00fc\u015f\u00e7\u00fcl\u0259r v\u0259 veteranlar bizim \u0259sas f\u0259aliyy\u0259t istiqam\u0259timizd\u0259dir.<\/p>\n\n\n\n<p>AVMV\u0130B olaraq, h\u0259r zaman d\u00f6vl\u0259t orqanlar\u0131 il\u0259 \u0259m\u0259kda\u015fl\u0131\u011fa a\u00e7\u0131q oldu\u011fumuzu, h\u0259r hans\u0131 sual v\u0259 ya qeyri-m\u00fc\u0259yy\u0259nlik yarand\u0131qda qar\u015f\u0131l\u0131ql\u0131 h\u00f6rm\u0259t v\u0259 \u0259m\u0259kda\u015fl\u0131q \u0259sas\u0131nda ayd\u0131nla\u015fd\u0131r\u0131lmas\u0131n\u0131n daha m\u0259qs\u0259d\u0259uy\u011fun oldu\u011funu bildiririk.<\/p>\n\n\n\n<p>H\u00f6rm\u0259tl\u0259,<br>Az\u0259rbaycan V\u0259t\u0259n M\u00fcharib\u0259si Veteranlar\u0131 \u0130ctimai Birliyinin \u0130dar\u0259 Hey\u0259ti ad\u0131ndan &#8212; \u0130ctimai Birliyin s\u0259dri<br>F\u00fczuli Rzaquliyev<br>11 sentyabr 2025-ci il<br>Bak\u0131 \u015f\u0259h\u0259ri<\/p>\n","protected":false},"excerpt":{"rendered":"<p>Son g\u00fcnl\u0259r \u201cX\u0259z\u0259r TV\u201dd\u0259 yay\u0131mlanm\u0131\u015f s\u00fcjetd\u0259 Az\u0259rbaycan V\u0259t\u0259n M\u00fcharib\u0259si Veteranlar\u0131 \u0130ctimai Birliyinin (AVMV\u0130B) ad\u0131 ictimaiyy\u0259td\u0259&#8230;<\/p>\n","protected":false},"author":3,"featured_media":22039,"comment_status":"closed","ping_status":"closed","sticky":false,"template":"","format":"standard","meta":{"footnotes":""},"categories":[10],"tags":[],"class_list":["post-24250","post","type-post","status-publish","format-standard","has-post-thumbnail","hentry","category-avmvib"],"featured_image_urls":{"full":["https:\/\/veteran.az\/wp-content\/uploads\/2023\/12\/avmvib_sedri_-scaled.jpg",2560,1576,false],"thumbnail":["https:\/\/veteran.az\/wp-content\/uploads\/2023\/12\/avmvib_sedri_-300x185.jpg",150,93,true],"medium":["https:\/\/veteran.az\/wp-content\/uploads\/2023\/12\/avmvib_sedri_-700x431.jpg",300,185,true],"medium_large":["https:\/\/veteran.az\/wp-content\/uploads\/2023\/12\/avmvib_sedri_-768x473.jpg",640,394,true],"large":["https:\/\/veteran.az\/wp-content\/uploads\/2023\/12\/avmvib_sedri_-999x615.jpg",640,394,true],"1536x1536":["https:\/\/veteran.az\/wp-content\/uploads\/2023\/12\/avmvib_sedri_-1536x946.jpg",1536,946,true],"2048x2048":["https:\/\/veteran.az\/wp-content\/uploads\/2023\/12\/avmvib_sedri_-2048x1261.jpg",2048,1261,true],"covernews-slider-full":["https:\/\/veteran.az\/wp-content\/uploads\/2023\/12\/avmvib_sedri_-1115x715.jpg",1115,715,true],"covernews-slider-center":["https:\/\/veteran.az\/wp-content\/uploads\/2023\/12\/avmvib_sedri_-800x500.jpg",800,500,true],"covernews-featured":["https:\/\/veteran.az\/wp-content\/uploads\/2023\/12\/avmvib_sedri_-1024x630.jpg",1024,630,true],"covernews-medium":["https:\/\/veteran.az\/wp-content\/uploads\/2023\/12\/avmvib_sedri_-540x340.jpg",540,340,true],"covernews-medium-square":["https:\/\/veteran.az\/wp-content\/uploads\/2023\/12\/avmvib_sedri_-400x250.jpg",400,250,true]},"author_info":{"display_name":"Veteran.az","author_link":"https:\/\/veteran.az\/?author=3"},"category_info":"<a href=\"https:\/\/veteran.az\/?cat=10\" rel=\"category\">AVMV\u0130B<\/a>","tag_info":"AVMV\u0130B","comment_count":"0","_links":{"self":[{"href":"https:\/\/veteran.az\/index.php?rest_route=\/wp\/v2\/posts\/24250","targetHints":{"allow":["GET"]}}],"collection":[{"href":"https:\/\/veteran.az\/index.php?rest_route=\/wp\/v2\/posts"}],"about":[{"href":"https:\/\/veteran.az\/index.php?rest_route=\/wp\/v2\/types\/post"}],"author":[{"embeddable":true,"href":"https:\/\/veteran.az\/index.php?rest_route=\/wp\/v2\/users\/3"}],"replies":[{"embeddable":true,"href":"https:\/\/veteran.az\/index.php?rest_route=%2Fwp%2Fv2%2Fcomments&post=24250"}],"version-history":[{"count":2,"href":"https:\/\/veteran.az\/index.php?rest_route=\/wp\/v2\/posts\/24250\/revisions"}],"predecessor-version":[{"id":24253,"href":"https:\/\/veteran.az\/index.php?rest_route=\/wp\/v2\/posts\/24250\/revisions\/24253"}],"wp:featuredmedia":[{"embeddable":true,"href":"https:\/\/veteran.az\/index.php?rest_route=\/wp\/v2\/media\/22039"}],"wp:attachment":[{"href":"https:\/\/veteran.az\/index.php?rest_route=%2Fwp%2Fv2%2Fmedia&parent=24250"}],"wp:term":[{"taxonomy":"category","embeddable":true,"href":"https:\/\/veteran.az\/index.php?rest_route=%2Fwp%2Fv2%2Fcategories&post=24250"},{"taxonomy":"post_tag","embeddable":true,"href":"https:\/\/veteran.az\/index.php?rest_route=%2Fwp%2Fv2%2Ftags&post=24250"}],"curies":[{"name":"wp","href":"https:\/\/api.w.org\/{rel}","templated":true}]}}