{"id":24236,"date":"2025-09-06T00:39:36","date_gmt":"2025-09-05T20:39:36","guid":{"rendered":"https:\/\/veteran.az\/?p=24236"},"modified":"2025-09-06T00:39:36","modified_gmt":"2025-09-05T20:39:36","slug":"avmvib-l%c9%99nk%c9%99ran-rayonunda-t%c9%99dbir-kecirdi","status":"publish","type":"post","link":"https:\/\/veteran.az\/?p=24236","title":{"rendered":"AVMV\u0130B L\u0259nk\u0259ran rayonunda t\u0259dbir ke\u00e7irdi"},"content":{"rendered":"\n<p>Az\u0259rbaycan V\u0259t\u0259n M\u00fcharib\u0259si Veteranlar\u0131 \u0130ctimai Birliyi (AVMV\u0130B) L\u0259nk\u0259ran rayonunda Az\u0259rbaycan Respublikas\u0131n\u0131n Qeyri-H\u00f6k\u00fcm\u0259t T\u0259\u015fkilatlar\u0131na D\u00f6vl\u0259t D\u0259st\u0259yi Agentliyinin maliyy\u0259 d\u0259st\u0259yil\u0259 \u201cM\u00fcharib\u0259 veteranlar\u0131n\u0131n h\u00fcquqi maarifl\u0259ndirilm\u0259si\u201d layih\u0259si \u00e7\u0259r\u00e7iv\u0259sind\u0259 bir qrup m\u00fcharib\u0259 i\u015ftirak\u00e7\u0131lar\u0131 il\u0259 g\u00f6r\u00fc\u015f ke\u00e7irilib. L\u0259nk\u0259ran \u015f\u0259h\u0259r Veteranlar Klubunda ba\u015f tutan t\u0259dbir Az\u0259rbaycan D\u00f6vl\u0259t Himninin s\u0259sl\u0259ndirilm\u0259si v\u0259 V\u0259t\u0259n u\u011frunda canlar\u0131n\u0131 f\u0259da ed\u0259n \u015f\u0259hidl\u0259rimizin \u0259ziz xatir\u0259sinin bir d\u0259qiq\u0259lik s\u00fckutla yad edilm\u0259si il\u0259&nbsp; ba\u015flad\u0131 . G\u00f6r\u00fc\u015fd\u0259 AVMV\u0130B s\u0259drinin birinci m\u00fcavini, layih\u0259 r\u0259hb\u0259ri Vahid Abdur\u0259hmanov, AVMV\u0130B NTK s\u0259dri Niyazi Quliyev, Humanitar \u015f\u00f6b\u0259nin m\u00fcdiri \u018fhli H\u0259biyev, L\u0259nk\u0259ran rayon \u015f\u00f6b\u0259sinin s\u0259dri \u0130lham Qurbanov, L\u0259nk\u0259ran rayon \u015f\u00f6b\u0259sinin s\u0259dr m\u00fcavini Saleh Dostiyev, m\u00fcharib\u0259 veteranlar\u0131 v\u0259 qazil\u0259r i\u015ftirak edirdil\u0259r.<\/p>\n\n\n\n<p>Az\u0259rbaycan V\u0259t\u0259n M\u00fcharib\u0259si Veteranlar\u0131 \u0130ctimai Birliyi s\u0259drinin birinci m\u00fcavini, layih\u0259 r\u0259hb\u0259ri Vahid Abdur\u0259hmanov t\u0259dbir i\u015ftirak\u00e7\u0131lar\u0131n\u0131 m\u0259lumatland\u0131raraq bildirdi ki, layih\u0259nin \u0259sas m\u0259qs\u0259di torpaqlar\u0131m\u0131z\u0131n \u0259razi b\u00fct\u00f6vl\u00fcy\u00fc u\u011frunda erm\u0259ni i\u015f\u011fal\u00e7\u0131lar\u0131na qar\u015f\u0131 m\u0259rdlikl\u0259 d\u00f6y\u00fc\u015fm\u00fc\u015f I v\u0259 II Qaraba\u011f m\u00fcharib\u0259sind\u0259 i\u015ftirak etmi\u015f veteranlar\u0131n h\u00fcquqi maarifl\u0259ndirim\u0259si, onlar\u0131n yerl\u0259rd\u0259 \u00fczl\u0259\u015fdikl\u0259ri sosial probleml\u0259r v\u0259 onlar\u0131n h\u0259lli yollar\u0131n\u0131n ara\u015fd\u0131r\u0131lmas\u0131, el\u0259c\u0259 d\u0259 layih\u0259 \u00e7\u0259r\u00e7iv\u0259sind\u0259 ehtiyac\u0131 olan m\u00fcharib\u0259 veteranlar\u0131na h\u00fcquqi yard\u0131mlar g\u00f6st\u0259rm\u0259k v\u0259 onlara d\u0259st\u0259k olmaqdan ibar\u0259tdir.<\/p>\n\n\n\n<p>\u00c7\u0131x\u0131\u015f ed\u0259n Niyazi Quliyev bildirdiki, m\u0259qs\u0259dimiz m\u00fcharib\u0259 veteranlar\u0131n\u0131n \u00fczl\u0259\u015fdikl\u0259ri sosial v\u0259 h\u00fcquqi probleml\u0259rin \u00f6yr\u0259nilm\u0259si, onlar\u0131n h\u0259llin\u0259 d\u0259st\u0259k g\u00f6st\u0259rilm\u0259si, ehtiyac\u0131 olanlara is\u0259 birba\u015fa h\u00fcquqi yard\u0131m\u0131n t\u0259\u015fkil edilm\u0259sidir. Humanitar \u015f\u00f6b\u0259nin m\u00fcdiri \u018fhli H\u0259biyev \u00e7\u0131x\u0131\u015f ed\u0259r\u0259k bildirdi ki, biz m\u00fcharib\u0259 veteranlar\u0131n\u0131 h\u00fcquqi c\u0259h\u0259td\u0259n maarifl\u0259ndirm\u0259k, probleml\u0259rin h\u0259llind\u0259 onlara yard\u0131m\u00e7\u0131 olmaq, veteranlar\u0131n birg\u0259 s\u0259yil\u0259 probleml\u0259ri \u00fcz\u0259 \u00e7\u0131xarma\u011f\u0131n yollar\u0131n\u0131 ara\u015fd\u0131rma\u011f\u0131 qar\u015f\u0131ya m\u0259qs\u0259d kimi qoymu\u015fuq. L\u0259nk\u0259ran rayon \u015f\u00f6b\u0259sinin s\u0259dri \u0130lham Qurbanov \u00e7\u0131x\u0131\u015f ed\u0259r\u0259k bildirdi ki, bu g\u00fcn\u0259 kimi veteran v\u0259siq\u0259si ala bilm\u0259y\u0259n ke\u00e7mi\u015f d\u00f6y\u00fc\u015f\u00e7\u00fcl\u0259r\u0259 veteran v\u0259siq\u0259sinin al\u0131nmas\u0131 \u00fc\u00e7\u00fcn laz\u0131mi s\u0259n\u0259dl\u0259rin toplan\u0131lmas\u0131nda k\u00f6m\u0259klikl\u0259r g\u00f6st\u0259ril\u0259c\u0259k. O, bu \u015f\u0259raiti yaratd\u0131qlar\u0131na g\u00f6r\u0259 Az\u0259rbaycan Respublikas\u0131n\u0131n Qeyri-H\u00f6kum\u0259t T\u0259\u015fkilatlar\u0131na D\u00f6vl\u0259t D\u0259st\u0259yi Agentliyin\u0259 L\u0259nk\u0259ran veteranlar\u0131 ad\u0131ndan \u00f6z minn\u0259tdarl\u0131\u011f\u0131n\u0131 \u00e7atd\u0131rd\u0131.<\/p>\n\n\n\n<p>Sonda t\u0259dbir i\u015ftirak\u00e7\u0131lar\u0131 il\u0259 xatir\u0259 \u015f\u0259kili \u00e7\u0259kildi.<\/p>\n\n\n\n<p><strong>AVMV\u0130B-in M\u0259tbuat xidm\u0259ti<\/strong><\/p>\n\n\n\n<a href=\"https:\/\/postimg.cc\/xqsDQwsN\" target=\"_blank\"><img decoding=\"async\" src=\"https:\/\/i.postimg.cc\/zXNJC5K7\/342e3.jpg\" alt=\"342e3\"\/><\/a><br\/><br\/>\n<a href=\"https:\/\/postimg.cc\/VdGY7ryT\" target=\"_blank\"><img decoding=\"async\" src=\"https:\/\/i.postimg.cc\/MpxvpV9W\/IMG-9714.jpg\" alt=\"IMG-9714\"\/><\/a><br\/><br\/>\n<a href=\"https:\/\/postimg.cc\/nj28Cgp5\" target=\"_blank\"><img decoding=\"async\" src=\"https:\/\/i.postimg.cc\/d3PJScXq\/IMG-9717.jpg\" alt=\"IMG-9717\"\/><\/a><br\/><br\/>\n<a href=\"https:\/\/postimg.cc\/bGf4LpvW\" target=\"_blank\"><img decoding=\"async\" src=\"https:\/\/i.postimg.cc\/W4djN4cN\/IMG-9747.jpg\" alt=\"IMG-9747\"\/><\/a><br\/><br\/>\n<a href=\"https:\/\/postimg.cc\/gXYQFs8K\" target=\"_blank\"><img decoding=\"async\" src=\"https:\/\/i.postimg.cc\/pT8Hj1d3\/IMG-9762.jpg\" alt=\"IMG-9762\"\/><\/a><br\/><br\/>\n<a href=\"https:\/\/postimg.cc\/9RC5XC5Z\" target=\"_blank\"><img decoding=\"async\" src=\"https:\/\/i.postimg.cc\/W3J2n15W\/IMG-9771.jpg\" alt=\"IMG-9771\"\/><\/a><br\/><br\/>\n<a href=\"https:\/\/postimg.cc\/Zv5G3Hqq\" target=\"_blank\"><img decoding=\"async\" src=\"https:\/\/i.postimg.cc\/sxYsk0d5\/IMG-9778-1.jpg\" alt=\"IMG-9778-1\"\/><\/a><br\/><br\/>\n","protected":false},"excerpt":{"rendered":"<p>Az\u0259rbaycan V\u0259t\u0259n M\u00fcharib\u0259si Veteranlar\u0131 \u0130ctimai Birliyi (AVMV\u0130B) L\u0259nk\u0259ran rayonunda Az\u0259rbaycan Respublikas\u0131n\u0131n Qeyri-H\u00f6k\u00fcm\u0259t T\u0259\u015fkilatlar\u0131na D\u00f6vl\u0259t D\u0259st\u0259yi&#8230;<\/p>\n","protected":false},"author":3,"featured_media":24237,"comment_status":"closed","ping_status":"closed","sticky":false,"template":"","format":"standard","meta":{"footnotes":""},"categories":[10],"tags":[],"class_list":["post-24236","post","type-post","status-publish","format-standard","has-post-thumbnail","hentry","category-avmvib"],"featured_image_urls":{"full":["https:\/\/veteran.az\/wp-content\/uploads\/2025\/09\/342e3.jpg",2400,1600,false],"thumbnail":["https:\/\/veteran.az\/wp-content\/uploads\/2025\/09\/342e3-150x100.jpg",150,100,true],"medium":["https:\/\/veteran.az\/wp-content\/uploads\/2025\/09\/342e3-300x200.jpg",300,200,true],"medium_large":["https:\/\/veteran.az\/wp-content\/uploads\/2025\/09\/342e3-768x512.jpg",640,427,true],"large":["https:\/\/veteran.az\/wp-content\/uploads\/2025\/09\/342e3-1024x683.jpg",640,427,true],"1536x1536":["https:\/\/veteran.az\/wp-content\/uploads\/2025\/09\/342e3-1536x1024.jpg",1536,1024,true],"2048x2048":["https:\/\/veteran.az\/wp-content\/uploads\/2025\/09\/342e3-2048x1365.jpg",2048,1365,true],"covernews-slider-full":["https:\/\/veteran.az\/wp-content\/uploads\/2025\/09\/342e3-1115x715.jpg",1115,715,true],"covernews-slider-center":["https:\/\/veteran.az\/wp-content\/uploads\/2025\/09\/342e3-800x500.jpg",800,500,true],"covernews-featured":["https:\/\/veteran.az\/wp-content\/uploads\/2025\/09\/342e3-1024x683.jpg",1024,683,true],"covernews-medium":["https:\/\/veteran.az\/wp-content\/uploads\/2025\/09\/342e3-540x340.jpg",540,340,true],"covernews-medium-square":["https:\/\/veteran.az\/wp-content\/uploads\/2025\/09\/342e3-400x250.jpg",400,250,true]},"author_info":{"display_name":"Veteran.az","author_link":"https:\/\/veteran.az\/?author=3"},"category_info":"<a href=\"https:\/\/veteran.az\/?cat=10\" rel=\"category\">AVMV\u0130B<\/a>","tag_info":"AVMV\u0130B","comment_count":"0","_links":{"self":[{"href":"https:\/\/veteran.az\/index.php?rest_route=\/wp\/v2\/posts\/24236","targetHints":{"allow":["GET"]}}],"collection":[{"href":"https:\/\/veteran.az\/index.php?rest_route=\/wp\/v2\/posts"}],"about":[{"href":"https:\/\/veteran.az\/index.php?rest_route=\/wp\/v2\/types\/post"}],"author":[{"embeddable":true,"href":"https:\/\/veteran.az\/index.php?rest_route=\/wp\/v2\/users\/3"}],"replies":[{"embeddable":true,"href":"https:\/\/veteran.az\/index.php?rest_route=%2Fwp%2Fv2%2Fcomments&post=24236"}],"version-history":[{"count":1,"href":"https:\/\/veteran.az\/index.php?rest_route=\/wp\/v2\/posts\/24236\/revisions"}],"predecessor-version":[{"id":24238,"href":"https:\/\/veteran.az\/index.php?rest_route=\/wp\/v2\/posts\/24236\/revisions\/24238"}],"wp:featuredmedia":[{"embeddable":true,"href":"https:\/\/veteran.az\/index.php?rest_route=\/wp\/v2\/media\/24237"}],"wp:attachment":[{"href":"https:\/\/veteran.az\/index.php?rest_route=%2Fwp%2Fv2%2Fmedia&parent=24236"}],"wp:term":[{"taxonomy":"category","embeddable":true,"href":"https:\/\/veteran.az\/index.php?rest_route=%2Fwp%2Fv2%2Fcategories&post=24236"},{"taxonomy":"post_tag","embeddable":true,"href":"https:\/\/veteran.az\/index.php?rest_route=%2Fwp%2Fv2%2Ftags&post=24236"}],"curies":[{"name":"wp","href":"https:\/\/api.w.org\/{rel}","templated":true}]}}