{"id":24222,"date":"2025-09-02T17:36:58","date_gmt":"2025-09-02T13:36:58","guid":{"rendered":"https:\/\/veteran.az\/?p=24222"},"modified":"2025-09-02T17:36:59","modified_gmt":"2025-09-02T13:36:59","slug":"fuzuli-rzaquliyev-prezidentin-cin%c9%99-s%c9%99f%c9%99ri-az%c9%99rbaycanin-strateji-movqeyini-daha-da-gucl%c9%99ndirdi","status":"publish","type":"post","link":"https:\/\/veteran.az\/?p=24222","title":{"rendered":"F\u00fczuli Rzaquliyev: \u00abPrezidentin \u00c7in\u0259 s\u0259f\u0259ri Az\u0259rbaycan\u0131n strateji m\u00f6vqeyini daha da g\u00fccl\u0259ndirdi\u00bb"},"content":{"rendered":"\n<p><em>Az\u0259rbaycan V\u0259t\u0259n M\u00fcharib\u0259si Veteranlar\u0131 \u0130ctimai Birliyinin (AVMVIB) s\u0259dri F\u00fczuli Rzaquliyev, Prezident \u0130lham \u018fliyevin \u00c7in Xalq Respublikas\u0131na tarixi s\u0259f\u0259rinin \u00f6lk\u0259miz \u00fc\u00e7\u00fcn siyasi, iqtisadi v\u0259 strateji \u0259h\u0259miyy\u0259tini \u015f\u0259rh etm\u0259k m\u0259qs\u0259dil\u0259 VETERAN.AZ sayt\u0131na m\u00fcsahib\u0259 vermi\u015fdir. F\u00fczuli Rzaquliyev m\u00fcsahib\u0259sind\u0259 s\u0259f\u0259rin iki \u00f6lk\u0259 aras\u0131nda \u0259laq\u0259l\u0259rin yeni m\u0259rh\u0259l\u0259y\u0259 q\u0259d\u0259m qoymas\u0131n\u0131n m\u00fch\u00fcm g\u00f6st\u0259rici oldu\u011funu, Az\u0259rbaycan\u0131n beyn\u0259lxalq m\u00f6vqeyinin m\u00f6hk\u0259ml\u0259nm\u0259sind\u0259ki rolunu v\u0259 regionda strateji \u0259m\u0259kda\u015fl\u0131\u011f\u0131n inki\u015faf\u0131n\u0131 \u0259trafl\u0131 \u015f\u0259rh etmi\u015fdir. H\u0259min m\u00fcsahib\u0259ni oxucular\u0131m\u0131z\u0131n diqq\u0259tin\u0259 \u00e7atd\u0131r\u0131r\u0131q.<\/em><\/p>\n\n\n\n<p><strong>Jurnalist:<\/strong>&nbsp;H\u00f6rm\u0259tli s\u0259dr, \u0259vv\u0259lc\u0259 sizi salamlay\u0131r\u0131q v\u0259 bu q\u0259d\u0259r g\u0259rgin i\u015f saat\u0131n\u0131n aras\u0131nda vaxt tap\u0131b bizi q\u0259bul etdiyiniz \u2014 m\u00fcsahib\u0259y\u0259 vaxt ay\u0131rd\u0131\u011f\u0131n\u0131z \u00fc\u00e7\u00fcn siz\u0259 \u00f6z ad\u0131m\u0131zdan v\u0259 oxucular\u0131m\u0131z ad\u0131ndan t\u0259\u015f\u0259kk\u00fcr\u00fcm\u00fcz\u00fc bildiririk.<\/p>\n\n\n\n<p><strong>F\u00fczuli Rzaquliyev:<\/strong>&nbsp;Dey\u0259s\u0259n m\u00fcsahib\u0259nin sonunda dey\u0259c\u0259yin s\u00f6zl\u0259ri \u0259vv\u0259ld\u0259 deyirs\u0259n? (g\u00fcl\u00fcr). S\u00f6zl\u0259rimd\u0259n incim\u0259 ha. M\u0259niml\u0259 m\u00fcharib\u0259d\u0259 d\u00f6y\u00fc\u015f\u0259nl\u0259r daha yax\u015f\u0131 bilirl\u0259r: h\u0259tta m\u00fcharib\u0259nin \u0259n q\u0131z\u011f\u0131n vaxtlar\u0131nda bel\u0259, \u0259sg\u0259rl\u0259ri ruhland\u0131rmaq \u00fc\u00e7\u00fcn onlarla zarafatla, bam\u0259z\u0259 t\u0259rzd\u0259 dan\u0131\u015f\u0131rd\u0131m ki, m\u0259\u015f\u0259qq\u0259tli v\u0259ziyy\u0259t onlar\u0131 s\u0131xmas\u0131n. H\u0259, bir d\u0259 ki, m\u0259nim qap\u0131m h\u0259mi\u015f\u0259 V\u0259t\u0259n o\u011fullar\u0131n\u0131n \u00fcz\u00fcn\u0259 a\u00e7\u0131qd\u0131r.<\/p>\n\n\n\n<p><strong>Jurnalist:<\/strong>&nbsp;Qap\u0131n\u0131z h\u0259mi\u015f\u0259 sevincli g\u00fcnl\u0259r\u0259 a\u00e7\u0131ls\u0131n. B\u0259li, F\u00fczuli m\u00fc\u0259llim, el\u0259dir. \u018fslind\u0259 jurnalistika da bir n\u00f6v c\u0259bh\u0259dir v\u0259 sava\u015f meydan\u0131na b\u0259nz\u0259tm\u0259k olar. Burada oxuculara h\u0259qiq\u0259ti \u00e7atd\u0131rmaq, onlar\u0131 m\u0259lumatland\u0131rmaq v\u0259 d\u00fc\u015f\u00fcnd\u00fcrm\u0259k \u00fc\u00e7\u00fcn eyni c\u0259sar\u0259t v\u0259 diqq\u0259t t\u0259l\u0259b olunur. Sizin d\u00f6y\u00fc\u015f t\u0259cr\u00fcb\u0259niz jurnalistikan\u0131n bu aspektini daha yax\u015f\u0131 anlay\u0131\u015fla qar\u015f\u0131laman\u0131za k\u00f6m\u0259k edir?<\/p>\n\n\n\n<p><strong>F\u00fczuli Rzaquliyev:<\/strong>&nbsp;Tamamil\u0259 do\u011frudur. M\u00fcharib\u0259d\u0259 qazand\u0131\u011f\u0131m t\u0259cr\u00fcb\u0259 m\u0259n\u0259 onu da \u00f6yr\u0259tdi ki, h\u0259m d\u00f6y\u00fc\u015fd\u0259, h\u0259m d\u0259 ictimai sah\u0259d\u0259 do\u011fru informasiya, d\u00fczg\u00fcn \u00fcslub v\u0259 d\u0259qiqlik h\u0259yati \u0259h\u0259miyy\u0259t da\u015f\u0131y\u0131r. H\u0259r iki sah\u0259d\u0259 insanlar\u0131 d\u00fczg\u00fcn istiqam\u0259tl\u0259ndirm\u0259k v\u0259 motivasiya etm\u0259k eyni q\u0259d\u0259r \u00f6n\u0259mlidir. Buyurun, sualla ke\u00e7\u0259k.<\/p>\n\n\n\n<p><strong>Jurnalist:<\/strong>&nbsp;F\u00fczuli m\u00fc\u0259llim, ilk sual\u0131m\u0131z bel\u0259dir. Bu g\u00fcn d\u00fcnyada ba\u015f ver\u0259n siyasi v\u0259 iqtisadi prosesl\u0259ri n\u0259z\u0259r\u0259 alsaq, Az\u0259rbaycan\u0131n atd\u0131\u011f\u0131 add\u0131mlar\u0131 nec\u0259 qiym\u0259tl\u0259ndirirsiniz?<\/p>\n\n\n\n<p><strong>F\u00fczuli Rzaquliyev:<\/strong>&nbsp;Az\u0259rbaycan\u0131n u\u011furlar\u0131 birba\u015fa Prezident \u0130lham \u018fliyevin uzaqg\u00f6r\u0259n v\u0259 q\u0259tiyy\u0259tli siyas\u0259ti il\u0259 ba\u011fl\u0131d\u0131r. D\u00f6vl\u0259timizin ba\u015f\u00e7\u0131s\u0131 \u00f6lk\u0259mizin h\u0259m regional, h\u0259m d\u0259 qlobal s\u0259viyy\u0259d\u0259 n\u00fcfuzunu art\u0131rmaqla yana\u015f\u0131, iqtisadi v\u0259 strateji layih\u0259l\u0259rd\u0259 \u00f6n\u0259mli rol oynay\u0131r.<\/p>\n\n\n\n<p><strong>Jurnalist:<\/strong>&nbsp;Prezident \u0130lham \u018fliyevin \u00c7in\u0259 s\u0259f\u0259ri il\u0259 ba\u011fl\u0131 fikirl\u0259riniz n\u0259dir?<\/p>\n\n\n\n<p><strong>F\u00fczuli Rzaquliyev:<\/strong>&nbsp;Bu s\u0259f\u0259r iki d\u00f6vl\u0259t aras\u0131nda \u0259laq\u0259l\u0259rin yeni m\u0259rh\u0259l\u0259y\u0259 q\u0259d\u0259m qoymas\u0131n\u0131n bariz n\u00fcmun\u0259sidir. \u00c7in il\u0259 Az\u0259rbaycan aras\u0131nda strateji t\u0259r\u0259fda\u015fl\u0131q daha da d\u0259rinl\u0259\u015fir, iqtisadi v\u0259 siyasi \u0259m\u0259kda\u015fl\u0131q geni\u015fl\u0259nir. Bu bilirsiniz n\u0259 dem\u0259kdir? Bu o dem\u0259kdir ki, \u00f6lk\u0259miz Orta D\u0259hliz, Bak\u0131-Tbilisi-Qars d\u0259mir yolu v\u0259 Trans-X\u0259z\u0259r mar\u015frutlar\u0131 il\u0259 tranzit potensial\u0131n\u0131 daha art\u0131r\u0131r, q\u0259dim \u0130p\u0259k Yolunu b\u0259rpa edir, Az\u0259rbaycan T\u00fcrk d\u00fcnyas\u0131n\u0131n qov\u015fa\u011f\u0131na \u00e7evrilir.<\/p>\n\n\n\n<p><strong>Jurnalist:<\/strong>&nbsp;\u00c7in\u0259 s\u0259f\u0259r Az\u0259rbaycan \u00fc\u00e7\u00fcn n\u0259 ifad\u0259 edir?<\/p>\n\n\n\n<p><strong>F\u00fczuli Rzaquliyev:<\/strong>&nbsp;Bu s\u0259f\u0259r Az\u0259rbaycan\u0131n strateji t\u0259r\u0259fda\u015flar\u0131n\u0131 g\u00fccl\u0259ndirir v\u0259 \u00f6lk\u0259mizin beyn\u0259lxalq m\u00f6vqeyini daha da m\u00f6hk\u0259ml\u0259ndirir.<\/p>\n\n\n\n<p><strong>Jurnalist:<\/strong>&nbsp;Xarici siyas\u0259t bax\u0131m\u0131ndan bu s\u0259f\u0259rin \u0259h\u0259miyy\u0259ti n\u0259d\u0259dir?<\/p>\n\n\n\n<p><strong>F\u00fczuli Rzaquliyev:<\/strong>&nbsp;Ali Ba\u015f Komandan\u0131m\u0131z \u0130lham \u018fliyev c\u0259nablar\u0131 \u00c7ini strateji t\u0259r\u0259fda\u015f hesab edir v\u0259 bu \u0259m\u0259kda\u015fl\u0131q iqtisadiyyat, enerji, n\u0259qliyyat, t\u0259hsil, m\u0259d\u0259niyy\u0259t v\u0259 dig\u0259r sah\u0259l\u0259ri \u0259hat\u0259 edir. Vizas\u0131z rejimin t\u0259tbiqi turizmin inki\u015faf\u0131na v\u0259 xalqlar aras\u0131nda \u0259laq\u0259l\u0259rin d\u0259rinl\u0259\u015fm\u0259sin\u0259 s\u0259b\u0259b olur. Az\u0259rbaycan regionda \u00c7inin etibarl\u0131 t\u0259r\u0259fda\u015f\u0131d\u0131r v\u0259 bu m\u00fcnasib\u0259tl\u0259r beyn\u0259lxalq s\u00fclh v\u0259 t\u0259hl\u00fck\u0259sizliy\u0259 t\u00f6hf\u0259 verir.<\/p>\n\n\n\n<p><strong>Jurnalist:<\/strong>&nbsp;Biznes m\u00fchtin\u0259 nec\u0259 t\u0259sir ed\u0259 bil\u0259r bu \u0259m\u0259kda\u015fl\u0131q?<\/p>\n\n\n\n<p><strong>F\u00fczuli Rzaquliyev:<\/strong>&nbsp;\u00c7inl\u0259 \u0259m\u0259kda\u015fl\u0131q iqtisadiyyat\u0131m\u0131za birba\u015fa t\u00f6hf\u0259 verir. X\u00fcsusil\u0259 ticar\u0259t sah\u0259sind\u0259, texnologiya v\u0259 elektronika m\u0259hsullar\u0131n\u0131n \u00f6lk\u0259y\u0259 g\u0259tirilm\u0259sind\u0259 imkanlar\u0131m\u0131z geni\u015fl\u0259nir. Bu, h\u0259m al\u0131c\u0131lar \u00fc\u00e7\u00fcn daha \u0259lveri\u015fli bazar yarad\u0131r, h\u0259m d\u0259 biznes m\u00fchitini inki\u015faf etdirir.<\/p>\n\n\n\n<p><strong>Jurnalist:<\/strong>&nbsp;S\u0259f\u0259rin \u0259h\u0259miyy\u0259tini \u00fcmumilikd\u0259 xalq\u0131m\u0131z \u00fc\u00e7\u00fcb nec\u0259 qiym\u0259tl\u0259ndirm\u0259k olar?<\/p>\n\n\n\n<p><strong>F\u00fczuli Rzaquliyev:<\/strong>&nbsp;\u0130lham \u018fliyev c\u0259nablar\u0131n\u0131n \u00c7in\u0259 s\u0259f\u0259ri Az\u0259rbaycan\u0131n xarici siyas\u0259tind\u0259 strateji \u0259h\u0259miyy\u0259t k\u0259sb ed\u0259n hadis\u0259dir. Bu s\u0259f\u0259r iki d\u00f6vl\u0259t aras\u0131nda m\u00fcnasib\u0259tl\u0259rin yeni m\u0259rh\u0259l\u0259y\u0259 q\u0259d\u0259m qoymas\u0131n\u0131n, qlobal iqtisadi v\u0259 n\u0259qliyyat \u0259m\u0259kda\u015fl\u0131\u011f\u0131n\u0131n m\u00f6hk\u0259ml\u0259nm\u0259sinin v\u0259 regionda \u00e7oxt\u0259r\u0259fli t\u0259r\u0259fda\u015fl\u0131\u011f\u0131n inki\u015faf\u0131n\u0131n bariz n\u00fcmun\u0259sidir.<\/p>\n\n\n\n<p><strong>Jurnalist:<\/strong>&nbsp;Sonuncu sual\u0131m. \u00c7in il\u0259 \u0259m\u0259kda\u015fl\u0131q Az\u0259rbaycan\u0131n beyn\u0259lxalq m\u00f6vqeyin\u0259 nec\u0259 t\u0259sir g\u00f6st\u0259r\u0259c\u0259k?<\/p>\n\n\n\n<p><strong>F\u00fczuli Rzaquliyev:<\/strong>&nbsp;Olduqca y\u00fcks\u0259k. B\u0259li. \u018fvv\u0259la, Az\u0259rbaycan \u00c7in Xalq Respublikas\u0131n\u0131n \u201cBir k\u0259m\u0259r, bir yol\u201d t\u0259\u015f\u0259bb\u00fcs\u00fcn\u00fc d\u0259st\u0259kl\u0259y\u0259n ilk \u00f6lk\u0259l\u0259rd\u0259ndir. Bu \u0259m\u0259kda\u015fl\u0131q say\u0259sind\u0259 Z\u0259ng\u0259zur d\u0259hlizi h\u0259m Orta D\u0259hliz, h\u0259m d\u0259 \u015eimal-C\u0259nub mar\u015frutunun vacib hiss\u0259sin\u0259 \u00e7evril\u0259c\u0259k. Bizim n\u00f6vb\u0259ti h\u0259d\u0259fimiz m\u0259hz Z\u0259ng\u0259zur d\u0259hlizidir. Biz \u2014 Az\u0259rbaycan V\u0259t\u0259n M\u00fcharib\u0259si Veteranlar\u0131 \u0130ctimai Birliyi \u015fahidi oluruq ki, M\u00fcz\u0259ff\u0259r Ali Ba\u015f Komandan\u0131m\u0131z \u0130lham \u018fliyev c\u0259nablar\u0131 qar\u015f\u0131da duran v\u0259zif\u0259l\u0259ri t\u0259mkin v\u0259 s\u0259brl\u0259 h\u0259yata ke\u00e7irir v\u0259 biz onun bu siyas\u0259tini daim d\u0259st\u0259kl\u0259mi\u015fik v\u0259 bir daha b\u0259yan edirik ki, \u00e7oxminlik \u00fczvl\u0259rimizl\u0259 birg\u0259 onunla eyni c\u0259bh\u0259d\u0259 dayanm\u0131\u015f\u0131q v\u0259 h\u0259mi\u015f\u0259 yan\u0131nda olaca\u011f\u0131q.<\/p>\n\n\n\n<p><strong>Jurnalist:<\/strong>&nbsp;M\u00fcsahib\u0259niz \u00fc\u00e7\u00fcn siz\u0259 t\u0259\u015f\u0259kk\u00fcr edir\u0259m.<\/p>\n\n\n\n<p><strong>F\u00fczuli Rzaquliyev:<\/strong>&nbsp;M\u0259n d\u0259 siz\u0259 t\u0259\u015f\u0259kk\u00fcr edir\u0259m. Sa\u011f olun.<\/p>\n\n\n\n<p>M\u00fcsahib\u0259ni apard\u0131:<br>Nurlan M\u0259mm\u0259dli<\/p>\n\n\n\n<p><strong>AVMV\u0130B-in M\u0259tbuat xidm\u0259ti<\/strong><\/p>\n","protected":false},"excerpt":{"rendered":"<p>Az\u0259rbaycan V\u0259t\u0259n M\u00fcharib\u0259si Veteranlar\u0131 \u0130ctimai Birliyinin (AVMVIB) s\u0259dri F\u00fczuli Rzaquliyev, Prezident \u0130lham \u018fliyevin \u00c7in Xalq&#8230;<\/p>\n","protected":false},"author":3,"featured_media":22039,"comment_status":"closed","ping_status":"closed","sticky":false,"template":"","format":"standard","meta":{"footnotes":""},"categories":[10],"tags":[],"class_list":["post-24222","post","type-post","status-publish","format-standard","has-post-thumbnail","hentry","category-avmvib"],"featured_image_urls":{"full":["https:\/\/veteran.az\/wp-content\/uploads\/2023\/12\/avmvib_sedri_-scaled.jpg",2560,1576,false],"thumbnail":["https:\/\/veteran.az\/wp-content\/uploads\/2023\/12\/avmvib_sedri_-300x185.jpg",150,93,true],"medium":["https:\/\/veteran.az\/wp-content\/uploads\/2023\/12\/avmvib_sedri_-700x431.jpg",300,185,true],"medium_large":["https:\/\/veteran.az\/wp-content\/uploads\/2023\/12\/avmvib_sedri_-768x473.jpg",640,394,true],"large":["https:\/\/veteran.az\/wp-content\/uploads\/2023\/12\/avmvib_sedri_-999x615.jpg",640,394,true],"1536x1536":["https:\/\/veteran.az\/wp-content\/uploads\/2023\/12\/avmvib_sedri_-1536x946.jpg",1536,946,true],"2048x2048":["https:\/\/veteran.az\/wp-content\/uploads\/2023\/12\/avmvib_sedri_-2048x1261.jpg",2048,1261,true],"covernews-slider-full":["https:\/\/veteran.az\/wp-content\/uploads\/2023\/12\/avmvib_sedri_-1115x715.jpg",1115,715,true],"covernews-slider-center":["https:\/\/veteran.az\/wp-content\/uploads\/2023\/12\/avmvib_sedri_-800x500.jpg",800,500,true],"covernews-featured":["https:\/\/veteran.az\/wp-content\/uploads\/2023\/12\/avmvib_sedri_-1024x630.jpg",1024,630,true],"covernews-medium":["https:\/\/veteran.az\/wp-content\/uploads\/2023\/12\/avmvib_sedri_-540x340.jpg",540,340,true],"covernews-medium-square":["https:\/\/veteran.az\/wp-content\/uploads\/2023\/12\/avmvib_sedri_-400x250.jpg",400,250,true]},"author_info":{"display_name":"Veteran.az","author_link":"https:\/\/veteran.az\/?author=3"},"category_info":"<a href=\"https:\/\/veteran.az\/?cat=10\" rel=\"category\">AVMV\u0130B<\/a>","tag_info":"AVMV\u0130B","comment_count":"0","_links":{"self":[{"href":"https:\/\/veteran.az\/index.php?rest_route=\/wp\/v2\/posts\/24222","targetHints":{"allow":["GET"]}}],"collection":[{"href":"https:\/\/veteran.az\/index.php?rest_route=\/wp\/v2\/posts"}],"about":[{"href":"https:\/\/veteran.az\/index.php?rest_route=\/wp\/v2\/types\/post"}],"author":[{"embeddable":true,"href":"https:\/\/veteran.az\/index.php?rest_route=\/wp\/v2\/users\/3"}],"replies":[{"embeddable":true,"href":"https:\/\/veteran.az\/index.php?rest_route=%2Fwp%2Fv2%2Fcomments&post=24222"}],"version-history":[{"count":1,"href":"https:\/\/veteran.az\/index.php?rest_route=\/wp\/v2\/posts\/24222\/revisions"}],"predecessor-version":[{"id":24223,"href":"https:\/\/veteran.az\/index.php?rest_route=\/wp\/v2\/posts\/24222\/revisions\/24223"}],"wp:featuredmedia":[{"embeddable":true,"href":"https:\/\/veteran.az\/index.php?rest_route=\/wp\/v2\/media\/22039"}],"wp:attachment":[{"href":"https:\/\/veteran.az\/index.php?rest_route=%2Fwp%2Fv2%2Fmedia&parent=24222"}],"wp:term":[{"taxonomy":"category","embeddable":true,"href":"https:\/\/veteran.az\/index.php?rest_route=%2Fwp%2Fv2%2Fcategories&post=24222"},{"taxonomy":"post_tag","embeddable":true,"href":"https:\/\/veteran.az\/index.php?rest_route=%2Fwp%2Fv2%2Ftags&post=24222"}],"curies":[{"name":"wp","href":"https:\/\/api.w.org\/{rel}","templated":true}]}}