{"id":23782,"date":"2025-03-31T09:14:41","date_gmt":"2025-03-31T05:14:41","guid":{"rendered":"https:\/\/veteran.az\/?p=23782"},"modified":"2025-03-31T09:15:20","modified_gmt":"2025-03-31T05:15:20","slug":"fuzuli-rzaquliyev-31-mart-soyqirimi-xx-%c9%99srd%c9%99-b%c9%99s%c9%99riyy%c9%99t%c9%99-qarsi-tor%c9%99dil%c9%99n-%c9%99n-agir-cinay%c9%99tdir","status":"publish","type":"post","link":"https:\/\/veteran.az\/?p=23782","title":{"rendered":"F\u00fczuli Rzaquliyev: &#171;31 mart soyq\u0131r\u0131m\u0131 &#8212; XX \u0259srd\u0259 b\u0259\u015f\u0259riyy\u0259t\u0259 qar\u015f\u0131 t\u00f6r\u0259dil\u0259n \u0259n a\u011f\u0131r cinay\u0259tdir&#187;"},"content":{"rendered":"\n<div class=\"wp-block-media-text is-stacked-on-mobile\" style=\"grid-template-columns:20% auto\"><figure class=\"wp-block-media-text__media\"><img loading=\"lazy\" decoding=\"async\" width=\"975\" height=\"540\" src=\"https:\/\/veteran.az\/wp-content\/uploads\/2023\/07\/Rzaquliyev.jpg\" alt=\"\" class=\"wp-image-22041 size-full\" srcset=\"https:\/\/veteran.az\/wp-content\/uploads\/2023\/07\/Rzaquliyev.jpg 975w, https:\/\/veteran.az\/wp-content\/uploads\/2023\/07\/Rzaquliyev-700x388.jpg 700w, https:\/\/veteran.az\/wp-content\/uploads\/2023\/07\/Rzaquliyev-300x166.jpg 300w, https:\/\/veteran.az\/wp-content\/uploads\/2023\/07\/Rzaquliyev-768x425.jpg 768w\" sizes=\"auto, (max-width: 975px) 100vw, 975px\" \/><\/figure><div class=\"wp-block-media-text__content\">\n<p><strong>F\u00fczuli Rzaquliyev,<br><em>Az\u0259rbaycan V\u0259t\u0259n M\u00fcharib\u0259si Veteranlar\u0131 \u0130ctimai Birliyinin s\u0259dri<\/em><\/strong><\/p>\n\n\n\n<p><\/p>\n<\/div><\/div>\n\n\n\n<p><\/p>\n\n\n\n<p>Tarix boyu Az\u0259rbaycan xalq\u0131 s\u00fclhsev\u0259r v\u0259 multikultural d\u0259y\u0259rl\u0259r\u0259 sadiq olmu\u015f, m\u00fcxt\u0259lif mill\u0259tl\u0259rl\u0259 dostluq v\u0259 mehriban qon\u015fuluq \u015f\u0259raitind\u0259 ya\u015fam\u0131\u015fd\u0131r. Lakin t\u0259\u0259ss\u00fcf ki, xalq\u0131m\u0131z d\u0259f\u0259l\u0259rl\u0259 d\u00fc\u015fm\u0259n q\u00fcvv\u0259l\u0259rin amans\u0131z h\u00fccumlar\u0131na v\u0259 k\u00fctl\u0259vi q\u0131r\u011f\u0131nlar\u0131na m\u0259ruz qalm\u0131\u015fd\u0131r. 1918-ci il mart ay\u0131n\u0131n 30-31-d\u0259 Bak\u0131, \u015eamax\u0131, Quba, Qaraba\u011f, Nax\u00e7\u0131van v\u0259 L\u0259nk\u0259ran da daxil olmaqla Az\u0259rbaycan\u0131n m\u00fcxt\u0259lif b\u00f6lg\u0259l\u0259rind\u0259 bol\u015fevik-da\u015fnak birl\u0259\u015fm\u0259l\u0259ri t\u0259r\u0259find\u0259n t\u00f6r\u0259dil\u0259n soyq\u0131r\u0131m\u0131 XX \u0259srin \u0259n qanl\u0131 cinay\u0259tl\u0259rind\u0259n biridir.<\/p>\n\n\n\n<p>31 Mart soyq\u0131r\u0131m\u0131 zaman\u0131 erm\u0259ni da\u015fnaklar\u0131 v\u0259 bol\u015fevikl\u0259r dinc \u0259haliy\u0259 qar\u015f\u0131 x\u00fcsusi q\u0259ddarl\u0131q n\u00fcmayi\u015f etdirmi\u015f, minl\u0259rl\u0259 insan yaln\u0131z az\u0259rbaycanl\u0131 olduqlar\u0131na g\u00f6r\u0259 v\u0259h\u015fic\u0259sin\u0259 q\u0259tl\u0259 yetirilmi\u015fdir. Tarixi m\u0259nb\u0259l\u0259r\u0259 \u0259sas\u0259n, bu qanl\u0131 hadis\u0259l\u0259r zaman\u0131 t\u0259kc\u0259 Bak\u0131da 12 mind\u0259n \u00e7ox az\u0259rbaycanl\u0131 \u00f6ld\u00fcr\u00fclm\u00fc\u015f, \u015eamax\u0131da 7 mind\u0259n \u00e7ox insan, o c\u00fcml\u0259d\u0259n 1653 qad\u0131n v\u0259 965 u\u015faq q\u0259tl\u0259 yetirilmi\u015fdir. Quba b\u00f6lg\u0259sind\u0259 16 mind\u0259n \u00e7ox insan soyq\u0131r\u0131m\u0131n qurban\u0131 olmu\u015fdur. Quba \u015f\u0259h\u0259rind\u0259 a\u015fkarlanan k\u00fctl\u0259vi m\u0259zarl\u0131q erm\u0259ni quldurlar\u0131n\u0131n t\u00f6r\u0259tdikl\u0259ri v\u0259h\u015filikl\u0259rin a\u00e7\u0131q s\u00fcbutudur.<\/p>\n\n\n\n<p>Bu qanl\u0131 hadis\u0259l\u0259r t\u0259kc\u0259 Bak\u0131da deyil, Az\u0259rbaycan\u0131n dig\u0259r b\u00f6lg\u0259l\u0259rind\u0259 d\u0259 ba\u015f vermi\u015fdir. \u015eamax\u0131, Quba, Qaraba\u011f, Z\u0259ng\u0259zur, Nax\u00e7\u0131van v\u0259 L\u0259nk\u0259randa dinc \u0259hali x\u00fcsusi q\u0259ddarl\u0131qla m\u0259hv edilmi\u015f, ya\u015fay\u0131\u015f m\u0259nt\u0259q\u0259l\u0259ri yand\u0131r\u0131lm\u0131\u015f, m\u0259scidl\u0259r v\u0259 tarixi abid\u0259l\u0259r da\u011f\u0131d\u0131lm\u0131\u015fd\u0131r. M\u0259qs\u0259d is\u0259 ayd\u0131n idi \u2013 Az\u0259rbaycan xalq\u0131n\u0131 qorxutmaq, torpaqlar\u0131m\u0131zda erm\u0259ni d\u00f6vl\u0259tinin yarad\u0131lmas\u0131na \u015f\u0259rait yaratmaq.<\/p>\n\n\n\n<p>Uzun ill\u0259r bu d\u0259h\u015f\u0259tli cinay\u0259t haqq\u0131nda dan\u0131\u015fmaq qada\u011fan edilmi\u015f, tarixi h\u0259qiq\u0259tl\u0259r gizl\u0259dilmi\u015fdir. Lakin \u00dcmummilli Liderimiz Heyd\u0259r \u018fliyevin 1998-ci il 26 mart tarixli f\u0259rman\u0131 il\u0259 31 Mart \u2013 Az\u0259rbaycanl\u0131lar\u0131n Soyq\u0131r\u0131m\u0131 G\u00fcn\u00fc kimi elan edildi. Bu q\u0259rar tariximiz\u0259 verilmi\u015f m\u00fch\u00fcm qiym\u0259t olmaqla yana\u015f\u0131, d\u00fcnya ictimaiyy\u0259tin\u0259 bir \u00e7a\u011f\u0131r\u0131\u015f idi \u2013 insanl\u0131\u011fa qar\u015f\u0131 t\u00f6r\u0259dil\u0259n bu d\u0259h\u015f\u0259tli cinay\u0259t unudulmamal\u0131d\u0131r!<\/p>\n\n\n\n<p>Ali Ba\u015f Komandan\u0131m\u0131z v\u0259 Prezidentimiz \u0130lham \u018fliyev c\u0259nablar\u0131n\u0131n r\u0259hb\u0259rliyi il\u0259 Az\u0259rbaycan d\u00f6vl\u0259ti tarixi \u0259dal\u0259tin b\u0259rpa edilm\u0259si \u00fc\u00e7\u00fcn m\u00fch\u00fcm add\u0131mlar atmaqdad\u0131r. Az\u0259rbaycan h\u0259qiq\u0259tl\u0259rinin beyn\u0259lxalq ictimaiyy\u0259t\u0259 \u00e7atd\u0131r\u0131lmas\u0131 istiqam\u0259tind\u0259 ard\u0131c\u0131l f\u0259aliyy\u0259t h\u0259yata ke\u00e7irilir. Bu g\u00fcn Az\u0259rbaycan aliml\u0259ri, tarix\u00e7il\u0259ri v\u0259 t\u0259dqiqat\u00e7\u0131lar\u0131 erm\u0259ni vandalizmini s\u00fcbut ed\u0259n \u00e7oxsayl\u0131 faktlar\u0131 \u00fcz\u0259 \u00e7\u0131xar\u0131r v\u0259 d\u00fcnya ictimaiyy\u0259tinin diqq\u0259tin\u0259 \u00e7atd\u0131r\u0131rlar. Bu g\u00fcn biz qalib xalq kimi haqq s\u0259simizi d\u00fcnyaya \u00e7atd\u0131rmal\u0131, erm\u0259ni cinay\u0259tl\u0259rinin if\u015fas\u0131 \u00fc\u00e7\u00fcn f\u0259aliyy\u0259timizi davam etdirm\u0259liyik. Tarixi \u0259dal\u0259t gec-tez \u00f6z yerini tap\u0131r. Biz inan\u0131r\u0131q ki, Az\u0259rbaycan h\u0259qiq\u0259tl\u0259ri d\u00fcnya ictimaiyy\u0259ti t\u0259r\u0259find\u0259n tam q\u0259bul edil\u0259c\u0259k v\u0259 31 Mart soyq\u0131r\u0131m\u0131 b\u0259\u015f\u0259riyy\u0259t\u0259 qar\u015f\u0131 t\u00f6r\u0259dil\u0259n \u0259n a\u011f\u0131r cinay\u0259tl\u0259rd\u0259n biri kimi tan\u0131nacaq.<\/p>\n\n\n\n<p>Az\u0259rbaycan V\u0259t\u0259n M\u00fcharib\u0259si Veteranlar\u0131 \u0130ctimai Birliyi olaraq, biz 31 Mart soyq\u0131r\u0131m\u0131 qurbanlar\u0131n\u0131n xatir\u0259sini d\u0259rin h\u00fcznl\u0259 an\u0131r, onlar\u0131n ruhuna dualar oxuyur v\u0259 bir daha bildiririk ki, bu qanl\u0131 tarixi he\u00e7 vaxt unutmayaca\u011f\u0131q. Az\u0259rbaycan xalq\u0131 \u00f6z torpa\u011f\u0131n\u0131n sahibidir v\u0259 bu torpaqlarda bir daha bel\u0259 faci\u0259l\u0259rin ya\u015fanmamas\u0131 \u00fc\u00e7\u00fcn h\u0259r zaman ay\u0131q-say\u0131q olmal\u0131d\u0131r.<\/p>\n\n\n\n<p><strong>Haqq nazil\u0259r, amma \u00fcz\u00fclm\u0259z! Biz \u00f6z torpaqlar\u0131m\u0131z\u0131 azad etdik, tariximizi yazd\u0131q! Z\u0259ng\u0259zur d\u0259hlizind\u0259 g\u00f6r\u00fc\u015f\u0259n\u0259d\u0259k!<\/strong><\/p>\n","protected":false},"excerpt":{"rendered":"<p>F\u00fczuli Rzaquliyev,Az\u0259rbaycan V\u0259t\u0259n M\u00fcharib\u0259si Veteranlar\u0131 \u0130ctimai Birliyinin s\u0259dri Tarix boyu Az\u0259rbaycan xalq\u0131 s\u00fclhsev\u0259r v\u0259 multikultural&#8230;<\/p>\n","protected":false},"author":3,"featured_media":22039,"comment_status":"closed","ping_status":"closed","sticky":false,"template":"","format":"standard","meta":{"footnotes":""},"categories":[6],"tags":[],"class_list":["post-23782","post","type-post","status-publish","format-standard","has-post-thumbnail","hentry","category-cmiyyt"],"featured_image_urls":{"full":["https:\/\/veteran.az\/wp-content\/uploads\/2023\/12\/avmvib_sedri_-scaled.jpg",2560,1576,false],"thumbnail":["https:\/\/veteran.az\/wp-content\/uploads\/2023\/12\/avmvib_sedri_-300x185.jpg",150,93,true],"medium":["https:\/\/veteran.az\/wp-content\/uploads\/2023\/12\/avmvib_sedri_-700x431.jpg",300,185,true],"medium_large":["https:\/\/veteran.az\/wp-content\/uploads\/2023\/12\/avmvib_sedri_-768x473.jpg",640,394,true],"large":["https:\/\/veteran.az\/wp-content\/uploads\/2023\/12\/avmvib_sedri_-999x615.jpg",640,394,true],"1536x1536":["https:\/\/veteran.az\/wp-content\/uploads\/2023\/12\/avmvib_sedri_-1536x946.jpg",1536,946,true],"2048x2048":["https:\/\/veteran.az\/wp-content\/uploads\/2023\/12\/avmvib_sedri_-2048x1261.jpg",2048,1261,true],"covernews-slider-full":["https:\/\/veteran.az\/wp-content\/uploads\/2023\/12\/avmvib_sedri_-1115x715.jpg",1115,715,true],"covernews-slider-center":["https:\/\/veteran.az\/wp-content\/uploads\/2023\/12\/avmvib_sedri_-800x500.jpg",800,500,true],"covernews-featured":["https:\/\/veteran.az\/wp-content\/uploads\/2023\/12\/avmvib_sedri_-1024x630.jpg",1024,630,true],"covernews-medium":["https:\/\/veteran.az\/wp-content\/uploads\/2023\/12\/avmvib_sedri_-540x340.jpg",540,340,true],"covernews-medium-square":["https:\/\/veteran.az\/wp-content\/uploads\/2023\/12\/avmvib_sedri_-400x250.jpg",400,250,true]},"author_info":{"display_name":"Veteran.az","author_link":"https:\/\/veteran.az\/?author=3"},"category_info":"<a href=\"https:\/\/veteran.az\/?cat=6\" rel=\"category\">C\u0259miyy\u0259t<\/a>","tag_info":"C\u0259miyy\u0259t","comment_count":"0","_links":{"self":[{"href":"https:\/\/veteran.az\/index.php?rest_route=\/wp\/v2\/posts\/23782","targetHints":{"allow":["GET"]}}],"collection":[{"href":"https:\/\/veteran.az\/index.php?rest_route=\/wp\/v2\/posts"}],"about":[{"href":"https:\/\/veteran.az\/index.php?rest_route=\/wp\/v2\/types\/post"}],"author":[{"embeddable":true,"href":"https:\/\/veteran.az\/index.php?rest_route=\/wp\/v2\/users\/3"}],"replies":[{"embeddable":true,"href":"https:\/\/veteran.az\/index.php?rest_route=%2Fwp%2Fv2%2Fcomments&post=23782"}],"version-history":[{"count":2,"href":"https:\/\/veteran.az\/index.php?rest_route=\/wp\/v2\/posts\/23782\/revisions"}],"predecessor-version":[{"id":23784,"href":"https:\/\/veteran.az\/index.php?rest_route=\/wp\/v2\/posts\/23782\/revisions\/23784"}],"wp:featuredmedia":[{"embeddable":true,"href":"https:\/\/veteran.az\/index.php?rest_route=\/wp\/v2\/media\/22039"}],"wp:attachment":[{"href":"https:\/\/veteran.az\/index.php?rest_route=%2Fwp%2Fv2%2Fmedia&parent=23782"}],"wp:term":[{"taxonomy":"category","embeddable":true,"href":"https:\/\/veteran.az\/index.php?rest_route=%2Fwp%2Fv2%2Fcategories&post=23782"},{"taxonomy":"post_tag","embeddable":true,"href":"https:\/\/veteran.az\/index.php?rest_route=%2Fwp%2Fv2%2Ftags&post=23782"}],"curies":[{"name":"wp","href":"https:\/\/api.w.org\/{rel}","templated":true}]}}