{"id":23739,"date":"2025-02-27T16:37:00","date_gmt":"2025-02-27T12:37:00","guid":{"rendered":"https:\/\/veteran.az\/?p=23739"},"modified":"2025-02-27T16:49:12","modified_gmt":"2025-02-27T12:49:12","slug":"milli-q%c9%99hr%c9%99man-natiq-qasimovun-xatir%c9%99sin%c9%99-h%c9%99sr-olunmus-film-t%c9%99qdim-edilib","status":"publish","type":"post","link":"https:\/\/veteran.az\/?p=23739","title":{"rendered":"Milli Q\u0259hr\u0259man Natiq Qas\u0131movun xatir\u0259sin\u0259 h\u0259sr olunmu\u015f film t\u0259qdim edilib"},"content":{"rendered":"\n<p>27.02.2025<\/p>\n\n\n\n<p>Xocal\u0131 qurbanlar\u0131n\u0131n an\u0131m g\u00fcn\u00fcnd\u0259 Milli Q\u0259hr\u0259man Natiq Qas\u0131movun xatir\u0259sin\u0259 h\u0259sr olunmu\u015f portret film ictimaiyy\u0259t\u0259 t\u0259qdim olunub.<\/p>\n\n\n\n<p>T\u0259dbir Mahmud Ka\u015f\u011fari ad\u0131na Beyn\u0259lxalq Fondun V\u0259t\u0259nimizin \u0259razi b\u00fct\u00f6vl\u00fcy\u00fc u\u011frunda can\u0131ndan ke\u00e7mi\u015f V\u0259t\u0259n o\u011fullar\u0131n\u0131n \u0259ziz xatir\u0259sin\u0259 h\u0259sr olunmu\u015f silsil\u0259 portret filml\u0259ri layih\u0259si \u0259sas\u0131nda ba\u015f tutub.<\/p>\n\n\n\n<p>Layih\u0259nin m\u0259qs\u0259di g\u0259nc n\u0259slin v\u0259t\u0259np\u0259rv\u0259r ruhda t\u0259rbiy\u0259 olunmas\u0131, g\u0259ncl\u0259r\u0259 milli-m\u0259n\u0259vi d\u0259y\u0259rl\u0259rimizin t\u0259bli\u011fi, V\u0259t\u0259n\u0259 sevginin ideal n\u00fcmun\u0259si kimi \u015f\u0259hidl\u0259rin \u00f6rn\u0259k h\u0259yat\u0131n\u0131 i\u015f\u0131qland\u0131rmaq, kitab s\u0259hif\u0259l\u0259rind\u0259, film kadrlar\u0131nda \u0259b\u0259dil\u0259\u015fdirm\u0259kdir. Layih\u0259nin r\u0259hb\u0259ri Milli M\u0259clisin deputat\u0131, Mahmud Ka\u015f\u011fari ad\u0131na Beyn\u0259lxalq Fondun prezidenti Cavan\u015fir Feyziyevdir.<\/p>\n\n\n\n<p>Filmin ithaf olundu\u011fu q\u0259hr\u0259man Natiq S\u0259lim o\u011flu Qas\u0131mov 1971-ci ild\u0259 G\u0259d\u0259b\u0259y rayonunun Ki\u00e7ik Qaramuradl\u0131 k\u0259ndind\u0259 anadan olub. Birinci Qaraba\u011f m\u00fcharib\u0259si zaman\u0131 &#171;Qaraba\u011f \u015fahinl\u0259ri&#187; batalyonunun t\u0259rkibind\u0259 A\u011fdam-Xank\u0259ndi istiqam\u0259tind\u0259 d\u00f6y\u00fc\u015fl\u0259rd\u0259 misilsiz igidlik g\u00f6st\u0259rib.<\/p>\n\n\n\n<p>Natiq m\u00fcharib\u0259 zaman\u0131 be\u015f g\u00fcn t\u0259kba\u015f\u0131na m\u00fchasir\u0259d\u0259 qalsa da, erm\u0259nil\u0259r\u0259 m\u00fcqavim\u0259t g\u00f6st\u0259r\u0259r\u0259k t\u0259slim olmay\u0131b. Yaln\u0131z erm\u0259nil\u0259r onu Xocal\u0131da girov g\u00f6t\u00fcr\u00fcl\u0259n 22 sakini \u00f6ld\u00fcr\u0259c\u0259kl\u0259ri il\u0259 t\u0259hdid etdikd\u0259n sonra silah\u0131n\u0131 ataraq s\u0131\u011f\u0131nd\u0131\u011f\u0131 Alban kils\u0259sind\u0259n \u00e7\u0131x\u0131b. Lakin son ana q\u0259d\u0259r \u0259lind\u0259ki Az\u0259rbaycan Bayra\u011f\u0131n\u0131 erm\u0259nil\u0259r\u0259 verm\u0259yib. Filmd\u0259n d\u0259 g\u00f6r\u00fcnd\u00fcy\u00fc kimi, Natiq Qas\u0131movun sonrak\u0131 taleyi, aqib\u0259ti m\u0259lum deyil. Birc\u0259 bildiyimiz Natiq Qas\u0131movun bir insan \u00f6mr\u00fcn\u0259 s\u0131\u011fmayacaq m\u0259rdlik v\u0259 c\u0259surluq n\u00fcmayi\u015f etdirm\u0259sidir.<\/p>\n\n\n\n<p>Az\u0259rbaycan Respublikas\u0131 Prezidenti \u0130lham \u018fliyevin 25 iyun 2024-c\u00fc il tarixli S\u0259r\u0259ncam\u0131 il\u0259 Natiq Qas\u0131mov \u00f6l\u00fcm\u00fcnd\u0259n sonra &#171;Az\u0259rbaycan\u0131n Milli Q\u0259hr\u0259man\u0131&#187; f\u0259xri ad\u0131na layiq g\u00f6r\u00fcl\u00fcb.<\/p>\n","protected":false},"excerpt":{"rendered":"<p>27.02.2025 Xocal\u0131 qurbanlar\u0131n\u0131n an\u0131m g\u00fcn\u00fcnd\u0259 Milli Q\u0259hr\u0259man Natiq Qas\u0131movun xatir\u0259sin\u0259 h\u0259sr olunmu\u015f portret film ictimaiyy\u0259t\u0259&#8230;<\/p>\n","protected":false},"author":3,"featured_media":23740,"comment_status":"closed","ping_status":"closed","sticky":false,"template":"","format":"standard","meta":{"footnotes":""},"categories":[6],"tags":[],"class_list":["post-23739","post","type-post","status-publish","format-standard","has-post-thumbnail","hentry","category-cmiyyt"],"featured_image_urls":{"full":["https:\/\/veteran.az\/wp-content\/uploads\/2025\/02\/987654567.jpg",922,630,false],"thumbnail":["https:\/\/veteran.az\/wp-content\/uploads\/2025\/02\/987654567-300x205.jpg",150,103,true],"medium":["https:\/\/veteran.az\/wp-content\/uploads\/2025\/02\/987654567-700x478.jpg",300,205,true],"medium_large":["https:\/\/veteran.az\/wp-content\/uploads\/2025\/02\/987654567-768x525.jpg",640,438,true],"large":["https:\/\/veteran.az\/wp-content\/uploads\/2025\/02\/987654567.jpg",640,437,false],"1536x1536":["https:\/\/veteran.az\/wp-content\/uploads\/2025\/02\/987654567.jpg",922,630,false],"2048x2048":["https:\/\/veteran.az\/wp-content\/uploads\/2025\/02\/987654567.jpg",922,630,false],"covernews-slider-full":["https:\/\/veteran.az\/wp-content\/uploads\/2025\/02\/987654567.jpg",922,630,false],"covernews-slider-center":["https:\/\/veteran.az\/wp-content\/uploads\/2025\/02\/987654567-800x500.jpg",800,500,true],"covernews-featured":["https:\/\/veteran.az\/wp-content\/uploads\/2025\/02\/987654567.jpg",922,630,false],"covernews-medium":["https:\/\/veteran.az\/wp-content\/uploads\/2025\/02\/987654567-540x340.jpg",540,340,true],"covernews-medium-square":["https:\/\/veteran.az\/wp-content\/uploads\/2025\/02\/987654567-400x250.jpg",400,250,true]},"author_info":{"display_name":"Veteran.az","author_link":"https:\/\/veteran.az\/?author=3"},"category_info":"<a href=\"https:\/\/veteran.az\/?cat=6\" rel=\"category\">C\u0259miyy\u0259t<\/a>","tag_info":"C\u0259miyy\u0259t","comment_count":"0","_links":{"self":[{"href":"https:\/\/veteran.az\/index.php?rest_route=\/wp\/v2\/posts\/23739","targetHints":{"allow":["GET"]}}],"collection":[{"href":"https:\/\/veteran.az\/index.php?rest_route=\/wp\/v2\/posts"}],"about":[{"href":"https:\/\/veteran.az\/index.php?rest_route=\/wp\/v2\/types\/post"}],"author":[{"embeddable":true,"href":"https:\/\/veteran.az\/index.php?rest_route=\/wp\/v2\/users\/3"}],"replies":[{"embeddable":true,"href":"https:\/\/veteran.az\/index.php?rest_route=%2Fwp%2Fv2%2Fcomments&post=23739"}],"version-history":[{"count":1,"href":"https:\/\/veteran.az\/index.php?rest_route=\/wp\/v2\/posts\/23739\/revisions"}],"predecessor-version":[{"id":23741,"href":"https:\/\/veteran.az\/index.php?rest_route=\/wp\/v2\/posts\/23739\/revisions\/23741"}],"wp:featuredmedia":[{"embeddable":true,"href":"https:\/\/veteran.az\/index.php?rest_route=\/wp\/v2\/media\/23740"}],"wp:attachment":[{"href":"https:\/\/veteran.az\/index.php?rest_route=%2Fwp%2Fv2%2Fmedia&parent=23739"}],"wp:term":[{"taxonomy":"category","embeddable":true,"href":"https:\/\/veteran.az\/index.php?rest_route=%2Fwp%2Fv2%2Fcategories&post=23739"},{"taxonomy":"post_tag","embeddable":true,"href":"https:\/\/veteran.az\/index.php?rest_route=%2Fwp%2Fv2%2Ftags&post=23739"}],"curies":[{"name":"wp","href":"https:\/\/api.w.org\/{rel}","templated":true}]}}