{"id":23647,"date":"2025-01-25T21:50:34","date_gmt":"2025-01-25T17:50:34","guid":{"rendered":"https:\/\/veteran.az\/?p=23647"},"modified":"2025-01-25T21:50:35","modified_gmt":"2025-01-25T17:50:35","slug":"35-il-bundan-%c9%99vv%c9%99l-neftcala-faci%c9%99si","status":"publish","type":"post","link":"https:\/\/veteran.az\/?p=23647","title":{"rendered":"35 il bundan \u0259vv\u0259l &#8212; Neft\u00e7ala faci\u0259si"},"content":{"rendered":"\n<p>1990-c\u0131 ilin 20 Yanvar faci\u0259sind\u0259n bir ne\u00e7\u0259 g\u00fcn sonra sovet tanklar\u0131 Az\u0259rbaycan\u0131n m\u00fcxt\u0259lif b\u00f6lg\u0259l\u0259rin\u0259, o c\u00fcml\u0259d\u0259n C\u0259lilabada v\u0259 Neft\u00e7alaya do\u011fru h\u0259r\u0259k\u0259t etdi. Xalq\u0131n azadl\u0131q u\u011frunda apard\u0131\u011f\u0131 m\u00fcbariz\u0259ni bo\u011fmaq m\u0259qs\u0259di il\u0259 h\u0259yata ke\u00e7iril\u0259n bu h\u0259rbi \u0259m\u0259liyyatlar n\u0259tic\u0259sind\u0259 g\u00fcnahs\u0131z insanlar h\u0259d\u0259f\u0259 al\u0131nd\u0131.<br>Neft\u00e7ala rayonunda \u0259liyal\u0131n v\u0259 g\u00fcnahs\u0131z sakinl\u0259r sovet ordusunun amans\u0131z h\u00fccumlar\u0131na m\u0259ruz qald\u0131lar. Bu qanl\u0131 h\u00fccumlar n\u0259tic\u0259sind\u0259 2 n\u0259f\u0259r h\u0259yat\u0131n\u0131 itirdi, 50-y\u0259 yax\u0131n insan is\u0259 h\u0259bs edildi. H\u0259bs olunanlar aras\u0131nda yerli \u0259hali il\u0259 yana\u015f\u0131, azadl\u0131q v\u0259 m\u00fcst\u0259qillik u\u011frunda m\u00fcbariz\u0259 aparan \u015f\u0259xsl\u0259r d\u0259 var idi.<br>Neft\u00e7ala sakinl\u0259ri h\u0259min g\u00fcnl\u0259rd\u0259 b\u00f6y\u00fck bir irad\u0259 v\u0259 c\u0259sar\u0259t g\u00f6st\u0259r\u0259r\u0259k, azadl\u0131q m\u00fcbariz\u0259sin\u0259 d\u0259st\u0259k verdil\u0259r. Lakin sovet ordusunun a\u011f\u0131r texnika il\u0259 m\u00fc\u015fayi\u0259t olunan h\u00fccumlar\u0131 bu irad\u0259ni q\u0131rma\u011fa \u00e7al\u0131\u015fd\u0131. Sovet tanklar\u0131 yaln\u0131z insanlara deyil, h\u0259m d\u0259 b\u00f6lg\u0259nin infrastrukturuna ciddi ziyan vurdu, dinc \u0259haliy\u0259 qar\u015f\u0131 repressiv add\u0131mlar at\u0131ld\u0131.<\/p>\n\n\n\n<ol class=\"wp-block-list\">\n<li>Q\u0259hr\u0259man\u0131m\u0131z 20 Yanvar \u015e\u0259hidi \u018fb\u00fclf\u0259z C\u0259f\u0259rov B\u00f6y\u00fcka\u011fa o\u011flu 14.12.1964 \u2013c\u00fc ild\u0259 Neft\u00e7ala rayonunun Bank\u0259 q\u0259s\u0259b\u0259sind\u0259 anadan olmu\u015fdur.<\/li>\n\n\n\n<li>Q\u0259hr\u0259man\u0131m\u0131z 20 Yanvar \u015e\u0259hidi A\u011fah\u00fcseynov Nur\u0259ddin Aslan o\u011flu 15.12.1951-ci ild\u0259 Neft\u00e7ala rayonunun Sovetabad k\u0259ndind\u0259 anadan olmu\u015fdur.<\/li>\n<\/ol>\n\n\n\n<p>AVMV\u0130B-nin Neft\u00e7ala rayon \u015f\u00f6b\u0259si h\u0259r il oldu\u011fu kimi bu g\u00fcn d\u0259 \u201cNeft\u00e7ala rayon 25 Yanvar Xatir\u0259 kompileksi\u201d &#8212; ni ziyar\u0259t etdil\u0259r. H\u0259m\u00e7inin \u015e\u0259hidl\u0259rimizi ziyar\u0259t\u0259 h\u0259min g\u00fcn\u00fcn \u015fahidl\u0259ri v\u0259 z\u0259r\u0259rc\u0259kmi\u015fl\u0259r d\u0259 g\u0259lmi\u015fdil\u0259r. Hadis\u0259nin 35 illik a\u011fr\u0131s\u0131n\u0131 ciyinl\u0259rind\u0259 da\u015f\u0131yan 20 Yanvar qazisi H\u00fcseynov F\u0259rman t\u0259dbird\u0259 faci\u0259nin ba\u015f verdiyi anlar\u0131 bir daha xat\u0131rlatd\u0131.<\/p>\n\n\n\n<p>AVMV\u0130B-nin Neft\u00e7ala rayon \u015f\u00f6b\u0259sinin s\u0259dri M\u00fcbariz H\u00fcseynov Az\u0259rbaycan V\u0259t\u0259n M\u00fcharib\u0259si Veteranlar\u0131 \u0130ctimai Birliyi (AVMV\u0130B) s\u0259dri F\u00fczuli Rzaquliyev v\u0259 90 min \u00fczv\u00fc ad\u0131ndan \u00abBa\u015f\u0131n sa\u011folsun V\u0259t\u0259n\u00bb deyib \u015e\u0259hid ail\u0259sin\u0259 v\u0259 yax\u0131nlar\u0131na s\u0259br dil\u0259kl\u0259rini \u00e7atd\u0131rd\u0131. Bu ill\u0259r \u0259rzind\u0259 \u015e\u0259hid ail\u0259l\u0259rini t\u0259k buraxmayan v\u0259 44 g\u00fcnl\u00fck V\u0259t\u0259n Muharib\u0259si zaman\u0131 \u015e\u0259hidl\u0259rimizin d\u0259fnind\u0259 dini ayinl\u0259ri layiqinc\u0259 yerin\u0259 yetir\u0259n \u018fliyev Mirseymur Musa o\u011fluna v\u0259 H\u00fcseynov V\u00fcsal \u0130lqar o\u011fluna AVMV\u0130B-nin Neft\u00e7ala \u015f\u00f6b\u0259si ad\u0131ndan T\u018f\u015e\u018fKK\u00dcR edil\u0259r\u0259k T\u018f\u015e\u018fKK\u00dcRNAM\u018f il\u0259 t\u0259ltif olundular.<br>Sonda xatir\u0259 \u015f\u0259kli \u00e7\u0259kildi.<\/p>\n\n\n\n<p>AVMV\u0130B-nin Neft\u00e7ala rayon \u015f\u00f6b\u0259sinin s\u0259dri M\u00fcbariz H\u00fcseynov<\/p>\n\n\n\n<a href=\"https:\/\/postimg.cc\/crGMcQZS\" target=\"_blank\"><img decoding=\"async\" src=\"https:\/\/i.postimg.cc\/15fCsHjf\/Whats-App-Image-2025-01-25-at-18-56-11.jpg\" alt=\"Whats-App-Image-2025-01-25-at-18-56-11\"\/><\/a><br\/><br\/>\n<a href=\"https:\/\/postimg.cc\/Vd99ZdLb\" target=\"_blank\"><img decoding=\"async\" src=\"https:\/\/i.postimg.cc\/m2JdDHvV\/Whats-App-Image-2025-01-25-at-18-56-11-1.jpg\" alt=\"Whats-App-Image-2025-01-25-at-18-56-11-1\"\/><\/a><br\/><br\/>\n<a href=\"https:\/\/postimg.cc\/BL8cmpXq\" target=\"_blank\"><img decoding=\"async\" src=\"https:\/\/i.postimg.cc\/Jnx64d8B\/Whats-App-Image-2025-01-25-at-18-56-12-1.jpg\" alt=\"Whats-App-Image-2025-01-25-at-18-56-12-1\"\/><\/a><br\/><br\/>\n<a href=\"https:\/\/postimg.cc\/sGQ6Zyp4\" target=\"_blank\"><img decoding=\"async\" src=\"https:\/\/i.postimg.cc\/x8gWh18h\/Whats-App-Image-2025-01-25-at-18-56-13.jpg\" alt=\"Whats-App-Image-2025-01-25-at-18-56-13\"\/><\/a><br\/><br\/>\n<a href=\"https:\/\/postimg.cc\/vgS2BD6m\" target=\"_blank\"><img decoding=\"async\" src=\"https:\/\/i.postimg.cc\/2yCs0Zkn\/Whats-App-Image-2025-01-25-at-18-56-13-1.jpg\" alt=\"Whats-App-Image-2025-01-25-at-18-56-13-1\"\/><\/a><br\/><br\/>\n<a href=\"https:\/\/postimg.cc\/NKwJL3LR\" target=\"_blank\"><img decoding=\"async\" src=\"https:\/\/i.postimg.cc\/P5CBVhjV\/Whats-App-Image-2025-01-25-at-18-56-14.jpg\" alt=\"Whats-App-Image-2025-01-25-at-18-56-14\"\/><\/a><br\/><br\/>\n<a href=\"https:\/\/postimg.cc\/NLSPv9cJ\" target=\"_blank\"><img decoding=\"async\" src=\"https:\/\/i.postimg.cc\/4NxCtVFg\/Whats-App-Image-2025-01-25-at-18-56-15.jpg\" alt=\"Whats-App-Image-2025-01-25-at-18-56-15\"\/><\/a><br\/><br\/>\n\n","protected":false},"excerpt":{"rendered":"<p>1990-c\u0131 ilin 20 Yanvar faci\u0259sind\u0259n bir ne\u00e7\u0259 g\u00fcn sonra sovet tanklar\u0131 Az\u0259rbaycan\u0131n m\u00fcxt\u0259lif b\u00f6lg\u0259l\u0259rin\u0259, o&#8230;<\/p>\n","protected":false},"author":3,"featured_media":23648,"comment_status":"closed","ping_status":"closed","sticky":false,"template":"","format":"standard","meta":{"footnotes":""},"categories":[4],"tags":[],"class_list":["post-23647","post","type-post","status-publish","format-standard","has-post-thumbnail","hentry","category-tarix"],"featured_image_urls":{"full":["https:\/\/veteran.az\/wp-content\/uploads\/2025\/01\/i7y65.jpeg",1600,1066,false],"thumbnail":["https:\/\/veteran.az\/wp-content\/uploads\/2025\/01\/i7y65-300x200.jpeg",150,100,true],"medium":["https:\/\/veteran.az\/wp-content\/uploads\/2025\/01\/i7y65-700x466.jpeg",300,200,true],"medium_large":["https:\/\/veteran.az\/wp-content\/uploads\/2025\/01\/i7y65-768x512.jpeg",640,427,true],"large":["https:\/\/veteran.az\/wp-content\/uploads\/2025\/01\/i7y65-999x666.jpeg",640,427,true],"1536x1536":["https:\/\/veteran.az\/wp-content\/uploads\/2025\/01\/i7y65-1536x1023.jpeg",1536,1023,true],"2048x2048":["https:\/\/veteran.az\/wp-content\/uploads\/2025\/01\/i7y65.jpeg",1600,1066,false],"covernews-slider-full":["https:\/\/veteran.az\/wp-content\/uploads\/2025\/01\/i7y65-1115x715.jpeg",1115,715,true],"covernews-slider-center":["https:\/\/veteran.az\/wp-content\/uploads\/2025\/01\/i7y65-800x500.jpeg",800,500,true],"covernews-featured":["https:\/\/veteran.az\/wp-content\/uploads\/2025\/01\/i7y65-1024x682.jpeg",1024,682,true],"covernews-medium":["https:\/\/veteran.az\/wp-content\/uploads\/2025\/01\/i7y65-540x340.jpeg",540,340,true],"covernews-medium-square":["https:\/\/veteran.az\/wp-content\/uploads\/2025\/01\/i7y65-400x250.jpeg",400,250,true]},"author_info":{"display_name":"Veteran.az","author_link":"https:\/\/veteran.az\/?author=3"},"category_info":"<a href=\"https:\/\/veteran.az\/?cat=4\" rel=\"category\">Tarix<\/a>","tag_info":"Tarix","comment_count":"0","_links":{"self":[{"href":"https:\/\/veteran.az\/index.php?rest_route=\/wp\/v2\/posts\/23647","targetHints":{"allow":["GET"]}}],"collection":[{"href":"https:\/\/veteran.az\/index.php?rest_route=\/wp\/v2\/posts"}],"about":[{"href":"https:\/\/veteran.az\/index.php?rest_route=\/wp\/v2\/types\/post"}],"author":[{"embeddable":true,"href":"https:\/\/veteran.az\/index.php?rest_route=\/wp\/v2\/users\/3"}],"replies":[{"embeddable":true,"href":"https:\/\/veteran.az\/index.php?rest_route=%2Fwp%2Fv2%2Fcomments&post=23647"}],"version-history":[{"count":1,"href":"https:\/\/veteran.az\/index.php?rest_route=\/wp\/v2\/posts\/23647\/revisions"}],"predecessor-version":[{"id":23649,"href":"https:\/\/veteran.az\/index.php?rest_route=\/wp\/v2\/posts\/23647\/revisions\/23649"}],"wp:featuredmedia":[{"embeddable":true,"href":"https:\/\/veteran.az\/index.php?rest_route=\/wp\/v2\/media\/23648"}],"wp:attachment":[{"href":"https:\/\/veteran.az\/index.php?rest_route=%2Fwp%2Fv2%2Fmedia&parent=23647"}],"wp:term":[{"taxonomy":"category","embeddable":true,"href":"https:\/\/veteran.az\/index.php?rest_route=%2Fwp%2Fv2%2Fcategories&post=23647"},{"taxonomy":"post_tag","embeddable":true,"href":"https:\/\/veteran.az\/index.php?rest_route=%2Fwp%2Fv2%2Ftags&post=23647"}],"curies":[{"name":"wp","href":"https:\/\/api.w.org\/{rel}","templated":true}]}}