{"id":23586,"date":"2025-01-05T00:08:05","date_gmt":"2025-01-04T20:08:05","guid":{"rendered":"https:\/\/veteran.az\/?p=23586"},"modified":"2025-01-05T01:18:23","modified_gmt":"2025-01-04T21:18:23","slug":"avmvib-s%c9%99dri-fuzuli-rzaquliyevin-dogum-gunudur","status":"publish","type":"post","link":"https:\/\/veteran.az\/?p=23586","title":{"rendered":"AVMV\u0130B s\u0259dri F\u00fczuli Rzaquliyevin do\u011fum g\u00fcn\u00fcd\u00fcr"},"content":{"rendered":"\n<p><strong>Az\u0259rbaycan V\u0259t\u0259n M\u00fcharib\u0259si Veteranlar\u0131 \u0130ctimai Birliyinin (AVMV\u0130B) s\u0259dri Rzaquliyev F\u00fczuli \u018fd\u0259b o\u011flunun do\u011fum g\u00fcn\u00fcd\u00fcr. Bu g\u00fcn onun 64 ya\u015f\u0131 tamam olur.<\/strong><\/p>\n\n\n\n<p>F\u00fczuli \u018fd\u0259b o\u011flu Rzaquliyev 1961-ci il yanvar ay\u0131n\u0131n 5-d\u0259 Az\u0259rbaycan\u0131n f\u00fcsunkar Qaraba\u011f torpa\u011f\u0131nda, A\u011fd\u0259r\u0259 rayonunun Xatunb\u0259yli k\u0259ndind\u0259 d\u00fcnyaya g\u00f6z a\u00e7\u0131b. Onun do\u011fuldu\u011fu m\u0259kan Az\u0259rbaycan\u0131n q\u0259hr\u0259manl\u0131q ruhunu ya\u015fadan b\u00f6lg\u0259l\u0259rind\u0259n biri olaraq, \u015f\u0259xsiyy\u0259tinin formala\u015fmas\u0131nda b\u00f6y\u00fck rol oynay\u0131b. F\u00fczuli Rzaquliyevin t\u0259hsil h\u0259yat\u0131 da v\u0259t\u0259n\u0259 sevgi v\u0259 intizam \u00fcz\u0259rind\u0259 qurulmu\u015fdur. O, 1976-c\u0131 ild\u0259 do\u011fma k\u0259ndi Xatunb\u0259ylid\u0259 s\u0259kkizinci sinfi, 1978-ci ild\u0259 is\u0259 A\u011fd\u0259r\u0259 rayonunun Manikli k\u0259ndind\u0259ki orta m\u0259kt\u0259bi u\u011furla bitirmi\u015fdir. G\u0259nclik ill\u0259rind\u0259 \u0259ld\u0259 etdiyi bilik v\u0259 bacar\u0131qlar onun g\u0259l\u0259c\u0259kd\u0259 g\u00f6st\u0259rdiyi xidm\u0259tl\u0259rin t\u0259m\u0259lini qoymu\u015fdur. T\u0259hsil yolunda ir\u0259lil\u0259y\u0259r\u0259k, 1986-c\u0131 ild\u0259 Az\u0259rbaycan D\u00f6vl\u0259t Pedaqoji \u0130nstitutunun h\u0259rbi haz\u0131rl\u0131q v\u0259 b\u0259d\u0259n t\u0259rbiy\u0259si fak\u00fclt\u0259sini bitirmi\u015fdir. Bu fak\u00fclt\u0259d\u0259 qazand\u0131\u011f\u0131 bilikl\u0259r onun h\u0259m t\u0259dris sah\u0259sind\u0259, h\u0259m d\u0259 h\u0259rbi xidm\u0259td\u0259 pe\u015f\u0259kar v\u0259 m\u0259suliyy\u0259tli bir \u015f\u0259xsiyy\u0259t kimi tan\u0131nmas\u0131na \u015f\u0259rait yaratm\u0131\u015fd\u0131r. F\u00fczuli Rzaquliyev 1980-1982-ci ill\u0259rd\u0259 Sovet ordusunda m\u00fcdd\u0259tli h\u0259qiqi h\u0259rbi xidm\u0259td\u0259 olub. 1982-1986-c\u0131 ill\u0259rd\u0259 Az\u0259rbaycan D\u00f6vl\u0259t Pedaqoji \u0130nstitutunun h\u0259rbi haz\u0131rl\u0131q v\u0259 b\u0259d\u0259n t\u0259rbiy\u0259si fak\u00fclt\u0259sind\u0259 t\u0259hsilini bitirdikd\u0259n sonra 1986-1989-cu ill\u0259rd\u0259\u00a0Qaraba\u011fda m\u0259\u015fhur\u00a0h\u0259rbi (r\u0259hb\u0259r) m\u00fc\u0259llim, 1989-1991-ci il\u0259rd\u0259 is\u0259\u00a0Bak\u0131 Kommersiya Texnikomunda\u00a0m\u00fc\u0259llim i\u015fl\u0259yib.<\/p>\n\n\n\n<p class=\"has-text-align-center\"><strong>G\u0259nclik ill\u0259ri<\/strong><\/p>\n\n\n\n<p>F\u00fczuli \u018fd\u0259b o\u011flu Rzaquliyev 1961-ci il yanvar ay\u0131n\u0131n 5-d\u0259 Az\u0259rbaycan\u0131n f\u00fcsunkar Qaraba\u011f torpa\u011f\u0131nda, A\u011fd\u0259r\u0259 rayonunun Xatunb\u0259yli k\u0259ndind\u0259 d\u00fcnyaya g\u00f6z a\u00e7\u0131b. Onun do\u011fuldu\u011fu m\u0259kan Az\u0259rbaycan\u0131n q\u0259hr\u0259manl\u0131q ruhunu ya\u015fadan b\u00f6lg\u0259l\u0259rind\u0259n biri olaraq, \u015f\u0259xsiyy\u0259tinin formala\u015fmas\u0131nda b\u00f6y\u00fck rol oynay\u0131b. F\u00fczuli Rzaquliyevin t\u0259hsil h\u0259yat\u0131 da v\u0259t\u0259n\u0259 sevgi v\u0259 intizam \u00fcz\u0259rind\u0259 qurulmu\u015fdur. O, 1976-c\u0131 ild\u0259 do\u011fma k\u0259ndi Xatunb\u0259ylid\u0259 s\u0259kkizinci sinfi, 1978-ci ild\u0259 is\u0259 A\u011fd\u0259r\u0259 rayonunun Manikli k\u0259ndind\u0259ki orta m\u0259kt\u0259bi u\u011furla bitirmi\u015fdir. G\u0259nclik ill\u0259rind\u0259 \u0259ld\u0259 etdiyi bilik v\u0259 bacar\u0131qlar onun g\u0259l\u0259c\u0259kd\u0259 g\u00f6st\u0259rdiyi xidm\u0259tl\u0259rin t\u0259m\u0259lini qoymu\u015fdur. T\u0259hsil yolunda ir\u0259lil\u0259y\u0259r\u0259k, 1986-c\u0131 ild\u0259 Az\u0259rbaycan D\u00f6vl\u0259t Pedaqoji \u0130nstitutunun h\u0259rbi haz\u0131rl\u0131q v\u0259 b\u0259d\u0259n t\u0259rbiy\u0259si fak\u00fclt\u0259sini bitirmi\u015fdir. Bu fak\u00fclt\u0259d\u0259 qazand\u0131\u011f\u0131 bilikl\u0259r onun h\u0259m t\u0259dris sah\u0259sind\u0259, h\u0259m d\u0259 h\u0259rbi xidm\u0259td\u0259 pe\u015f\u0259kar v\u0259 m\u0259suliyy\u0259tli bir \u015f\u0259xsiyy\u0259t kimi tan\u0131nmas\u0131na \u015f\u0259rait yaratm\u0131\u015fd\u0131r.<\/p>\n\n\n\n<figure class=\"wp-block-image is-resized\"><img decoding=\"async\" src=\"https:\/\/fedai.az\/wp-content\/uploads\/2023\/01\/fr12.png\" alt=\"\" class=\"wp-image-88330\" style=\"width:304px;height:auto\"\/><\/figure>\n\n\n\n<p class=\"has-text-align-center\"><strong>D\u00f6y\u00fc\u015f yolu<\/strong><\/p>\n\n\n\n<p>F\u00fczili m\u00fc\u0259llim 1991-1994-c\u00fc ill\u0259rd\u0259 Az\u0259rbaycan Ordusun d\u00f6y\u00fc\u015f b\u00f6lg\u0259l\u0259rind\u0259 yerl\u0259\u015f\u0259n h\u0259rbi hiss\u0259sind\u0259\u00a0tabor komandirinin birinci m\u00fcavini- q\u0259rargah r\u0259si\u00a0v\u0259zif\u0259sind\u0259\u00a0xidm\u0259t etmi\u015fdir. O, Az\u0259rbaycan \u00a0Respublkas\u0131n\u0131n \u0259razi b\u00fct\u00f6vl\u00fcy\u00fc u\u011frunda ged\u0259n d\u00f6y\u00fc\u015fl\u0259rd\u0259 ona v\u0259 tabora\u00a0 h\u0259val\u0259 edilmi\u015f\u00a0 v\u0259zif\u0259 v\u0259 tap\u015f\u0131r\u0131qlar\u0131n \u00f6hd\u0259sin-d\u0259n layiqinc\u0259\u00a0 g\u0259l\u0259r\u0259k\u00a0 a\u011f\u0131r yaralanm\u0131\u015fd\u0131r. 2-ci qrup m\u00fcharib\u0259 \u0259lili olan F\u00fczuli Rzaquluyev d\u00f6y\u00fc\u015fd\u0259 a\u011f\u0131r yaralansa da son at\u0259\u015fk\u0259s g\u00fcn\u00fcn\u0259 q\u0259d\u0259r ordu s\u0131ralar\u0131n\u0131 t\u0259rk etm\u0259mi\u015fdir. Erk\u0259s, M\u0259nas\u0131z, Buzluq (Da\u015falt\u0131) ya\u015fay\u0131\u015f m\u0259nt\u0259q\u0259l\u0259ri,\u00a0h\u0259m\u00e7inin \u015eu\u015fa,\u00a0K\u0259lb\u0259c\u0259r, La\u00e7\u0131n, A\u011fd\u0259r\u0259 rayonlar\u0131 istiqam\u0259tind\u0259 g\u0259d\u0259n a\u011f\u0131r d\u00f6y\u00fc\u015fl\u0259rd\u0259 \u00f6z\u00fcn\u00fc\u00a0 bacar\u0131ql\u0131,\u00a0s\u0259ri\u015ft\u0259li bir komandir kimi g\u00f6st\u0259rmi\u015fdir. M\u0259hz g\u00f6st\u0259rdiyi \u00e7oxsayl\u0131 \u015f\u00fcca\u0259tl\u0259rin\u0259 g\u00f6r\u0259 F\u00fczuli \u018fd\u0259b o\u011flu Rzaquliyev\u0259 d\u00f6y\u00fc\u015f dostlar\u0131\u00a0\u00abKoro\u011flu\u00bb\u00a0l\u0259q\u0259bi\u00a0vermi\u015fdil\u0259r. O, Az\u0259rbaycan Silahl\u0131 Q\u00fcvv\u0259l\u0259rind\u0259 xidm\u0259t etdiyi ill\u0259r \u0259rzind\u0259,\u00a0Az\u0259rbaycan V\u0259t\u0259n M\u00fcharib\u0259si Veteranlar\u0131 \u0130ctimai Birliyind\u0259 s\u0259dr v\u0259zf\u0259sind\u0259 oldu\u011fu\u00a0m\u00fcdd\u0259td\u0259 Az\u0259rbaycan\u00a0Respublikas\u0131n\u0131n Konstitusiyas\u0131na v\u0259 qanunlar\u0131na \u0259m\u0259l etm\u0259kd\u0259\u00a0 m\u00fcvafiq Nizamnam\u0259l\u0259rin, t\u0259lmatlar\u0131n,\u00a0nizamnal\u0259l\u0259rin v\u0259 \u0259mrl\u0259rin yerin\u0259 yetirilm\u0259sin\u0259 m\u0259suliyy\u0259tl\u0259 yana\u015fd\u0131\u011fna g\u00f6r\u0259, bir \u00e7ox medallarla, d\u00f6\u015f ni\u015fanlar\u0131 il\u0259, f\u0259xri f\u0259rmanlarla t\u0259ltif edilib v\u0259 ona t\u0259\u015f\u0259kk\u00fcr elan edilib.<\/p>\n\n\n\n<p>F\u00fczuli Rzaquliyev do\u011fuldu\u011fu v\u0259 ya\u015fad\u0131\u011f\u0131 k\u0259ndin, 1-ci v\u0259 2-ci V\u0259t\u0259n m\u00fcharib\u0259sind\u0259 i\u015ftirak etmi\u015f&nbsp;d\u00f6y\u00fc\u015fc\u00fcl\u0259rin&nbsp;xeyir v\u0259 \u015f\u0259rind\u0259 yax\u0131ndan i\u015ftirak ed\u0259n bir ziyal\u0131d\u0131r. O, ictimaiyy\u0259t, dost-tan\u0131\u015f, o c\u00fcml\u0259d\u0259n i\u015fl\u0259diyi v\u0259 xidm\u0259t etdiyi m\u00fch\u00fctd\u0259 \u00f6z\u00fcn\u0259 b\u00f6y\u00fck h\u00f6rm\u0259t&nbsp;qazanm\u0131\u015fd\u0131r. Dostluqda m\u00f6hk\u0259m v\u0259 sadiq insan olan F\u00fczuli \u018fd\u0259bo\u011flu ham\u0131 il\u0259 maraqlanan, onlar\u0131n probleml\u0259rinin h\u0259llin\u0259 can yand\u0131ran el adam\u0131d\u0131r. Qohum-\u0259qraba, dost-tan\u0131\u015f,m\u00fcharib\u0259 i\u015ftirak\u00e7\u0131lar\u0131 aras\u0131nda b\u00f6y\u00fck h\u00f6rm\u0259ti sahibi olan AVMV\u0130B s\u0259drini m\u0259hz bu x\u00fcsusiyy\u0259tl\u0259rin\u0259 g\u00f6r\u0259 qohum- \u0259qarabalar\u0131, dost-tan\u0131\u015flar\u0131, m\u00fcharib\u0259 g\u00f6rm\u00fc\u015f d\u00f6y\u00fc\u015f\u00e7\u00fc dostlar\u0131, \u015f\u0259hid ail\u0259l\u0259ri&nbsp;onu \u00e7ox sevir v\u0259 \u015f\u0259xsiyy\u0259tin\u0259 d\u0259rin r\u0259\u011fb\u0259t hissi il\u0259 yana\u015f\u0131rlar.<\/p>\n\n\n\n<figure class=\"wp-block-image\"><img decoding=\"async\" src=\"https:\/\/fedai.az\/wp-content\/uploads\/2023\/01\/image-1.png\" alt=\"\" class=\"wp-image-88333\"\/><\/figure>\n\n\n\n<figure class=\"wp-block-image\"><img decoding=\"async\" src=\"https:\/\/fedai.az\/wp-content\/uploads\/2023\/01\/image-2.png\" alt=\"\" class=\"wp-image-88334\"\/><\/figure>\n\n\n\n<p class=\"has-text-align-center\"><strong>El a\u011fsaqqal\u0131 v\u0259 ictimai xadim<\/strong><\/p>\n\n\n\n<p>F\u00fczuli m\u00fc\u0259llim \u00fcst\u00fcn qabiliyy\u0259ti, z\u0259ngin s\u00f6z ehtiyat\u0131 v\u0259 d\u0259rin v\u0259t\u0259np\u0259rv\u0259rlik hissi il\u0259 tan\u0131nan z\u0259hm\u0259tke\u015f bir insand\u0131r. O, ist\u0259nil\u0259n m\u00f6vzuda s\u0259mimi v\u0259 d\u0259rin m\u0259nal\u0131 s\u00f6hb\u0259tl\u0259r apar\u0131r, hikm\u0259tli fikirl\u0259r v\u0259 m\u00fcdrik k\u0259lamlarla h\u0259ms\u00f6hb\u0259tl\u0259rini heyran qoyma\u011f\u0131 bacar\u0131r. Onunla s\u00f6hb\u0259t ed\u0259n h\u0259r k\u0259s, ilk andan onun nec\u0259 sad\u0259, alic\u0259nab, t\u0259vaz\u00f6kar v\u0259 geni\u015f d\u00fcnyag\u00f6r\u00fc\u015f\u00fcn\u0259 malik ziyal\u0131 oldu\u011funu anlay\u0131r v\u0259 ona b\u00f6y\u00fck h\u00f6rm\u0259tl\u0259 yana\u015f\u0131r.<\/p>\n\n\n\n<p>Az\u0259rbaycan V\u0259t\u0259n M\u00fcharib\u0259si Veteranlar\u0131 \u0130ctimai Birliyin\u0259 (AVMVM\u0130B) r\u0259hb\u0259rlik etdiyi g\u00fcnd\u0259n b\u0259ri F\u00fczuli m\u00fc\u0259llim c\u0259miyy\u0259tin, d\u00f6vl\u0259tin qay\u011f\u0131lar\u0131n\u0131 d\u0259rk ed\u0259n, mehriban, s\u0259mimi, savadl\u0131 v\u0259 insanlara qar\u015f\u0131 h\u0259ssas m\u00fcnasib\u0259t g\u00f6st\u0259r\u0259n \u015f\u0259xsiyy\u0259t kimi tan\u0131nm\u0131\u015fd\u0131r. Onun bu x\u00fcsusiyy\u0259ti h\u0259m \u0259traf\u0131ndak\u0131 insanlar, h\u0259m d\u0259 d\u00f6y\u00fc\u015f\u00e7\u00fc yolda\u015flar\u0131 aras\u0131nda b\u00f6y\u00fck h\u00f6rm\u0259t v\u0259 r\u0259\u011fb\u0259t hissi qazanmas\u0131na s\u0259b\u0259b olmu\u015fdur.<\/p>\n\n\n\n<p>Rzaquliyev F\u00fczuli \u018fd\u0259b o\u011flu, Az\u0259rbaycan\u0131n \u0259razi b\u00fct\u00f6vl\u00fcy\u00fc u\u011frunda 2020-ci ilin 27 sentyabr\u0131nda ba\u015flayan V\u0259t\u0259n m\u00fcharib\u0259sind\u0259 b\u00f6y\u00fck f\u0259all\u0131q g\u00f6st\u0259rmi\u015f, d\u00f6y\u00fc\u015f b\u00f6lg\u0259l\u0259rind\u0259 \u0259sg\u0259rl\u0259rimizin yan\u0131nda olmu\u015f, onlar\u0131 h\u0259m m\u0259n\u0259vi, h\u0259m d\u0259 fiziki olaraq d\u0259st\u0259kl\u0259mi\u015fdir. F\u00fczuli m\u00fc\u0259llimin o\u011flu, ba\u015f leytenant \u0130lkin F\u00fczuli o\u011flu Rzaquliyev d\u0259 i\u015f\u011fal alt\u0131nda olan torpaqlar\u0131m\u0131z\u0131n azad edilm\u0259si u\u011frunda m\u00fcbariz\u0259d\u0259 y\u00fcks\u0259k v\u0259zif\u0259 v\u0259 tap\u015f\u0131r\u0131qlar\u0131 \u015f\u0259r\u0259fl\u0259 yerin\u0259 yetir\u0259r\u0259k q\u0259hr\u0259manl\u0131q v\u0259 \u015f\u00fcca\u0259t n\u00fcmun\u0259si g\u00f6st\u0259rmi\u015fdir. S\u00f6zs\u00fcz ki, bu ail\u0259nin v\u0259t\u0259n\u0259 v\u0259 d\u00f6vl\u0259t\u0259 ba\u011fl\u0131l\u0131\u011f\u0131, f\u0259dakarl\u0131\u011f\u0131 v\u0259 z\u0259hm\u0259ti xalq\u0131m\u0131z\u0131n yadda\u015f\u0131nda h\u0259mi\u015f\u0259 ya\u015fayacaqd\u0131r.<\/p>\n\n\n\n<figure class=\"wp-block-image\"><img decoding=\"async\" src=\"https:\/\/fedai.az\/wp-content\/uploads\/2023\/01\/image-3.png\" alt=\"\" class=\"wp-image-88335\"\/><\/figure>\n\n\n\n<figure class=\"wp-block-image\"><img decoding=\"async\" src=\"https:\/\/fedai.az\/wp-content\/uploads\/2022\/10\/274204617_1033119940611826_2308142768465567977_n-1536x960.jpg\" alt=\"\"\/><\/figure>\n\n\n\n<p>F\u00fczuli m\u00fc\u0259llim nurani \u015f\u0259xsiyy\u0259ti il\u0259 yana\u015f\u0131, h\u0259m c\u0259sar\u0259tli zabit, h\u0259m d\u0259 insanp\u0259rv\u0259r, s\u0259xav\u0259tli v\u0259 \u0259lia\u00e7\u0131q bir el a\u011fsaqqal\u0131 kimi yaln\u0131z r\u0259hb\u0259rlik etdiyi b\u00f6y\u00fck bir t\u0259\u015fkilatda deyil, eyni zamanda, h\u0259yat\u0131n h\u0259r qat\u0131nda \u2013 dostluqda, qohumluqda, sosial m\u00fcnasib\u0259tl\u0259rind\u0259 ictimaiyy\u0259tin d\u0259rin h\u00f6rm\u0259tinin, sars\u0131lmaz etibar\u0131n\u0131n v\u0259 sonsuz sevginin t\u0259c\u0259ss\u00fcm\u00fcn\u0259 \u00e7evrilmi\u015fdir.<\/p>\n\n\n\n<p><strong>DO\u011eUM G\u00dcN\u00dcN\u00dcN\u00dcZ M\u00dcBAR\u018fK OLSUN, F\u00dcZUL\u0130 M\u00dc\u018fLL\u0130M!<\/strong><\/p>\n\n\n\n<p><strong>AVMV\u0130B-in M\u0259tbuat xidm\u0259ti<\/strong><\/p>\n\n\n\n<figure class=\"wp-block-image\"><img decoding=\"async\" src=\"https:\/\/fedai.az\/wp-content\/uploads\/2023\/01\/image-4.png\" alt=\"\" class=\"wp-image-88336\"\/><\/figure>\n\n\n\n<figure class=\"wp-block-image\"><img decoding=\"async\" src=\"https:\/\/fedai.az\/wp-content\/uploads\/2023\/01\/image-5.png\" alt=\"\" class=\"wp-image-88337\"\/><\/figure>\n\n\n\n<figure class=\"wp-block-image\"><img decoding=\"async\" src=\"https:\/\/fedai.az\/wp-content\/uploads\/2023\/01\/image-6.png\" alt=\"\" class=\"wp-image-88338\"\/><\/figure>\n\n\n\n<figure class=\"wp-block-image\"><a href=\"https:\/\/postimg.cc\/Q9yLJWGr\" target=\"_blank\" rel=\"noreferrer noopener\"><img decoding=\"async\" src=\"https:\/\/i.postimg.cc\/SRyyqWgj\/Whats-App-Image-2025-01-02-at-22-11-11.jpg\" alt=\"Whats-App-Image-2025-01-02-at-22-11-11\"\/><\/a><\/figure>\n\n\n\n<figure class=\"wp-block-image\"><a href=\"https:\/\/postimg.cc\/wtFY3GwM\" target=\"_blank\" rel=\"noreferrer noopener\"><img decoding=\"async\" src=\"https:\/\/i.postimg.cc\/nzfFS874\/Whats-App-Image-2025-01-02-at-22-11-12.jpg\" alt=\"Whats-App-Image-2025-01-02-at-22-11-12\"\/><\/a><\/figure>\n\n\n\n<figure class=\"wp-block-image\"><a href=\"https:\/\/postimages.org\/\" target=\"_blank\" rel=\"noreferrer noopener\"><img decoding=\"async\" src=\"https:\/\/i.postimg.cc\/pL7X85L1\/Whats-App-Image-2025-01-02-at-22-11-14.jpg\" alt=\"Whats-App-Image-2025-01-02-at-22-11-14\"\/><\/a><\/figure>\n\n\n\n<figure class=\"wp-block-image\"><a href=\"https:\/\/postimg.cc\/9D5hkT4m\" target=\"_blank\" rel=\"noreferrer noopener\"><img decoding=\"async\" src=\"https:\/\/i.postimg.cc\/0yryb0Pw\/Whats-App-Image-2025-01-02-at-22-11-18.jpg\" alt=\"Whats-App-Image-2025-01-02-at-22-11-18\"\/><\/a><\/figure>\n\n\n\n<figure class=\"wp-block-image\"><a href=\"https:\/\/postimg.cc\/SXmpSh7H\" target=\"_blank\" rel=\"noreferrer noopener\"><img decoding=\"async\" src=\"https:\/\/i.postimg.cc\/fb9WvW3W\/Whats-App-Image-2025-01-02-at-22-11-18-1.jpg\" alt=\"Whats-App-Image-2025-01-02-at-22-11-18-1\"\/><\/a><\/figure>\n\n\n\n<figure class=\"wp-block-image\"><a href=\"https:\/\/postimg.cc\/0bJvZZyX\" target=\"_blank\" rel=\"noreferrer noopener\"><img decoding=\"async\" src=\"https:\/\/i.postimg.cc\/15vzmjhS\/Whats-App-Image-2025-01-02-at-22-11-18-2.jpg\" alt=\"Whats-App-Image-2025-01-02-at-22-11-18-2\"\/><\/a><\/figure>\n\n\n\n<figure class=\"wp-block-image\"><a href=\"https:\/\/postimg.cc\/ZvWSGxFR\" target=\"_blank\" rel=\"noreferrer noopener\"><img decoding=\"async\" src=\"https:\/\/i.postimg.cc\/NF4jrNK1\/Whats-App-Image-2025-01-02-at-22-11-18-3.jpg\" alt=\"Whats-App-Image-2025-01-02-at-22-11-18-3\"\/><\/a><\/figure>\n\n\n\n<figure class=\"wp-block-image\"><a href=\"https:\/\/postimg.cc\/SjRkYmFh\" target=\"_blank\" rel=\"noreferrer noopener\"><img decoding=\"async\" src=\"https:\/\/i.postimg.cc\/mZNDqrmt\/Whats-App-Image-2025-01-02-at-22-11-19.jpg\" alt=\"Whats-App-Image-2025-01-02-at-22-11-19\"\/><\/a><\/figure>\n\n\n\n<figure class=\"wp-block-image\"><a href=\"https:\/\/postimg.cc\/dkHFNxCp\" target=\"_blank\" rel=\"noreferrer noopener\"><img decoding=\"async\" src=\"https:\/\/i.postimg.cc\/SRqKR0xS\/Whats-App-Image-2025-01-02-at-22-11-19-1.jpg\" alt=\"Whats-App-Image-2025-01-02-at-22-11-19-1\"\/><\/a><\/figure>\n\n\n\n<figure class=\"wp-block-image\"><a href=\"https:\/\/postimg.cc\/sM7VfKFG\" target=\"_blank\" rel=\"noreferrer noopener\"><img decoding=\"async\" src=\"https:\/\/i.postimg.cc\/8znsHnt4\/Whats-App-Image-2025-01-02-at-22-11-20.jpg\" alt=\"Whats-App-Image-2025-01-02-at-22-11-20\"\/><\/a><\/figure>\n\n\n\n<figure class=\"wp-block-image\"><a href=\"https:\/\/postimg.cc\/DWh7SsFj\" target=\"_blank\" rel=\"noreferrer noopener\"><img decoding=\"async\" src=\"https:\/\/i.postimg.cc\/QM9Cnkz3\/Whats-App-Image-2025-01-02-at-22-11-21.jpg\" alt=\"Whats-App-Image-2025-01-02-at-22-11-21\"\/><\/a><\/figure>\n\n\n\n<figure class=\"wp-block-image\"><a href=\"https:\/\/postimg.cc\/34J7BTk2\" target=\"_blank\" rel=\"noreferrer noopener\"><img decoding=\"async\" src=\"https:\/\/i.postimg.cc\/1tDtyRP7\/Whats-App-Image-2025-01-02-at-22-11-22.jpg\" alt=\"Whats-App-Image-2025-01-02-at-22-11-22\"\/><\/a><\/figure>\n\n\n\n<figure class=\"wp-block-image\"><a href=\"https:\/\/postimg.cc\/GBjdG2mc\" target=\"_blank\" rel=\"noreferrer noopener\"><img decoding=\"async\" src=\"https:\/\/i.postimg.cc\/3wsNM0MD\/Whats-App-Image-2025-01-02-at-22-11-22-1.jpg\" alt=\"Whats-App-Image-2025-01-02-at-22-11-22-1\"\/><\/a><\/figure>\n\n\n\n<figure class=\"wp-block-image\"><img decoding=\"async\" src=\"https:\/\/fedai.az\/wp-content\/uploads\/2023\/01\/image-7.png\" alt=\"\" class=\"wp-image-88339\"\/><\/figure>\n","protected":false},"excerpt":{"rendered":"<p>Az\u0259rbaycan V\u0259t\u0259n M\u00fcharib\u0259si Veteranlar\u0131 \u0130ctimai Birliyinin (AVMV\u0130B) s\u0259dri Rzaquliyev F\u00fczuli \u018fd\u0259b o\u011flunun do\u011fum g\u00fcn\u00fcd\u00fcr. Bu&#8230;<\/p>\n","protected":false},"author":3,"featured_media":22041,"comment_status":"closed","ping_status":"closed","sticky":false,"template":"","format":"standard","meta":{"footnotes":""},"categories":[13],"tags":[],"class_list":["post-23586","post","type-post","status-publish","format-standard","has-post-thumbnail","hentry","category-tebrik"],"featured_image_urls":{"full":["https:\/\/veteran.az\/wp-content\/uploads\/2023\/07\/Rzaquliyev.jpg",975,540,false],"thumbnail":["https:\/\/veteran.az\/wp-content\/uploads\/2023\/07\/Rzaquliyev-300x166.jpg",150,83,true],"medium":["https:\/\/veteran.az\/wp-content\/uploads\/2023\/07\/Rzaquliyev-700x388.jpg",300,166,true],"medium_large":["https:\/\/veteran.az\/wp-content\/uploads\/2023\/07\/Rzaquliyev-768x425.jpg",640,354,true],"large":["https:\/\/veteran.az\/wp-content\/uploads\/2023\/07\/Rzaquliyev.jpg",640,354,false],"1536x1536":["https:\/\/veteran.az\/wp-content\/uploads\/2023\/07\/Rzaquliyev.jpg",975,540,false],"2048x2048":["https:\/\/veteran.az\/wp-content\/uploads\/2023\/07\/Rzaquliyev.jpg",975,540,false],"covernews-slider-full":["https:\/\/veteran.az\/wp-content\/uploads\/2023\/07\/Rzaquliyev.jpg",975,540,false],"covernews-slider-center":["https:\/\/veteran.az\/wp-content\/uploads\/2023\/07\/Rzaquliyev-800x500.jpg",800,500,true],"covernews-featured":["https:\/\/veteran.az\/wp-content\/uploads\/2023\/07\/Rzaquliyev.jpg",975,540,false],"covernews-medium":["https:\/\/veteran.az\/wp-content\/uploads\/2023\/07\/Rzaquliyev-540x340.jpg",540,340,true],"covernews-medium-square":["https:\/\/veteran.az\/wp-content\/uploads\/2023\/07\/Rzaquliyev-400x250.jpg",400,250,true]},"author_info":{"display_name":"Veteran.az","author_link":"https:\/\/veteran.az\/?author=3"},"category_info":"<a href=\"https:\/\/veteran.az\/?cat=13\" rel=\"category\">T\u0259brik<\/a>","tag_info":"T\u0259brik","comment_count":"0","_links":{"self":[{"href":"https:\/\/veteran.az\/index.php?rest_route=\/wp\/v2\/posts\/23586","targetHints":{"allow":["GET"]}}],"collection":[{"href":"https:\/\/veteran.az\/index.php?rest_route=\/wp\/v2\/posts"}],"about":[{"href":"https:\/\/veteran.az\/index.php?rest_route=\/wp\/v2\/types\/post"}],"author":[{"embeddable":true,"href":"https:\/\/veteran.az\/index.php?rest_route=\/wp\/v2\/users\/3"}],"replies":[{"embeddable":true,"href":"https:\/\/veteran.az\/index.php?rest_route=%2Fwp%2Fv2%2Fcomments&post=23586"}],"version-history":[{"count":3,"href":"https:\/\/veteran.az\/index.php?rest_route=\/wp\/v2\/posts\/23586\/revisions"}],"predecessor-version":[{"id":23590,"href":"https:\/\/veteran.az\/index.php?rest_route=\/wp\/v2\/posts\/23586\/revisions\/23590"}],"wp:featuredmedia":[{"embeddable":true,"href":"https:\/\/veteran.az\/index.php?rest_route=\/wp\/v2\/media\/22041"}],"wp:attachment":[{"href":"https:\/\/veteran.az\/index.php?rest_route=%2Fwp%2Fv2%2Fmedia&parent=23586"}],"wp:term":[{"taxonomy":"category","embeddable":true,"href":"https:\/\/veteran.az\/index.php?rest_route=%2Fwp%2Fv2%2Fcategories&post=23586"},{"taxonomy":"post_tag","embeddable":true,"href":"https:\/\/veteran.az\/index.php?rest_route=%2Fwp%2Fv2%2Ftags&post=23586"}],"curies":[{"name":"wp","href":"https:\/\/api.w.org\/{rel}","templated":true}]}}