{"id":23483,"date":"2024-11-29T11:39:11","date_gmt":"2024-11-29T07:39:11","guid":{"rendered":"https:\/\/veteran.az\/?p=23483"},"modified":"2024-11-29T11:39:11","modified_gmt":"2024-11-29T07:39:11","slug":"t%c9%99brik-az%c9%99r-musayev-55","status":"publish","type":"post","link":"https:\/\/veteran.az\/?p=23483","title":{"rendered":"T\u0259brik: Az\u0259r Musayev &#8212; 55"},"content":{"rendered":"\n<p>Bu g\u00fcn Qaraba\u011f qazsi, AVMV\u0130B Z\u0259ngilan rayon \u015f\u00f6b\u0259sinin f\u0259al \u00fczv\u00fc Musayev Az\u0259r M\u0259h\u0259mm\u0259d o\u011flunun 55 ya\u015f\u0131 tamam olur.<\/p>\n\n\n\n<p>Bu m\u00fcnasib\u0259tl\u0259 Az\u0259r b\u0259yi t\u0259brik edir, sa\u011flam can uzun \u00f6m\u00fcr arzulay\u0131ram.<\/p>\n\n\n\n<p>Musayev Az\u0259r M\u0259h\u0259mm\u0259d o\u011flu 1969 cu il 29 noyabrda Z\u0259ngilan rayon Seyidl\u0259r k\u0259ndind\u0259 anadan olmu\u015fdur. Atas\u0131 M\u0259h\u0259mm\u0259d ki\u015fi k\u0259nd kitabxanas\u0131n\u0131n m\u00fcdiri, anas\u0131 M\u0259ry\u0259m is\u0259 f\u0259hl\u0259 i\u015fl\u0259y\u0259r\u0259k ail\u0259ni doland\u0131r\u0131r. Az\u0259r evin 9 cu u\u015fa\u011f\u0131 idi. \u0130lk t\u0259hsilini Z\u0259ngilan rayon Seyidl\u0259r k\u0259nd 8 illik m\u0259kt\u0259bd\u0259 ald\u0131qdan sonra Erm\u0259nistan SSri Qafan \u015f\u0259h\u0259rind\u0259 texniki pe\u015f\u0259 m\u0259kt\u0259bin\u0259 ged\u0259r\u0259k s\u00fcr\u00fcc\u00fcl\u00fck kursunda oxumu\u015f m\u0259kt\u0259bi qurtarmam\u0131\u015f m\u0259kirli erm\u0259nil\u0259rl\u0259 aralar\u0131nda yaranm\u0131\u015f m\u00fcnaqi\u015f\u0259 \u00fcz\u00fcnd\u0259n ( bir ne\u00e7\u0259 erm\u0259nini d\u00f6yd\u00fcy\u00fcn\u00fc g\u00f6r\u0259) erm\u0259ni m\u0259kt\u0259b r\u0259hb\u0131rliyi t\u0259r\u0259find\u0259n polis\u0259 verilmi\u015f, tutulmas\u0131 t\u0259l\u0259b olunmu\u015fdu. Bu hal\u0131 n\u0259z\u0259r\u0259 alaraq \u0259riz\u0259 yazaraq 1987ci ild\u0259 Sovet ordusu s\u0131ralar\u0131na yollanm\u0131\u015fd\u0131r.<\/p>\n\n\n\n<p>2 il ,1989 cu il\u0259 d\u0259k Rusiyan\u0131n Orenburq \u015f\u0259h\u0259rind\u0259 h\u0259rbi xidm\u0259t ke\u00e7dikd\u0259n sonra do\u011fma Seyidl\u0259r k\u0259ndin\u0259 qay\u0131tm\u0131\u015fd\u0131r.<\/p>\n\n\n\n<p>Az\u0259r do\u011fma k\u0259ndin\u0259 qay\u0131danda artiq Erm\u0259nistan Az\u0259rbaycana qar\u015f\u0131 torpaq iddias\u0131 il\u0259 m\u00fcnaqi\u015f\u0259 ba\u015flatm\u0131\u015f, qon\u015fu Qafan rayonu \u0259razisind\u0259 yerl\u0259\u015f\u0259n Az\u0259rbaycan k\u0259ndl\u0259rinin sakinl\u0259rini qovum \u00f6z do\u011fma torpaqlar\u0131ndan \u00e7\u0131xar\u0131rd\u0131lar. Seyidl\u0259r k\u0259ndi d\u0259 3 t\u0259r\u0259fd\u0259n Erm\u0259nistanla s\u0259rh\u0259d oldu\u011funa g\u00f6r\u0259 orda da v\u0259ziyy\u0259t \u00fcr\u0259ka\u00e7an deyildi. 1990 c\u0131 ild\u0259 o vaxtk\u0131 Az\u0259rbaycan Respublikas\u0131n\u0131n Daxili \u0130\u015fl\u0259r naziri M\u0259rhum M\u0259h\u0259mm\u0259d \u018fs\u0259dovun g\u00f6st\u0259ri\u015fi il\u0259 s\u0259rh\u0259d k\u0259ndl\u0259rin m\u00fcdafi\u0259si \u00fc\u00e7\u00fcn o k\u0259ndl\u0259rd\u0259 ya\u015fayan g\u0259ncl\u0259rin milis s\u0131ralar\u0131na c\u0259lb edib k\u0259ndl\u0259ri m\u0259kirli erm\u0259ni terror\u00e7ular\u0131n\u0131n qoruma\u011f\u0131 \u00fc\u00e7\u00fcn h\u0259r\u0259k\u0259t\u0259 ke\u00e7ilir. Az\u0259r Musayev d\u0259 Yeni yaranan milis b\u00f6lm\u0259sin\u0259 yaz\u0131laraq V\u0259t\u0259nin m\u00fcdafi\u0259sin\u0259 qalx\u0131r.<\/p>\n\n\n\n<p>H\u0259m\u0259n \u0259r\u0259f\u0259d\u0259 Erm\u0259nistanla s\u0259rh\u0259dd\u0259 Sovet Ordusunun qo\u015funlar\u0131 da yeridilir v\u0259 Seyidl\u0259r k\u0259ndind\u0259 d\u0259 1 zastava yarad\u0131l\u0131r. 1 g\u00fcn Sovet zastavas\u0131n\u0131n komandiri Yer\u015fov k\u0259nd sakinl\u0259rind\u0259n guya yolu g\u00f6st\u0259rm\u0259k ad\u0131 il\u0259 4 n\u0259f\u0259r, milis n\u0259f\u0259rl\u0259ri Az\u0259r Musayev, Ramiz M\u0259mm\u0259dov, m\u00fclki Nur\u0259ddin Nuriyev v\u0259 M\u0259zahir \u018fliyevi erm\u0259ni k\u0259ndind\u0259nnke\u00e7m\u0259kl\u0259 Yem\u0259zli k\u0259ndin\u0259 gedir v\u0259 qay\u0131danda Qafan rayonunun H\u0259yr\u0259k k\u0259ndind\u0259 bu 4 n\u0259f\u0259r k\u0259nd sakinini erm\u0259ni terror\u00e7ular\u0131na t\u0259hfil verir.<\/p>\n\n\n\n<p>1 h\u0259ft\u0259 \u0259sirlikd\u0259 qalan Az\u0259r Musayev\u0259 Olmaz\u0131n i\u015fg\u0259nc\u0259l\u0259r verilir. Z\u0259ngilan rayon polis idar\u0259sinin v\u0259 k\u0259nd sakinl\u0259rinin s\u0259yi n\u0259tic\u0259sind\u0259 20 y\u0259 yax\u0131n erm\u0259ni \u0259sr g\u00f6t\u00fcr\u00fcl\u00fcr v\u0259 Az\u0259r g\u00fcll\u0259 d\u0259yi\u015fdirilir. Z\u0259ngilan rayon x\u0259st\u0259xanas\u0131nda m\u00fcalic\u0259 alaraq yenid\u0259n xidm\u0259t\u0259 ba\u015flayan Az\u0259r Z\u0259ngilan rayonu i\u015f\u011fal olunduqdan sonra 1995 ci ild\u0259 xidm\u0259ti yerini d\u0259yi\u015f\u0259r\u0259k F\u00f6vq\u0259lad\u0259 Hallar Nazirliyinin Yan\u011f\u0131ndan M\u00fchafiz\u0259 idar\u0259sind\u0259 i\u015fl\u0259m\u0259y\u0259 ba\u015flay\u0131r. 2 ci Qrup M\u00fcharib\u0259 \u018flili olan Az\u0259r Musayev 2016 c\u0131 ild\u0259 x\u0259st\u0259liyi il\u0259 \u0259laq\u0259dar t\u0259qa\u00fcd\u0259 g\u00f6nd\u0259rilir.<\/p>\n\n\n\n<p>2020 ci il Tovuz d\u00f6y\u00fc\u015fl\u0259rind\u0259 Tovuza ged\u0259r\u0259k erm\u0259nil\u0259r\u0259 qar\u015f\u0131 d\u00f6y\u00fc\u015fm\u0259k \u00fc\u00e7\u00fcn qeydiyyatdan ke\u00e7i, 2020 ci il iyin ay\u0131ndan s\u0259rh\u0259dl\u0259rimizin b\u0259rkidilm\u0259si \u00fc\u00e7\u00fcn ba\u015flad\u0131\u011f\u0131m\u0131z t\u0259k\u0259r kompaniyas\u0131na qo\u015fularaq d\u00fc\u015fm\u0259nl\u0259 t\u0259mas x\u0259ttind\u0259 postlar\u0131m\u0131z\u0131n b\u0259rkidilm\u0259si \u00fc\u00e7\u00fcn TITlarla t\u0259k\u0259rin v\u0259 \u015epal\u0131n y\u00fckl\u0259nm\u0259sind\u0259 b\u00f6y\u00fck \u0259ziyy\u0259ti olmu\u015fdur. 2020 ci il 27 sentyabrda ba\u015flanan V\u0259t\u0259n M\u00fcharib\u0259sind\u0259 F\u00fczuli C\u0259bray\u0131l istiqam\u0259tind\u0259 Az\u0259rbaycan ordusunun t\u0259minat\u0131nda f\u0259all\u0131qla i\u015ftirak etmi\u015fdir. Hal haz\u0131ra kimi d\u0259 \u0130\u015f\u011falda azad olunan torpaqlarda h\u0259rbi hiss\u0259l\u0259rd\u0259 t\u0259\u015fkil olunan b\u00fct\u00fcn t\u0259dbirl\u0259r\u0259 qat\u0131laraq g\u0259nc \u0259sg\u0259rl\u0259rimizl\u0259 g\u00f6r\u00fc\u015fl\u0259rd\u0259 v\u0259t\u0259np\u0259rv\u0259r ruhda s\u00f6hb\u0259tl\u0259r apararaq \u018fsg\u0259rl\u0259rimiz\u0259 d\u0259st\u0259k olmaqdad\u0131r.<\/p>\n\n\n\n<p>FHN yan\u011f\u0131ndan m\u00fchafiz\u0259 b\u00f6lm\u0259sind\u0259 i\u015fl\u0259diyi m\u00fcdd\u0259td\u0259 g\u00f6st\u0259rdiyi \u015f\u0259xsi pe\u015f\u0259karl\u0131\u011fa g\u00f6r\u0259 r\u0259hb\u0259rlik t\u0259r\u0259find\u0259n Medallar v\u0259 F\u0259xri f\u0259rmanla t\u0259ltif olunmu\u015fdur.<\/p>\n\n\n\n<p>AVMV\u0130B Z\u0259ngilan rayon \u015f\u00f6b\u0259sinin \u00fczv\u00fc olan Az\u0259r Musayev AVMV\u0130B in t\u0259sis etdiyi xatir\u0259 medallar\u0131 v\u0259 Bir \u00e7ox h\u0259rbi hiss\u0259 komandirinin F\u0259xri F\u0259rmanlar\u0131 il\u0259 t\u0259ltif olunmu\u015fdur.<\/p>\n\n\n\n<p>Az\u0259r b\u0259yi 55 ya\u015f\u0131 m\u00fcnasib\u0259til\u0259 t\u0259brik edir, uzun \u00f6m\u00fcr arzulay\u0131r\u0131q.<\/p>\n\n\n\n<a href=\"https:\/\/postimages.org\/\" target=\"_blank\" rel=\"noopener\"><img decoding=\"async\" src=\"https:\/\/i.postimg.cc\/rsLP8pvh\/468666659-9012917432103475-724441423046819946-n.jpg\" alt=\"468666659-9012917432103475-724441423046819946-n\"\/><\/a><br\/><br\/>\n<a href=\"https:\/\/postimg.cc\/9w0BNszk\" target=\"_blank\" rel=\"noopener\"><img decoding=\"async\" src=\"https:\/\/i.postimg.cc\/D0dYmTh7\/468640999-9012917172103501-5780690357612447490-n.jpg\" alt=\"468640999-9012917172103501-5780690357612447490-n\"\/><\/a><br\/><br\/>\n<a href=\"https:\/\/postimages.org\/\" target=\"_blank\" rel=\"noopener\"><img decoding=\"async\" src=\"https:\/\/i.postimg.cc\/xCmZDmFJ\/468643240-9012917512103467-5437844354993560728-n.jpg\" alt=\"468643240-9012917512103467-5437844354993560728-n\"\/><\/a><br\/><br\/>\n<a href=\"https:\/\/postimg.cc\/V5k4604F\" target=\"_blank\" rel=\"noopener\"><img decoding=\"async\" src=\"https:\/\/i.postimg.cc\/WpMy5Mkx\/468725513-9012917298770155-4704598305872328748-n.jpg\" alt=\"468725513-9012917298770155-4704598305872328748-n\"\/><\/a><br\/><br\/>\n\n","protected":false},"excerpt":{"rendered":"<p>Bu g\u00fcn Qaraba\u011f qazsi, AVMV\u0130B Z\u0259ngilan rayon \u015f\u00f6b\u0259sinin f\u0259al \u00fczv\u00fc Musayev Az\u0259r M\u0259h\u0259mm\u0259d o\u011flunun 55&#8230;<\/p>\n","protected":false},"author":3,"featured_media":0,"comment_status":"closed","ping_status":"closed","sticky":false,"template":"","format":"standard","meta":{"footnotes":""},"categories":[13],"tags":[],"class_list":["post-23483","post","type-post","status-publish","format-standard","hentry","category-tebrik"],"featured_image_urls":{"full":"","thumbnail":"","medium":"","medium_large":"","large":"","1536x1536":"","2048x2048":"","covernews-slider-full":"","covernews-slider-center":"","covernews-featured":"","covernews-medium":"","covernews-medium-square":""},"author_info":{"display_name":"Veteran.az","author_link":"https:\/\/veteran.az\/?author=3"},"category_info":"<a href=\"https:\/\/veteran.az\/?cat=13\" rel=\"category\">T\u0259brik<\/a>","tag_info":"T\u0259brik","comment_count":"0","_links":{"self":[{"href":"https:\/\/veteran.az\/index.php?rest_route=\/wp\/v2\/posts\/23483","targetHints":{"allow":["GET"]}}],"collection":[{"href":"https:\/\/veteran.az\/index.php?rest_route=\/wp\/v2\/posts"}],"about":[{"href":"https:\/\/veteran.az\/index.php?rest_route=\/wp\/v2\/types\/post"}],"author":[{"embeddable":true,"href":"https:\/\/veteran.az\/index.php?rest_route=\/wp\/v2\/users\/3"}],"replies":[{"embeddable":true,"href":"https:\/\/veteran.az\/index.php?rest_route=%2Fwp%2Fv2%2Fcomments&post=23483"}],"version-history":[{"count":1,"href":"https:\/\/veteran.az\/index.php?rest_route=\/wp\/v2\/posts\/23483\/revisions"}],"predecessor-version":[{"id":23485,"href":"https:\/\/veteran.az\/index.php?rest_route=\/wp\/v2\/posts\/23483\/revisions\/23485"}],"wp:attachment":[{"href":"https:\/\/veteran.az\/index.php?rest_route=%2Fwp%2Fv2%2Fmedia&parent=23483"}],"wp:term":[{"taxonomy":"category","embeddable":true,"href":"https:\/\/veteran.az\/index.php?rest_route=%2Fwp%2Fv2%2Fcategories&post=23483"},{"taxonomy":"post_tag","embeddable":true,"href":"https:\/\/veteran.az\/index.php?rest_route=%2Fwp%2Fv2%2Ftags&post=23483"}],"curies":[{"name":"wp","href":"https:\/\/api.w.org\/{rel}","templated":true}]}}