{"id":23407,"date":"2024-11-09T14:39:34","date_gmt":"2024-11-09T10:39:34","guid":{"rendered":"https:\/\/veteran.az\/?p=23407"},"modified":"2024-11-09T14:43:28","modified_gmt":"2024-11-09T10:43:28","slug":"avmvib-s%c9%99drind%c9%99n-bayraq-gunu-munasib%c9%99ti-il%c9%99-t%c9%99brik","status":"publish","type":"post","link":"https:\/\/veteran.az\/?p=23407","title":{"rendered":"AVMV\u0130B s\u0259drind\u0259n D\u00f6vl\u0259t Bayra\u011f\u0131 G\u00fcn\u00fc m\u00fcnasib\u0259ti il\u0259 t\u0259brik"},"content":{"rendered":"\n<p>Az\u0259rbaycan V\u0259t\u0259n M\u00fcharib\u0259si Veteranlar\u0131 \u0130ctimai Birliyinin s\u0259dri F\u00fczuli Rzaquliyev 9 noyabr Bayraq G\u00fcn\u00fc m\u00fcnasib\u0259til\u0259 xalq\u0131m\u0131z\u0131 t\u0259brik etmi\u015fdir. T\u0259brikind\u0259 o, Az\u0259rbaycan\u0131n \u00fc\u00e7r\u0259ngli bayra\u011f\u0131n\u0131n h\u0259r zaman m\u00fcst\u0259qilliyimizin v\u0259 milli birlik simvolu oldu\u011funu vur\u011fulayaraq, yax\u0131n g\u0259l\u0259c\u0259kd\u0259 bu bayra\u011f\u0131n tarixi torpaqlar\u0131m\u0131zda, o c\u00fcml\u0259d\u0259n Z\u0259ng\u0259zur d\u0259hlizind\u0259 d\u0259 \u0259z\u0259m\u0259tl\u0259 dal\u011falanaca\u011f\u0131na olan inam\u0131n\u0131 ifad\u0259 etmi\u015fdir. <\/p>\n\n\n\n<p>F\u00fczuli Rzaquliyev t\u0259brikind\u0259 bildirmi\u015fdir ki, Az\u0259rbaycan bayra\u011f\u0131n\u0131n i\u015f\u011faldan azad edilmi\u015f suveren torpaqlar\u0131m\u0131zda \u0259b\u0259di y\u00fcks\u0259lm\u0259si bizim \u00fc\u00e7\u00fcn q\u00fcrur oldu\u011fu kimi, Z\u0259ng\u0259zurda da dal\u011falanmas\u0131 \u00f6lk\u0259mizin g\u00fcc\u00fcn\u00fc v\u0259 \u0259razi b\u00fct\u00f6vl\u00fcy\u00fcm\u00fcz\u00fcn b\u0259rpas\u0131n\u0131 d\u00fcnyaya g\u00f6st\u0259r\u0259c\u0259kdir. &#8216;Bu m\u00fcq\u0259dd\u0259s g\u00fcn\u0259 tezlikl\u0259 \u015fahid olaca\u011f\u0131q&#8217; dey\u0259n s\u0259dr, Az\u0259rbaycan xalq\u0131n\u0131 Bayraq G\u00fcn\u00fc m\u00fcnasib\u0259til\u0259 t\u0259brik ed\u0259r\u0259k, \u015f\u0259hidl\u0259rimizin ruhunu ehtiramla yad etmi\u015f v\u0259 qazil\u0259rimiz\u0259 g\u00fcc-q\u00fcvv\u0259t arzulam\u0131\u015fd\u0131r.<\/p>\n\n\n\n<p><strong>AVMV\u0130B M\u0259tbuat xidm\u0259ti<\/strong><\/p>\n","protected":false},"excerpt":{"rendered":"<p>Az\u0259rbaycan V\u0259t\u0259n M\u00fcharib\u0259si Veteranlar\u0131 \u0130ctimai Birliyinin s\u0259dri F\u00fczuli Rzaquliyev 9 noyabr Bayraq G\u00fcn\u00fc m\u00fcnasib\u0259til\u0259 xalq\u0131m\u0131z\u0131&#8230;<\/p>\n","protected":false},"author":3,"featured_media":22039,"comment_status":"closed","ping_status":"closed","sticky":false,"template":"","format":"standard","meta":{"footnotes":""},"categories":[10],"tags":[],"class_list":["post-23407","post","type-post","status-publish","format-standard","has-post-thumbnail","hentry","category-avmvib"],"featured_image_urls":{"full":["https:\/\/veteran.az\/wp-content\/uploads\/2023\/12\/avmvib_sedri_-scaled.jpg",2560,1576,false],"thumbnail":["https:\/\/veteran.az\/wp-content\/uploads\/2023\/12\/avmvib_sedri_-300x185.jpg",150,93,true],"medium":["https:\/\/veteran.az\/wp-content\/uploads\/2023\/12\/avmvib_sedri_-700x431.jpg",300,185,true],"medium_large":["https:\/\/veteran.az\/wp-content\/uploads\/2023\/12\/avmvib_sedri_-768x473.jpg",640,394,true],"large":["https:\/\/veteran.az\/wp-content\/uploads\/2023\/12\/avmvib_sedri_-999x615.jpg",640,394,true],"1536x1536":["https:\/\/veteran.az\/wp-content\/uploads\/2023\/12\/avmvib_sedri_-1536x946.jpg",1536,946,true],"2048x2048":["https:\/\/veteran.az\/wp-content\/uploads\/2023\/12\/avmvib_sedri_-2048x1261.jpg",2048,1261,true],"covernews-slider-full":["https:\/\/veteran.az\/wp-content\/uploads\/2023\/12\/avmvib_sedri_-1115x715.jpg",1115,715,true],"covernews-slider-center":["https:\/\/veteran.az\/wp-content\/uploads\/2023\/12\/avmvib_sedri_-800x500.jpg",800,500,true],"covernews-featured":["https:\/\/veteran.az\/wp-content\/uploads\/2023\/12\/avmvib_sedri_-1024x630.jpg",1024,630,true],"covernews-medium":["https:\/\/veteran.az\/wp-content\/uploads\/2023\/12\/avmvib_sedri_-540x340.jpg",540,340,true],"covernews-medium-square":["https:\/\/veteran.az\/wp-content\/uploads\/2023\/12\/avmvib_sedri_-400x250.jpg",400,250,true]},"author_info":{"display_name":"Veteran.az","author_link":"https:\/\/veteran.az\/?author=3"},"category_info":"<a href=\"https:\/\/veteran.az\/?cat=10\" rel=\"category\">AVMV\u0130B<\/a>","tag_info":"AVMV\u0130B","comment_count":"0","_links":{"self":[{"href":"https:\/\/veteran.az\/index.php?rest_route=\/wp\/v2\/posts\/23407","targetHints":{"allow":["GET"]}}],"collection":[{"href":"https:\/\/veteran.az\/index.php?rest_route=\/wp\/v2\/posts"}],"about":[{"href":"https:\/\/veteran.az\/index.php?rest_route=\/wp\/v2\/types\/post"}],"author":[{"embeddable":true,"href":"https:\/\/veteran.az\/index.php?rest_route=\/wp\/v2\/users\/3"}],"replies":[{"embeddable":true,"href":"https:\/\/veteran.az\/index.php?rest_route=%2Fwp%2Fv2%2Fcomments&post=23407"}],"version-history":[{"count":3,"href":"https:\/\/veteran.az\/index.php?rest_route=\/wp\/v2\/posts\/23407\/revisions"}],"predecessor-version":[{"id":23410,"href":"https:\/\/veteran.az\/index.php?rest_route=\/wp\/v2\/posts\/23407\/revisions\/23410"}],"wp:featuredmedia":[{"embeddable":true,"href":"https:\/\/veteran.az\/index.php?rest_route=\/wp\/v2\/media\/22039"}],"wp:attachment":[{"href":"https:\/\/veteran.az\/index.php?rest_route=%2Fwp%2Fv2%2Fmedia&parent=23407"}],"wp:term":[{"taxonomy":"category","embeddable":true,"href":"https:\/\/veteran.az\/index.php?rest_route=%2Fwp%2Fv2%2Fcategories&post=23407"},{"taxonomy":"post_tag","embeddable":true,"href":"https:\/\/veteran.az\/index.php?rest_route=%2Fwp%2Fv2%2Ftags&post=23407"}],"curies":[{"name":"wp","href":"https:\/\/api.w.org\/{rel}","templated":true}]}}