{"id":23390,"date":"2024-11-08T00:01:45","date_gmt":"2024-11-07T20:01:45","guid":{"rendered":"https:\/\/veteran.az\/?p=23390"},"modified":"2024-11-08T00:03:43","modified_gmt":"2024-11-07T20:03:43","slug":"avmvib-s%c9%99dri-fuzuli-rzaquliyev-z%c9%99f%c9%99r-gunu-munasib%c9%99ti-il%c9%99-t%c9%99brik-etdi","status":"publish","type":"post","link":"https:\/\/veteran.az\/?p=23390","title":{"rendered":"AVMV\u0130B s\u0259dri F\u00fczuli Rzaquliyev Z\u0259f\u0259r G\u00fcn\u00fc m\u00fcnasib\u0259ti il\u0259 t\u0259brik etdi"},"content":{"rendered":"\n<p><em>Az\u0259rbaycan V\u0259t\u0259n M\u00fcharib\u0259si Veteranlar\u0131 \u0130ctimai Birliyinin (AVMV\u0130B) s\u0259dri F\u00fczuli Rzaquliyev 8 Noyabr &#8212; Z\u0259f\u0259r G\u00fcn\u00fc m\u00fcnasib\u0259til\u0259 xalq\u0131m\u0131z\u0131 t\u0259brik etmi\u015fdir. AVMV\u0130B M\u0259tbuat xidm\u0259ti t\u0259briki oxucular\u0131n diqq\u0259tin\u0259 \u00e7atd\u0131r\u0131r:<\/em><\/p>\n\n\n\n<p>&#171;\u018fziz h\u0259mv\u0259t\u0259nl\u0259r! Sizi Az\u0259rbaycan xalq\u0131n\u0131n tarixi q\u00fcrur v\u0259 \u015f\u0259r\u0259f dolu g\u00fcn\u00fc olan Z\u0259f\u0259r G\u00fcn\u00fc m\u00fcnasib\u0259til\u0259 s\u0259mimi q\u0259lbd\u0259n t\u0259brik edir\u0259m! Bu b\u00f6y\u00fck Q\u0259l\u0259b\u0259 yaln\u0131z torpaqlar\u0131m\u0131z\u0131n azad olunmas\u0131 deyil, h\u0259m d\u0259 Az\u0259rbaycan xalq\u0131n\u0131n milli irad\u0259si, birliyi v\u0259 \u0259yilm\u0259z ruhunun t\u0259c\u0259ss\u00fcm\u00fcd\u00fcr.<\/p>\n\n\n\n<p>Bu q\u0259l\u0259b\u0259, \u015f\u0259hidl\u0259rimizin m\u00fcq\u0259dd\u0259s qan\u0131 il\u0259 yo\u011frulmu\u015f azadl\u0131q yolunda parlaq bir z\u0259f\u0259rdir. Onlar\u0131n \u0259ziz xatir\u0259si h\u0259r zaman \u00fcr\u0259kl\u0259rimizd\u0259 ya\u015fayacaq v\u0259 he\u00e7 vaxt unudulmayacaq. Biz onlar\u0131n qoydu\u011fu bu m\u00fcq\u0259dd\u0259s v\u0259zif\u0259ni daima uca tutacaq v\u0259 tezlikl\u0259 Z\u0259ng\u0259zurumuza geri qay\u0131daca\u011f\u0131q!<\/p>\n\n\n\n<p>Ali Ba\u015f Komandan\u0131m\u0131z c\u0259nab \u0130lham \u018fliyevin d\u0259mir irad\u0259si, ordumuzun q\u0259hr\u0259manl\u0131qla yazd\u0131\u011f\u0131 yeni tarix bu q\u0259l\u0259b\u0259ni m\u00fcmk\u00fcn etdi. M\u0259hz onun m\u00fcdrik r\u0259hb\u0259rliyi alt\u0131nda qazand\u0131\u011f\u0131m\u0131z bu Z\u0259f\u0259r, Az\u0259rbaycan\u0131n suverenliyinin b\u0259rpas\u0131 yolunda q\u0131z\u0131l h\u0259rfl\u0259rl\u0259 tarix\u0259 yaz\u0131lm\u0131\u015fd\u0131r. Bu m\u00f6ht\u0259\u015f\u0259m z\u0259f\u0259ri bizl\u0259r\u0259 b\u0259x\u015f ed\u0259n Ali Ba\u015f Komandana, q\u0259hr\u0259man ordumuza v\u0259 bu u\u011furda can\u0131n\u0131 f\u0259da etmi\u015f igid \u015f\u0259hidl\u0259rimiz\u0259 sonsuz minn\u0259tdarl\u0131\u011f\u0131m\u0131z\u0131 bildirir\u0259m.<\/p>\n\n\n\n<p>Z\u0259f\u0259rimiz m\u00fcbar\u0259k olsun! Z\u0259ng\u0259zurda g\u00f6r\u00fc\u015f\u0259n\u0259d\u0259k!&#187;<\/p>\n\n\n\n<p><strong>AVMV\u0130B M\u0259tbuat xidm\u0259ti<\/strong><\/p>\n","protected":false},"excerpt":{"rendered":"<p>Az\u0259rbaycan V\u0259t\u0259n M\u00fcharib\u0259si Veteranlar\u0131 \u0130ctimai Birliyinin (AVMV\u0130B) s\u0259dri F\u00fczuli Rzaquliyev 8 Noyabr &#8212; Z\u0259f\u0259r G\u00fcn\u00fc&#8230;<\/p>\n","protected":false},"author":4,"featured_media":22039,"comment_status":"closed","ping_status":"closed","sticky":false,"template":"","format":"standard","meta":{"footnotes":""},"categories":[10],"tags":[],"class_list":["post-23390","post","type-post","status-publish","format-standard","has-post-thumbnail","hentry","category-avmvib"],"featured_image_urls":{"full":["https:\/\/veteran.az\/wp-content\/uploads\/2023\/12\/avmvib_sedri_-scaled.jpg",2560,1576,false],"thumbnail":["https:\/\/veteran.az\/wp-content\/uploads\/2023\/12\/avmvib_sedri_-300x185.jpg",150,93,true],"medium":["https:\/\/veteran.az\/wp-content\/uploads\/2023\/12\/avmvib_sedri_-700x431.jpg",300,185,true],"medium_large":["https:\/\/veteran.az\/wp-content\/uploads\/2023\/12\/avmvib_sedri_-768x473.jpg",640,394,true],"large":["https:\/\/veteran.az\/wp-content\/uploads\/2023\/12\/avmvib_sedri_-999x615.jpg",640,394,true],"1536x1536":["https:\/\/veteran.az\/wp-content\/uploads\/2023\/12\/avmvib_sedri_-1536x946.jpg",1536,946,true],"2048x2048":["https:\/\/veteran.az\/wp-content\/uploads\/2023\/12\/avmvib_sedri_-2048x1261.jpg",2048,1261,true],"covernews-slider-full":["https:\/\/veteran.az\/wp-content\/uploads\/2023\/12\/avmvib_sedri_-1115x715.jpg",1115,715,true],"covernews-slider-center":["https:\/\/veteran.az\/wp-content\/uploads\/2023\/12\/avmvib_sedri_-800x500.jpg",800,500,true],"covernews-featured":["https:\/\/veteran.az\/wp-content\/uploads\/2023\/12\/avmvib_sedri_-1024x630.jpg",1024,630,true],"covernews-medium":["https:\/\/veteran.az\/wp-content\/uploads\/2023\/12\/avmvib_sedri_-540x340.jpg",540,340,true],"covernews-medium-square":["https:\/\/veteran.az\/wp-content\/uploads\/2023\/12\/avmvib_sedri_-400x250.jpg",400,250,true]},"author_info":{"display_name":"Admin","author_link":"https:\/\/veteran.az\/?author=4"},"category_info":"<a href=\"https:\/\/veteran.az\/?cat=10\" rel=\"category\">AVMV\u0130B<\/a>","tag_info":"AVMV\u0130B","comment_count":"0","_links":{"self":[{"href":"https:\/\/veteran.az\/index.php?rest_route=\/wp\/v2\/posts\/23390","targetHints":{"allow":["GET"]}}],"collection":[{"href":"https:\/\/veteran.az\/index.php?rest_route=\/wp\/v2\/posts"}],"about":[{"href":"https:\/\/veteran.az\/index.php?rest_route=\/wp\/v2\/types\/post"}],"author":[{"embeddable":true,"href":"https:\/\/veteran.az\/index.php?rest_route=\/wp\/v2\/users\/4"}],"replies":[{"embeddable":true,"href":"https:\/\/veteran.az\/index.php?rest_route=%2Fwp%2Fv2%2Fcomments&post=23390"}],"version-history":[{"count":4,"href":"https:\/\/veteran.az\/index.php?rest_route=\/wp\/v2\/posts\/23390\/revisions"}],"predecessor-version":[{"id":23396,"href":"https:\/\/veteran.az\/index.php?rest_route=\/wp\/v2\/posts\/23390\/revisions\/23396"}],"wp:featuredmedia":[{"embeddable":true,"href":"https:\/\/veteran.az\/index.php?rest_route=\/wp\/v2\/media\/22039"}],"wp:attachment":[{"href":"https:\/\/veteran.az\/index.php?rest_route=%2Fwp%2Fv2%2Fmedia&parent=23390"}],"wp:term":[{"taxonomy":"category","embeddable":true,"href":"https:\/\/veteran.az\/index.php?rest_route=%2Fwp%2Fv2%2Fcategories&post=23390"},{"taxonomy":"post_tag","embeddable":true,"href":"https:\/\/veteran.az\/index.php?rest_route=%2Fwp%2Fv2%2Ftags&post=23390"}],"curies":[{"name":"wp","href":"https:\/\/api.w.org\/{rel}","templated":true}]}}