{"id":23194,"date":"2024-10-07T09:17:50","date_gmt":"2024-10-07T05:17:50","guid":{"rendered":"https:\/\/veteran.az\/?p=23194"},"modified":"2024-10-07T09:17:50","modified_gmt":"2024-10-07T05:17:50","slug":"07-oktyabr-2020-ikinci-qarabag-muharib%c9%99sinin-xronologiyasi","status":"publish","type":"post","link":"https:\/\/veteran.az\/?p=23194","title":{"rendered":"07 oktyabr 2020 \u201c \u0130kinci Qaraba\u011f m\u00fcharib\u0259sinin xronologiyas\u0131\u201d *"},"content":{"rendered":"\n<p>2020-ci il sentyabr\u0131n 27-d\u0259 Erm\u0259nistan silahl\u0131 q\u00fcvv\u0259l\u0259rinin c\u0259bh\u0259boyu t\u00f6r\u0259tdiyi geni\u015fmiqyasl\u0131 t\u0259xribatlara cavab olaraq Az\u0259rbaycan Ordusu sonradan \u201cD\u0259mir yumruq\u201d adland\u0131r\u0131lan \u0259ks-h\u00fccum \u0259m\u0259liyyat\u0131na ba\u015flad\u0131. 44 g\u00fcn davam ed\u0259n V\u0259t\u0259n m\u00fcharib\u0259si t\u0259xmin\u0259n otuzillik i\u015f\u011fala son qoyulmas\u0131 v\u0259 \u0259razi b\u00fct\u00f6vl\u00fcy\u00fcm\u00fcz\u00fcn b\u0259rpas\u0131 il\u0259 n\u0259tic\u0259l\u0259ndi. M\u00fcz\u0259ff\u0259r Ali Ba\u015f Komandan \u0130lham \u018fliyevin r\u0259hb\u0259rliyi il\u0259 qazan\u0131lm\u0131\u015f m\u00f6ht\u0259\u015f\u0259m Z\u0259f\u0259r tariximiz\u0259 q\u0131z\u0131l h\u0259rfl\u0259rl\u0259 yaz\u0131ld\u0131.<br>AVMV\u0130B Neft\u00e7al \u015e\u00f6b\u0259si V\u0259t\u0259n m\u00fcharib\u0259sinin xronikas\u0131n\u0131 t\u0259qdim edir.<br>M\u00fcharib\u0259nin 11-cu g\u00fcn\u00fc<br>M\u00fcbariz Eldar o\u011flu, AVMV\u0130B-nin Neft\u00e7ala rayon \u015f\u00f6b\u0259 s\u0259dri v\u0259 \u00abVetran.az\u201d q\u0259zetinin \u015eirvan-Salyan regional muxbiri.<\/p>\n\n\n\n<hr class=\"wp-block-separator has-alpha-channel-opacity\"\/>\n\n\n\n<pre class=\"wp-block-code\"><code>              Az\u0259rbaycan M\u00fcdafi\u0259 Nazirliyi gec\u0259 boyu c\u0259bh\u0259nin b\u00fct\u00fcn istiqam\u0259tl\u0259rind\u0259 \u015fidd\u0259tli d\u00f6y\u00fc\u015fl\u0259rin getdiyini a\u00e7\u0131qlam\u0131\u015fd\u0131r.\n   Saat 10 rad\u0259l\u0259rind\u0259 Az\u0259rbaycan t\u0259r\u0259finin verdiyi m\u0259lumata g\u00f6r\u0259, Az\u0259rbaycan Ordusu C\u0259bray\u0131l rayonu istiqam\u0259tind\u0259 tam \u00fcst\u00fcnl\u00fcy\u00fc \u0259l\u0259 ke\u00e7irtmi\u015fdir.  H\u0259m\u00e7inin i\u015f\u011faldan azad olunmu\u015f \u015e\u00fck\u00fcrb\u0259yli k\u0259ndind\u0259n yeni videog\u00f6r\u00fcnt\u00fcl\u0259r yay\u0131mlanm\u0131\u015fd\u0131r.\n   Saat 10:20 rad\u0259l\u0259rind\u0259 Erm\u0259nistan silahl\u0131 q\u00fcvv\u0259l\u0259ri T\u0259rt\u0259r, B\u0259rd\u0259, A\u011fdam, A\u011fcab\u0259di, F\u00fczuli v\u0259 C\u0259bray\u0131l rayonlar\u0131n\u0131n k\u0259ndl\u0259rini at\u0259\u015f\u0259 tutmu\u015fdur.\n    Saat 12 rad\u0259l\u0259rind\u0259 Az\u0259rbaycan M\u00fcdafi\u0259 Nazirliyi d\u00fc\u015fm\u0259n texnikalar\u0131n\u0131n m\u0259hv edilm\u0259sinin n\u00f6vb\u0259ti videog\u00f6r\u00fcnt\u00fcs\u00fcn\u00fc yay\u0131mlam\u0131\u015fd\u0131r. G\u00fcnorta saatlar\u0131nda Az\u0259rbaycan M\u00fcdafi\u0259 Nazirliyi c\u0259bh\u0259nin m\u00fcxt\u0259lif istiqam\u0259tl\u0259rind\u0259 d\u00fc\u015fm\u0259nin dayaq n\u00f6qt\u0259l\u0259rinin \u0259l\u0259 ke\u00e7irildiyini a\u00e7\u0131qlam\u0131\u015fd\u0131r.  Erm\u0259nistan silahl\u0131 q\u00fcvv\u0259l\u0259rinin m\u00fclki \u0259halini h\u0259d\u0259f\u0259 almaqla a\u011f\u0131r artilleriyadan A\u011fdam rayonunu m\u00fcxt\u0259lif istiqam\u0259tl\u0259rd\u0259n at\u0259\u015f\u0259 tutmas\u0131 n\u0259tic\u0259sind\u0259 rayonun X\u0131nd\u0131r\u0131stan k\u0259ndi \u0259razisind\u0259 ya\u015fad\u0131\u011f\u0131 ev\u0259 m\u0259rmi d\u00fc\u015fm\u0259si n\u0259tic\u0259sind\u0259 k\u0259nd sakini 1945-ci il t\u0259v\u0259ll\u00fcdl\u00fc \u018fliyeva Z\u0259rif\u0259 Qamboy q\u0131z\u0131 h\u0259lak olmu\u015f, eyni zamanda ev\u0259 k\u00fclli miqdarda ziyan d\u0259ymi\u015fdir.\n    Saat 15 rad\u0259l\u0259rind\u0259 Erm\u0259nistan silahl\u0131 q\u00fcvv\u0259l\u0259ri T\u0259rt\u0259r v\u0259 F\u00fczuli rayonlar\u0131n\u0131n ya\u015fay\u0131\u015f m\u0259nt\u0259q\u0259l\u0259rini at\u0259\u015f\u0259 tutmu\u015fdur.\n    Saat 10 rad\u0259l\u0259rind\u0259 Erm\u0259nistana m\u0259xsus pilotsuz u\u00e7u\u015f aparat\u0131 (PUA) Erm\u0259nistan-Az\u0259rbaycan d\u00f6vl\u0259t s\u0259rh\u0259dinin A\u011fstafa rayonu sah\u0259sind\u0259 u\u00e7u\u015f ke\u00e7irm\u0259y\u0259 c\u0259hd g\u00f6st\u0259r\u0259rk\u0259n m\u0259hv edilmi\u015fdir. Az\u0259rbaycan M\u00fcdafi\u0259 Nazirliyinin verdiyi m\u0259lumata \u0259sas\u0259n, Az\u0259rbaycan Ordusunun at\u0259\u015fi n\u0259tic\u0259sind\u0259 d\u00fc\u015fm\u0259nin 10-d\u0259k tank\u0131, 6 \u0259d\u0259d D-20 topu, 1 \u0259d\u0259d \"Akasiya\" \u00f6z\u00fcyeriy\u0259n artilleriya qur\u011fusu, 30-d\u0259k avtomobil texnikas\u0131 v\u0259 xeyli sayda canl\u0131 q\u00fcvv\u0259si m\u0259hv edilmi\u015fdir. G\u00fcnorta saatlar\u0131nda Erm\u0259nistan t\u0259r\u0259fi Az\u0259rbaycan Ordusunun Xank\u0259ndi \u015f\u0259h\u0259rini bombardman etdiyini a\u00e7\u0131qlam\u0131\u015fd\u0131r.  Az\u0259rbaycan x\u00fcsusi xidm\u0259t orqanlar\u0131na yax\u0131n m\u0259nb\u0259l\u0259r Xank\u0259ndid\u0259 dinc sakinl\u0259rin qalmad\u0131\u011f\u0131n\u0131 bildirib. Da\u011fl\u0131q Qaraba\u011fdan minl\u0259rl\u0259 qa\u00e7q\u0131n Erm\u0259nistana ax\u0131\u015f\u0131b. Onlar\u0131n yolunda ilk ya\u015fay\u0131\u015f m\u0259nt\u0259q\u0259si s\u0259rh\u0259dyan\u0131 erm\u0259ni \u015f\u0259h\u0259ri Qorisdir. Qaraba\u011fdan \u00e7\u0131xan qa\u00e7q\u0131nlar\u0131 Qoris meriyas\u0131na g\u0259tirirl\u0259r, oradan onlar\u0131 ya qohumlar\u0131 g\u00f6t\u00fcr\u00fcr, ya da mehmanxanalara paylay\u0131rlar. Oktyabr\u0131n 7-d\u0259n Da\u011fl\u0131q Qaraba\u011f\u0131n paytaxt\u0131nda erm\u0259ni h\u0259rb\u00e7il\u0259ri formas\u0131nda rusdilli insanlara rast g\u0259linm\u0259y\u0259 ba\u015flay\u0131b.<\/code><\/pre>\n","protected":false},"excerpt":{"rendered":"<p>2020-ci il sentyabr\u0131n 27-d\u0259 Erm\u0259nistan silahl\u0131 q\u00fcvv\u0259l\u0259rinin c\u0259bh\u0259boyu t\u00f6r\u0259tdiyi geni\u015fmiqyasl\u0131 t\u0259xribatlara cavab olaraq Az\u0259rbaycan Ordusu&#8230;<\/p>\n","protected":false},"author":3,"featured_media":0,"comment_status":"closed","ping_status":"closed","sticky":false,"template":"","format":"standard","meta":{"footnotes":""},"categories":[6],"tags":[],"class_list":["post-23194","post","type-post","status-publish","format-standard","hentry","category-cmiyyt"],"featured_image_urls":{"full":"","thumbnail":"","medium":"","medium_large":"","large":"","1536x1536":"","2048x2048":"","covernews-slider-full":"","covernews-slider-center":"","covernews-featured":"","covernews-medium":"","covernews-medium-square":""},"author_info":{"display_name":"Veteran.az","author_link":"https:\/\/veteran.az\/?author=3"},"category_info":"<a href=\"https:\/\/veteran.az\/?cat=6\" rel=\"category\">C\u0259miyy\u0259t<\/a>","tag_info":"C\u0259miyy\u0259t","comment_count":"0","_links":{"self":[{"href":"https:\/\/veteran.az\/index.php?rest_route=\/wp\/v2\/posts\/23194","targetHints":{"allow":["GET"]}}],"collection":[{"href":"https:\/\/veteran.az\/index.php?rest_route=\/wp\/v2\/posts"}],"about":[{"href":"https:\/\/veteran.az\/index.php?rest_route=\/wp\/v2\/types\/post"}],"author":[{"embeddable":true,"href":"https:\/\/veteran.az\/index.php?rest_route=\/wp\/v2\/users\/3"}],"replies":[{"embeddable":true,"href":"https:\/\/veteran.az\/index.php?rest_route=%2Fwp%2Fv2%2Fcomments&post=23194"}],"version-history":[{"count":1,"href":"https:\/\/veteran.az\/index.php?rest_route=\/wp\/v2\/posts\/23194\/revisions"}],"predecessor-version":[{"id":23196,"href":"https:\/\/veteran.az\/index.php?rest_route=\/wp\/v2\/posts\/23194\/revisions\/23196"}],"wp:attachment":[{"href":"https:\/\/veteran.az\/index.php?rest_route=%2Fwp%2Fv2%2Fmedia&parent=23194"}],"wp:term":[{"taxonomy":"category","embeddable":true,"href":"https:\/\/veteran.az\/index.php?rest_route=%2Fwp%2Fv2%2Fcategories&post=23194"},{"taxonomy":"post_tag","embeddable":true,"href":"https:\/\/veteran.az\/index.php?rest_route=%2Fwp%2Fv2%2Ftags&post=23194"}],"curies":[{"name":"wp","href":"https:\/\/api.w.org\/{rel}","templated":true}]}}