{"id":23168,"date":"2024-10-05T00:39:52","date_gmt":"2024-10-04T20:39:52","guid":{"rendered":"https:\/\/veteran.az\/?p=23168"},"modified":"2024-10-05T00:39:52","modified_gmt":"2024-10-04T20:39:52","slug":"avmvib-s%c9%99drind%c9%99n-mu%c9%99lliml%c9%99r-gunu-munasib%c9%99ti-il%c9%99-t%c9%99brik","status":"publish","type":"post","link":"https:\/\/veteran.az\/?p=23168","title":{"rendered":"AVMV\u0130B s\u0259drind\u0259n M\u00fc\u0259lliml\u0259r G\u00fcn\u00fc m\u00fcnasib\u0259ti il\u0259 t\u0259brik"},"content":{"rendered":"\n<figure class=\"wp-block-image\"><img decoding=\"async\" src=\"https:\/\/fedai.az\/wp-content\/uploads\/2023\/06\/avmvib_sedri_-700x431-1-700x400.jpg\" alt=\"\"\/><\/figure>\n\n\n\n<p><a href=\"https:\/\/fedai.az\/?cat=12\">Sosial<\/a><em><a href=\"https:\/\/fedai.az\/?p=100447\"><time datetime=\"2024-10-05T00:39:11+04:00\">05.10.2024<\/time><\/a><\/em><\/p>\n\n\n\n<h1 class=\"wp-block-heading\">AVMV\u0130B s\u0259drind\u0259n M\u00fc\u0259lliml\u0259r G\u00fcn\u00fc m\u00fcnasib\u0259ti il\u0259 t\u0259brik<\/h1>\n\n\n\n<p><em><a href=\"https:\/\/fedai.az\/?author=1\">Yay\u0131mlad\u0131: Admin<\/a><\/em>&nbsp;<a href=\"https:\/\/fedai.az\/wp-admin\/post.php?post=100447&amp;action=edit\">Edit<\/a><\/p>\n\n\n\n<p>Az\u0259rbaycan V\u0259t\u0259n M\u00fcharib\u0259si Veteranlar\u0131 \u0130ctimai Birliyinin (AVMV\u0130B) s\u0259dri F\u00fczuli Rzaquliyev 5 oktyabr \u2014 Beyn\u0259lxalq M\u00fc\u0259lliml\u0259r G\u00fcn\u00fc m\u00fcnasib\u0259ti il\u0259 m\u00fc\u0259lliml\u0259r\u0259 t\u0259brik \u00fcnvanlam\u0131\u015fd\u0131r. T\u0259brikd\u0259 deyilir:<\/p>\n\n\n\n<p>\u00abUlu \u00d6nd\u0259rimiz Heyd\u0259r \u018fliyev iki pe\u015f\u0259nin \u2014 h\u0259m m\u00fc\u0259lliml\u0259rin, h\u0259m d\u0259 h\u0259rb\u00e7il\u0259rin f\u0259aliyy\u0259tini m\u00fcq\u0259dd\u0259s hesab etmi\u015fdir. Do\u011frudan da, h\u0259rb\u00e7il\u0259r V\u0259t\u0259nin m\u00fcst\u0259qilliyinin, azadl\u0131\u011f\u0131n\u0131n, t\u0259hl\u00fck\u0259sizliyinin \u2014 bu g\u00fcn\u00fcn ke\u015fiyind\u0259 dayan\u0131rsa, m\u00fc\u0259lliml\u0259r d\u0259 g\u0259l\u0259c\u0259yimizin, sabah\u0131m\u0131z\u0131n m\u0259n\u0259vi keyfiyy\u0259tiin, t\u0259rbiy\u0259nin v\u0259 xalq \u00fc\u00e7\u00fcn, d\u00f6vl\u0259t \u00fc\u00e7\u00fcb layiqli v\u0259t\u0259nda\u015flar\u0131n yeti\u015fdirilm\u0259sinin \u2014 sabah\u0131n b\u00fcn\u00f6vr\u0259sinin ke\u015fiyind\u0259 dayan\u0131r.<\/p>\n\n\n\n<p>Buna g\u00f6r\u0259 d\u0259, bu pe\u015f\u0259nin \u0259h\u0259miyy\u0259tini v\u0259 ucal\u0131\u011f\u0131n\u0131 n\u0259z\u0259r\u0259 alaraq b\u00fct\u00fcn m\u00fc\u0259lliml\u0259rimizi M\u00fc\u0259lliml\u0259r G\u00fcn\u00fc m\u00fcnasib\u0259ti il\u0259 t\u0259brik edir, onlara pedaqoji f\u0259aliyy\u0259tl\u0259rind\u0259 u\u011furlar arzulay\u0131ram. Bu g\u00fcn AVMV\u0130B s\u0131ralar\u0131nda minl\u0259rl\u0259 m\u00fc\u0259llim \u00e7al\u0131\u015f\u0131r. Y\u00fczl\u0259rl\u0259 m\u00fc\u0259llim V\u0259t\u0259n m\u00fcharib\u0259si d\u00f6vr\u00fcnd\u0259 \u015f\u0259hidlik zirv\u0259sin\u0259 ucalm\u0131\u015fd\u0131r. Allah b\u00fct\u00fcn \u015f\u0259hidl\u0259rimiz\u0259 r\u0259hm\u0259t etsin. Allah b\u00fct\u00fcn qazil\u0259rimiz\u0259 v\u0259 V\u0259t\u0259n o\u011fullar\u0131m\u0131za can sa\u011fl\u0131\u011f\u0131 versin. Allah Ordumuzu v\u0259 Ali Ba\u015f Komandan\u0131m\u0131z \u0130lham \u018fliyev c\u0259nablar\u0131n\u0131 qorusun!\u00bb<\/p>\n\n\n\n<p><strong>AVMV\u0130B M\u0259tbuat xidm\u0259ti<\/strong><\/p>\n","protected":false},"excerpt":{"rendered":"<p>Sosial05.10.2024 AVMV\u0130B s\u0259drind\u0259n M\u00fc\u0259lliml\u0259r G\u00fcn\u00fc m\u00fcnasib\u0259ti il\u0259 t\u0259brik Yay\u0131mlad\u0131: Admin&nbsp;Edit Az\u0259rbaycan V\u0259t\u0259n M\u00fcharib\u0259si Veteranlar\u0131 \u0130ctimai&#8230;<\/p>\n","protected":false},"author":3,"featured_media":0,"comment_status":"closed","ping_status":"closed","sticky":false,"template":"","format":"standard","meta":{"footnotes":""},"categories":[10],"tags":[],"class_list":["post-23168","post","type-post","status-publish","format-standard","hentry","category-avmvib"],"featured_image_urls":{"full":"","thumbnail":"","medium":"","medium_large":"","large":"","1536x1536":"","2048x2048":"","covernews-slider-full":"","covernews-slider-center":"","covernews-featured":"","covernews-medium":"","covernews-medium-square":""},"author_info":{"display_name":"Veteran.az","author_link":"https:\/\/veteran.az\/?author=3"},"category_info":"<a href=\"https:\/\/veteran.az\/?cat=10\" rel=\"category\">AVMV\u0130B<\/a>","tag_info":"AVMV\u0130B","comment_count":"0","_links":{"self":[{"href":"https:\/\/veteran.az\/index.php?rest_route=\/wp\/v2\/posts\/23168","targetHints":{"allow":["GET"]}}],"collection":[{"href":"https:\/\/veteran.az\/index.php?rest_route=\/wp\/v2\/posts"}],"about":[{"href":"https:\/\/veteran.az\/index.php?rest_route=\/wp\/v2\/types\/post"}],"author":[{"embeddable":true,"href":"https:\/\/veteran.az\/index.php?rest_route=\/wp\/v2\/users\/3"}],"replies":[{"embeddable":true,"href":"https:\/\/veteran.az\/index.php?rest_route=%2Fwp%2Fv2%2Fcomments&post=23168"}],"version-history":[{"count":1,"href":"https:\/\/veteran.az\/index.php?rest_route=\/wp\/v2\/posts\/23168\/revisions"}],"predecessor-version":[{"id":23169,"href":"https:\/\/veteran.az\/index.php?rest_route=\/wp\/v2\/posts\/23168\/revisions\/23169"}],"wp:attachment":[{"href":"https:\/\/veteran.az\/index.php?rest_route=%2Fwp%2Fv2%2Fmedia&parent=23168"}],"wp:term":[{"taxonomy":"category","embeddable":true,"href":"https:\/\/veteran.az\/index.php?rest_route=%2Fwp%2Fv2%2Fcategories&post=23168"},{"taxonomy":"post_tag","embeddable":true,"href":"https:\/\/veteran.az\/index.php?rest_route=%2Fwp%2Fv2%2Ftags&post=23168"}],"curies":[{"name":"wp","href":"https:\/\/api.w.org\/{rel}","templated":true}]}}