{"id":23084,"date":"2024-09-13T11:51:00","date_gmt":"2024-09-13T07:51:00","guid":{"rendered":"https:\/\/veteran.az\/?p=23084"},"modified":"2024-09-13T18:19:47","modified_gmt":"2024-09-13T14:19:47","slug":"avmvib-bolg%c9%99l%c9%99rd%c9%99-veteranlarla-gorusl%c9%99ri-davam-etdirir-fotolar","status":"publish","type":"post","link":"https:\/\/veteran.az\/?p=23084","title":{"rendered":"AVMV\u0130B b\u00f6lg\u0259l\u0259rd\u0259 veteranlarla g\u00f6r\u00fc\u015fl\u0259ri davam etdirir \u2014\u00a0FOTOLAR"},"content":{"rendered":"\n<p><em><strong>Az\u0259rbaycan Respublikas\u0131n\u0131n Qeyri-H\u00f6kum\u0259t T\u0259\u015fkilatlar\u0131na D\u00f6vl\u0259t D\u0259st\u0259yi Agentliyinin maliyy\u0259 d\u0259st\u0259yi il\u0259 \u201cM\u00fcharib\u0259 veteranlar\u0131n\u0131n h\u00fcquqi maarifl\u0259ndirilm\u0259si\u201d adl\u0131 layih\u0259 \u00e7\u0259r\u00e7iv\u0259sind\u0259 Az\u0259rbaycan V\u0259t\u0259n M\u00fcharib\u0259si Veteranlar\u0131 \u0130ctimai Birliyi (AVMV\u0130B) b\u00f6lg\u0259l\u0259rd\u0259 veteranlarla g\u00f6r\u00fc\u015fl\u0259ri davam etdirir.<\/strong><\/em><\/p>\n\n\n\n<p>Veteran.az x\u0259b\u0259r verir ki, layih\u0259 \u00e7\u0259r\u00e7iv\u0259sind\u0259 bu d\u0259f\u0259 G\u00f6yg\u00f6l rayonunda \u201cG\u0259ncl\u0259r Evi\u201d-d\u0259 geni\u015f t\u0259rkibd\u0259 g\u00f6r\u00fc\u015f ke\u00e7irilib. G\u00f6r\u00fc\u015fd\u0259 Az\u0259rbaycan V\u0259t\u0259n M\u00fcharib\u0259si Veteranlar\u0131 \u0130ctimai Birliyinin t\u0259\u015fkilati m\u0259s\u0259l\u0259l\u0259r \u00fczr\u0259 s\u0259dr m\u00fcavini Vahid Abdur\u0259hmanov, AVMV\u0130B s\u0259drinin sosial m\u0259s\u0259l\u0259l\u0259r \u00fczr\u0259 s\u0259dr m\u00fcavini Qurban Osmanov,\u00a0AVMV\u0130B G\u00f6yg\u00f6l rayon\u00a0 \u015f\u00f6b\u0259sinin s\u0259dri H\u0259bib H\u00fcseynov, G\u00f6yg\u00f6l\u00a0 rayon \u0130cra Hakimiyy\u0259tinin V\u0259t\u0259n m\u00fcharib\u0259si i\u015ftirak\u00e7\u0131lar\u0131 v\u0259 \u015f\u0259hid ail\u0259l\u0259ri il\u0259 i\u015fin t\u0259\u015fkili \u015f\u00f6b\u0259sinin m\u00fcdiri S\u0259rdar Balayev, S\u0259f\u0259rb\u0259rlik v\u0259 H\u0259rbi Xidm\u0259t\u0259 \u00c7a\u011f\u0131r\u0131\u015f \u00fczr\u0259 D\u00f6vl\u0259t Xidm\u0259tinin G\u00f6yg\u00f6l rayon \u015f\u00f6b\u0259sinin r\u0259isi polkovnik-leytenant Abidin R\u00fcst\u0259mov, m\u00fcharib\u0259 veteranlar\u0131 v\u0259 m\u00fcharib\u0259 \u0259lill\u0259ri i\u015ftirak edirdil\u0259r.<\/p>\n\n\n\n<p>T\u0259dbird\u0259 \u00e7\u0131x\u0131\u015f ed\u0259n Az\u0259rbaycan V\u0259t\u0259n M\u00fcharib\u0259si Veteranlar\u0131 \u0130ctimai Birliyinin (AVMV\u0130B) t\u0259\u015fkilati m\u0259s\u0259l\u0259l\u0259r \u00fczr\u0259 s\u0259dr m\u00fcavini&nbsp; Vahid Abdur\u0259hmanov layih\u0259nin m\u0259qs\u0259di bar\u0259d\u0259 i\u015ftirak\u00e7\u0131lara geni\u015f m\u0259lumat verdi. Layih\u0259nin icras\u0131 art\u0131q bir \u00e7ox veteranlar\u0131m\u0131z\u0131n probleml\u0259rinin h\u0259llind\u0259 oynad\u0131\u011f\u0131 m\u00fcsb\u0259t rolundan dan\u0131\u015fd\u0131. Faktlarla layih\u0259 \u00e7\u0259r\u00e7iv\u0259sind\u0259 \u00f6z h\u00fcquqlar\u0131n\u0131 b\u0259rpa ed\u0259 bilmi\u015f veteranlar\u0131m\u0131z\u0131n bundan sonra da h\u00fcquqlar\u0131n\u0131n b\u0259rpas\u0131na h\u0259r vasit\u0259 il\u0259 yard\u0131m\u00e7\u0131 olacaqlar\u0131n\u0131 qeyd etdi.<\/p>\n\n\n\n<p>T\u0259dbirl\u0259 ba\u011fl\u0131 s\u0259dr m\u00fcavini Qurban Osmanov bildirdi ki, bu layih\u0259l\u0259rin h\u0259yata ke\u00e7irilm\u0259si m\u00fcharib\u0259 veteranlar\u0131 t\u0259r\u0259find\u0259n raz\u0131l\u0131qla qar\u015f\u0131lan\u0131r. H\u0259m\u00e7inin, veteranlar\u0131m\u0131z\u0131n m\u00f6vcud probleml\u0259ri il\u0259 tan\u0131\u015fl\u0131q \u00fc\u00e7\u00fcn AVMV\u0130B r\u0259hb\u0259rliyi \u0259lav\u0259 bir imkan \u0259ld\u0259 edir. Bu imkan\u0131 yaradan Az\u0259rbaycan Respublikas\u0131n\u0131n Qeyri-H\u00f6kum\u0259t T\u0259\u015fkilatlar\u0131na D\u00f6vl\u0259t D\u0259st\u0259yi Agentliyinin r\u0259hb\u0259rliyin\u0259 \u00f6z minn\u0259tdarl\u0131\u011f\u0131m\u0131z\u0131 bildirir\u0259m.<\/p>\n\n\n\n<p>\u00c7\u0131x\u0131\u015f ed\u0259n G\u00f6yg\u00f6l rayon \u0130cra Hakimiyy\u0259tinin V\u0259t\u0259n m\u00fcharib\u0259si i\u015ftirak\u00e7\u0131lar\u0131 v\u0259 \u015f\u0259hid ail\u0259l\u0259ri il\u0259 i\u015fin t\u0259\u015fkili \u015f\u00f6b\u0259sinin m\u00fcdiri S\u0259rdar Balayev layih\u0259nin h\u0259yata ke\u00e7irilm\u0259sinin vacibliyind\u0259n dan\u0131\u015fd\u0131. O, bildirdi ki, m\u00fcharib\u0259 veteranlar\u0131n\u0131n probleml\u0259rin\u0259 h\u0259sr olunmu\u015f bel\u0259 layih\u0259l\u0259rin b\u00f6y\u00fck \u0259h\u0259miyy\u0259ti var. AVMV\u0130B G\u00f6yg\u00f6l rayon \u015f\u00f6b\u0259sinin s\u0259dri H\u0259bib H\u00fcseynov \u00e7\u0131x\u0131\u015f ed\u0259r\u0259k bel\u0259 layih\u0259l\u0259rin bizim rayonda h\u0259yata ke\u00e7irilm\u0259sini m\u00fcharib\u0259 veteranlar\u0131 t\u0259r\u0259find\u0259n r\u0259\u011fb\u0259tl\u0259 qar\u015f\u0131land\u0131\u011f\u0131n\u0131, ona g\u00f6r\u0259 d\u0259 layih\u0259nin G\u00f6yg\u00f6l rayonunda da ke\u00e7irilm\u0259sini alq\u0131\u015flad\u0131\u011f\u0131n\u0131 bildirdi.<\/p>\n\n\n\n<p>Layih\u0259 \u00e7\u0259r\u00e7iv\u0259sind\u0259 rayon veteranlar\u0131n\u0131 maraqland\u0131ran suallara cavablar verildi. Onlar\u0131n qar\u015f\u0131la\u015fd\u0131qlar\u0131&nbsp; probleml\u0259r \u00f6yr\u0259nildi. Probleml\u0259rin h\u0259lli yollar\u0131 onlara izah olundu. \u018fn b\u00f6y\u00fck problem maddi imkans\u0131zl\u0131q ucbat\u0131ndan m\u00fcharib\u0259 vaxt\u0131 ald\u0131qlar\u0131 stres-travmalar\u0131n v\u0259 x\u0259sar\u0259tl\u0259rin daha da \u015fidd\u0259tl\u0259nm\u0259si il\u0259 \u0259laq\u0259dar olaraq m\u00fcalic\u0259 oluna bilm\u0259m\u0259l\u0259ri, d\u00f6y\u00fc\u015fl\u0259rd\u0259 i\u015ftirak\u0131n\u0131 t\u0259sdiq ed\u0259n m\u00fcharib\u0259 veteran v\u0259siq\u0259sini ala bilm\u0259m\u0259l\u0259ri v\u0259 i\u015fsizlik idi. M\u00fcharib\u0259 veteran\u0131 v\u0259siq\u0259l\u0259rinin al\u0131nmas\u0131 \u00fc\u00e7\u00fcn ilkin s\u0259n\u0259dl\u0259rin toplanmas\u0131nda h\u00fcquqi m\u0259sl\u0259h\u0259tl\u0259r verildi. M\u00fcdafi\u0259 nazirliyinin M\u0259rk\u0259zi Arxivl\u0259r \u0130dar\u0259sin\u0259 v\u0259 nazirliyin \u201cVeteran adlar\u0131n\u0131n v\u0259 v\u0259siq\u0259l\u0259rin verilm\u0259si\u201d komissiyas\u0131na onlar\u0131n daxil olmu\u015f \u0259riz\u0259l\u0259rinin vaxt\u0131nda cavablanmas\u0131 \u00fcc\u00fcn t\u0259\u015fkilat t\u0259r\u0259find\u0259n m\u00fcraci\u0259tl\u0259r olunaca\u011f\u0131 bildirildi.<\/p>\n\n\n\n<p>Sonda t\u0259dbir i\u015ftirak\u00e7\u0131lar\u0131 xatir\u0259 \u015f\u0259kill\u0259ri \u00e7\u0259kdirdil\u0259r.<\/p>\n\n\n\n<p><strong>AVMV\u0130B M\u0259tbuat xidm\u0259ti<\/strong><\/p>\n\n\n\n<figure class=\"wp-block-image\"><a href=\"https:\/\/freeimage.host\/ru\"><img decoding=\"async\" src=\"https:\/\/iili.io\/dgscjGp.jpg\" alt=\"dgscjGp.jpg\"\/><\/a><\/figure>\n\n\n\n<figure class=\"wp-block-image\"><a href=\"https:\/\/freeimage.host\/ru\"><img decoding=\"async\" src=\"https:\/\/iili.io\/dgscWZv.jpg\" alt=\"dgscWZv.jpg\"\/><\/a><\/figure>\n\n\n\n<figure class=\"wp-block-image\"><a href=\"https:\/\/freeimage.host\/ru\"><img decoding=\"async\" src=\"https:\/\/iili.io\/dgschnR.jpg\" alt=\"dgschnR.jpg\"\/><\/a><\/figure>\n","protected":false},"excerpt":{"rendered":"<p>Az\u0259rbaycan Respublikas\u0131n\u0131n Qeyri-H\u00f6kum\u0259t T\u0259\u015fkilatlar\u0131na D\u00f6vl\u0259t D\u0259st\u0259yi Agentliyinin maliyy\u0259 d\u0259st\u0259yi il\u0259 \u201cM\u00fcharib\u0259 veteranlar\u0131n\u0131n h\u00fcquqi maarifl\u0259ndirilm\u0259si\u201d adl\u0131&#8230;<\/p>\n","protected":false},"author":3,"featured_media":23085,"comment_status":"closed","ping_status":"closed","sticky":false,"template":"","format":"standard","meta":{"footnotes":""},"categories":[10],"tags":[],"class_list":["post-23084","post","type-post","status-publish","format-standard","has-post-thumbnail","hentry","category-avmvib"],"featured_image_urls":{"full":["https:\/\/veteran.az\/wp-content\/uploads\/2024\/09\/986g-scaled.jpg",2560,1707,false],"thumbnail":["https:\/\/veteran.az\/wp-content\/uploads\/2024\/09\/986g-300x200.jpg",150,100,true],"medium":["https:\/\/veteran.az\/wp-content\/uploads\/2024\/09\/986g-700x467.jpg",300,200,true],"medium_large":["https:\/\/veteran.az\/wp-content\/uploads\/2024\/09\/986g-768x512.jpg",640,427,true],"large":["https:\/\/veteran.az\/wp-content\/uploads\/2024\/09\/986g-999x666.jpg",640,427,true],"1536x1536":["https:\/\/veteran.az\/wp-content\/uploads\/2024\/09\/986g-1536x1024.jpg",1536,1024,true],"2048x2048":["https:\/\/veteran.az\/wp-content\/uploads\/2024\/09\/986g-2048x1365.jpg",2048,1365,true],"covernews-slider-full":["https:\/\/veteran.az\/wp-content\/uploads\/2024\/09\/986g-1115x715.jpg",1115,715,true],"covernews-slider-center":["https:\/\/veteran.az\/wp-content\/uploads\/2024\/09\/986g-800x500.jpg",800,500,true],"covernews-featured":["https:\/\/veteran.az\/wp-content\/uploads\/2024\/09\/986g-1024x683.jpg",1024,683,true],"covernews-medium":["https:\/\/veteran.az\/wp-content\/uploads\/2024\/09\/986g-540x340.jpg",540,340,true],"covernews-medium-square":["https:\/\/veteran.az\/wp-content\/uploads\/2024\/09\/986g-400x250.jpg",400,250,true]},"author_info":{"display_name":"Veteran.az","author_link":"https:\/\/veteran.az\/?author=3"},"category_info":"<a href=\"https:\/\/veteran.az\/?cat=10\" rel=\"category\">AVMV\u0130B<\/a>","tag_info":"AVMV\u0130B","comment_count":"0","_links":{"self":[{"href":"https:\/\/veteran.az\/index.php?rest_route=\/wp\/v2\/posts\/23084","targetHints":{"allow":["GET"]}}],"collection":[{"href":"https:\/\/veteran.az\/index.php?rest_route=\/wp\/v2\/posts"}],"about":[{"href":"https:\/\/veteran.az\/index.php?rest_route=\/wp\/v2\/types\/post"}],"author":[{"embeddable":true,"href":"https:\/\/veteran.az\/index.php?rest_route=\/wp\/v2\/users\/3"}],"replies":[{"embeddable":true,"href":"https:\/\/veteran.az\/index.php?rest_route=%2Fwp%2Fv2%2Fcomments&post=23084"}],"version-history":[{"count":4,"href":"https:\/\/veteran.az\/index.php?rest_route=\/wp\/v2\/posts\/23084\/revisions"}],"predecessor-version":[{"id":23089,"href":"https:\/\/veteran.az\/index.php?rest_route=\/wp\/v2\/posts\/23084\/revisions\/23089"}],"wp:featuredmedia":[{"embeddable":true,"href":"https:\/\/veteran.az\/index.php?rest_route=\/wp\/v2\/media\/23085"}],"wp:attachment":[{"href":"https:\/\/veteran.az\/index.php?rest_route=%2Fwp%2Fv2%2Fmedia&parent=23084"}],"wp:term":[{"taxonomy":"category","embeddable":true,"href":"https:\/\/veteran.az\/index.php?rest_route=%2Fwp%2Fv2%2Fcategories&post=23084"},{"taxonomy":"post_tag","embeddable":true,"href":"https:\/\/veteran.az\/index.php?rest_route=%2Fwp%2Fv2%2Ftags&post=23084"}],"curies":[{"name":"wp","href":"https:\/\/api.w.org\/{rel}","templated":true}]}}