{"id":23014,"date":"2024-08-23T18:15:35","date_gmt":"2024-08-23T14:15:35","guid":{"rendered":"https:\/\/veteran.az\/?p=23014"},"modified":"2024-08-23T18:15:35","modified_gmt":"2024-08-23T14:15:35","slug":"az%c9%99rbaycan-qazaxistan-h%c9%99rbi-%c9%99laq%c9%99l%c9%99ri-muzakir%c9%99-edildi","status":"publish","type":"post","link":"https:\/\/veteran.az\/?p=23014","title":{"rendered":"Az\u0259rbaycan-Qazax\u0131stan h\u0259rbi \u0259laq\u0259l\u0259ri m\u00fczakir\u0259 edildi"},"content":{"rendered":"\n<p>M\u00fcdafi\u0259 nazirinin birinci m\u00fcavini \u2013 Az\u0259rbaycan Ordusunun Ba\u015f Q\u0259rargah r\u0259isi general-polkovnik K\u0259rim V\u0259liyevin r\u0259hb\u0259rlik etdiyi n\u00fcmay\u0259nd\u0259 hey\u0259tinin Qazax\u0131stana s\u0259f\u0259ri davam edir.<\/p>\n\n\n\n<p>Bu bar\u0259d\u0259\u00a0<strong>Veteran.az-<\/strong>a M\u00fcdafi\u0259 Nazirliyind\u0259n bildirilib.<\/p>\n\n\n\n<p>Qeyd olunub ki, \u0259vv\u0259lc\u0259 general-polkovnik K.V\u0259liyev v\u0259 Qazax\u0131stan Respublikas\u0131 m\u00fcdafi\u0259 nazirinin birinci m\u00fcavini \u2013 Silahl\u0131 Q\u00fcvv\u0259l\u0259rin Ba\u015f Q\u0259rargah r\u0259isi general-leytenant Sultan Kamaletdinov Almat\u0131 \u015f\u0259h\u0259rind\u0259 yerl\u0259\u015f\u0259n 28 Qvardiya\u00e7\u0131 Panfilov\u00e7u ad\u0131na park\u0131 ziyar\u0259t edib, abid\u0259 \u00f6n\u00fcn\u0259 \u0259klil qoyublar.<\/p>\n\n\n\n<p>Sonra n\u00fcmay\u0259nd\u0259 hey\u0259timiz Qazax\u0131stan Respublikas\u0131 Silahl\u0131 Q\u00fcvv\u0259l\u0259rinin H\u0259rb Tarixi Muzeyin\u0259 g\u0259lib. N\u00fcmay\u0259nd\u0259 hey\u0259tin\u0259 muzeyin tarixi v\u0259 f\u0259aliyy\u0259ti il\u0259 ba\u011fl\u0131 \u0259trafl\u0131 m\u0259lumat verilib. General-polkovnik K.V\u0259liyev \u201cF\u0259xri qonaqlar kitab\u0131\u201dn\u0131 imzalay\u0131b.<\/p>\n\n\n\n<p>Daha sonra Qazax\u0131stan Respublikas\u0131 M\u00fcdafi\u0259 Nazirliyinin S\u00fclhm\u0259raml\u0131 \u018fm\u0259liyyatlar M\u0259rk\u0259zi ziyar\u0259t edilib. Az\u0259rbaycan n\u00fcmay\u0259nd\u0259 hey\u0259ti m\u0259rk\u0259zd\u0259 yarad\u0131lan infrastruktur v\u0259 t\u0259hsil prosesi il\u0259 tan\u0131\u015f olub. M\u0259rk\u0259zin yaranma tarixi, t\u0259yinat\u0131 v\u0259 f\u0259aliyy\u0259ti bar\u0259d\u0259 brifinq t\u0259qdim edildikd\u0259n sonra Ba\u015f Q\u0259rargah r\u0259isl\u0259ri aras\u0131nda g\u00f6r\u00fc\u015f ke\u00e7irilib.<\/p>\n\n\n\n<p>G\u00f6r\u00fc\u015fd\u0259 iki \u00f6lk\u0259 aras\u0131nda h\u0259rbi, h\u0259rbi-texniki v\u0259 h\u0259rbi-t\u0259hsil sah\u0259l\u0259rind\u0259 \u0259m\u0259kda\u015fl\u0131\u011f\u0131n cari v\u0259ziyy\u0259ti v\u0259 inki\u015faf perspektivl\u0259ri, habel\u0259 h\u0259rbi \u0259m\u0259kda\u015fl\u0131\u011f\u0131n geni\u015fl\u0259ndirilm\u0259si m\u0259s\u0259l\u0259l\u0259ri \u0259trafl\u0131 m\u00fczakir\u0259 olunub. T\u0259r\u0259fl\u0259r qar\u015f\u0131l\u0131ql\u0131 t\u0259cr\u00fcb\u0259 m\u00fcbadil\u0259sinin daha intensiv \u015f\u0259kild\u0259 apar\u0131lmas\u0131 v\u0259 \u0259laq\u0259l\u0259rin inki\u015faf etdirilm\u0259sinin vacibliyini qeyd edibl\u0259r.<\/p>\n","protected":false},"excerpt":{"rendered":"<p>M\u00fcdafi\u0259 nazirinin birinci m\u00fcavini \u2013 Az\u0259rbaycan Ordusunun Ba\u015f Q\u0259rargah r\u0259isi general-polkovnik K\u0259rim V\u0259liyevin r\u0259hb\u0259rlik etdiyi&#8230;<\/p>\n","protected":false},"author":3,"featured_media":0,"comment_status":"closed","ping_status":"closed","sticky":false,"template":"","format":"standard","meta":{"footnotes":""},"categories":[1],"tags":[],"class_list":["post-23014","post","type-post","status-publish","format-standard","hentry","category-qanunvericilik"],"featured_image_urls":{"full":"","thumbnail":"","medium":"","medium_large":"","large":"","1536x1536":"","2048x2048":"","covernews-slider-full":"","covernews-slider-center":"","covernews-featured":"","covernews-medium":"","covernews-medium-square":""},"author_info":{"display_name":"Veteran.az","author_link":"https:\/\/veteran.az\/?author=3"},"category_info":"<a href=\"https:\/\/veteran.az\/?cat=1\" rel=\"category\">Qanunvericilik<\/a>","tag_info":"Qanunvericilik","comment_count":"0","_links":{"self":[{"href":"https:\/\/veteran.az\/index.php?rest_route=\/wp\/v2\/posts\/23014","targetHints":{"allow":["GET"]}}],"collection":[{"href":"https:\/\/veteran.az\/index.php?rest_route=\/wp\/v2\/posts"}],"about":[{"href":"https:\/\/veteran.az\/index.php?rest_route=\/wp\/v2\/types\/post"}],"author":[{"embeddable":true,"href":"https:\/\/veteran.az\/index.php?rest_route=\/wp\/v2\/users\/3"}],"replies":[{"embeddable":true,"href":"https:\/\/veteran.az\/index.php?rest_route=%2Fwp%2Fv2%2Fcomments&post=23014"}],"version-history":[{"count":1,"href":"https:\/\/veteran.az\/index.php?rest_route=\/wp\/v2\/posts\/23014\/revisions"}],"predecessor-version":[{"id":23016,"href":"https:\/\/veteran.az\/index.php?rest_route=\/wp\/v2\/posts\/23014\/revisions\/23016"}],"wp:attachment":[{"href":"https:\/\/veteran.az\/index.php?rest_route=%2Fwp%2Fv2%2Fmedia&parent=23014"}],"wp:term":[{"taxonomy":"category","embeddable":true,"href":"https:\/\/veteran.az\/index.php?rest_route=%2Fwp%2Fv2%2Fcategories&post=23014"},{"taxonomy":"post_tag","embeddable":true,"href":"https:\/\/veteran.az\/index.php?rest_route=%2Fwp%2Fv2%2Ftags&post=23014"}],"curies":[{"name":"wp","href":"https:\/\/api.w.org\/{rel}","templated":true}]}}