{"id":23010,"date":"2026-08-22T12:07:07","date_gmt":"2026-08-22T08:07:07","guid":{"rendered":"https:\/\/veteran.az\/?p=23010"},"modified":"2026-08-22T12:10:04","modified_gmt":"2026-08-22T08:10:04","slug":"t%c9%99brik-eldar-rust%c9%99mov-61","status":"publish","type":"post","link":"https:\/\/veteran.az\/?p=23010","title":{"rendered":"T\u0259brik: Eldar R\u00fcst\u0259mov &#8212; 63"},"content":{"rendered":"\n<p class=\"wp-block-paragraph\">Bu g\u00fcn Az\u0259rbaycan V\u0259t\u0259n M\u00fcharib\u0259si Veteranlar\u0131 \u0130ctimai Birliyinin (AVMV\u0130B) silahda\u015flar\u0131ndan biri olan &#8212; t\u0259\u015fkilat\u0131n Suraxan\u0131 rayon \u015f\u00f6b\u0259sinin s\u0259dri <strong>Eldar R\u00fcst\u0259movun<\/strong> do\u011fum g\u00fcn\u00fcd\u00fcr. Avqust ay\u0131n\u0131n 22-d\u0259 onun 63 ya\u015f\u0131 tamam olur.<\/p>\n\n\n\n<p class=\"wp-block-paragraph\">Eldar R\u00fcst\u0259mov 1963-c\u00fc il avqustun 22-d\u0259 Nax\u00e7\u0131van Muxtar Respublikas\u0131n\u0131n K\u0259ng\u0259rli rayonunun Q\u0131vraq k\u0259ndind\u0259 d\u00fcnyaya g\u00f6z a\u00e7\u0131b.<\/p>\n\n\n\n<p class=\"wp-block-paragraph\">O, 1980-ci ild\u0259 Q\u0131vraq k\u0259nd orta m\u0259kt\u0259bini, 1991-ci ild\u0259 is\u0259 Memarl\u0131q v\u0259 \u0130n\u015faat \u0130nstitutunu bitirib. \u018fm\u0259k f\u0259aliyy\u0259tinin ilk ill\u0259rind\u0259 Suraxan\u0131 Rayon \u0130cra Hakimiyy\u0259tinin memarl\u0131q v\u0259 humanitar sah\u0259l\u0259r \u00fczr\u0259 m\u00fcvafiq strukturlar\u0131nda m\u00fcxt\u0259lif v\u0259zif\u0259l\u0259rd\u0259 \u00e7al\u0131\u015f\u0131b.<\/p>\n\n\n\n<p class=\"wp-block-paragraph\">Lakin Eldar R\u00fcst\u0259movun h\u0259yat yolunda V\u0259t\u0259nin m\u00fcdafi\u0259si x\u00fcsusi yer tutur. Az\u0259rbaycan\u0131n \u0259n a\u011f\u0131r s\u0131naqlarla \u00fczl\u0259\u015fdiyi Birinci Qaraba\u011f m\u00fcharib\u0259si ill\u0259rind\u0259 o da V\u0259t\u0259nin \u00e7a\u011f\u0131r\u0131\u015f\u0131na bigan\u0259 qalmay\u0131b. 1992\u20131993-c\u00fc ill\u0259rd\u0259 Az\u0259rbaycan Ordusunun t\u0259rkibind\u0259 A\u011fdam, A\u011fd\u0259r\u0259 v\u0259 \u015eu\u015fa istiqam\u0259tl\u0259rind\u0259 ged\u0259n d\u00f6y\u00fc\u015fl\u0259rd\u0259 i\u015ftirak edib, ona h\u0259val\u0259 olunan d\u00f6y\u00fc\u015f tap\u015f\u0131r\u0131qlar\u0131n\u0131 layiqinc\u0259 yerin\u0259 yetirib. \u015eu\u015fan\u0131n m\u00fcdafi\u0259si u\u011frunda ged\u0259n a\u011f\u0131r d\u00f6y\u00fc\u015fl\u0259r zaman\u0131 yaralanmas\u0131 da onun ke\u00e7diyi d\u00f6y\u00fc\u015f yolunun unudulmaz s\u0259hif\u0259l\u0259rind\u0259n biridir.<\/p>\n\n\n\n<p class=\"wp-block-paragraph\">M\u00fcharib\u0259 ba\u015fa \u00e7atsa da, Eldar R\u00fcst\u0259mov \u00fc\u00e7\u00fcn V\u0259t\u0259n\u0259 xidm\u0259t bitm\u0259yib. O, sonrak\u0131 ill\u0259rd\u0259 d\u0259 veteranlar\u0131n yan\u0131nda olub, onlar\u0131n qay\u011f\u0131 v\u0259 probleml\u0259rin\u0259 h\u0259ssasl\u0131qla yana\u015f\u0131b, m\u00fcharib\u0259 i\u015ftirak\u00e7\u0131lar\u0131n\u0131n c\u0259miyy\u0259td\u0259 layiq olduqlar\u0131 ehtiram\u0131n qorunmas\u0131na \u00f6z t\u00f6hf\u0259sini verm\u0259y\u0259 \u00e7al\u0131\u015f\u0131b.<\/p>\n\n\n\n<p class=\"wp-block-paragraph\">1996-c\u0131 ild\u0259n Az\u0259rbaycan V\u0259t\u0259n M\u00fcharib\u0259si Veteranlar\u0131 \u0130ctimai Birliyinin Suraxan\u0131 rayon \u015f\u00f6b\u0259sinin s\u0259dri kimi f\u0259aliyy\u0259t g\u00f6st\u0259r\u0259n Eldar R\u00fcst\u0259mov uzun ill\u0259r \u0259rzind\u0259 veteran h\u0259r\u0259kat\u0131n\u0131n f\u0259al \u00fczvl\u0259rind\u0259n biri olub. Onun f\u0259aliyy\u0259tind\u0259 silahda\u015flar\u0131na s\u0259daq\u0259t, veteranlar\u0131n probleml\u0259rin\u0259 diqq\u0259t, \u015f\u0259hid ail\u0259l\u0259rin\u0259 ehtiram v\u0259 g\u0259nc n\u0259slin v\u0259t\u0259np\u0259rv\u0259rlik ruhunda yeti\u015fdirilm\u0259si kimi d\u0259y\u0259rl\u0259r m\u00fch\u00fcm yer tutur.<\/p>\n\n\n\n<p class=\"wp-block-paragraph\">Eldar R\u00fcst\u0259movun \u0259n qiym\u0259tli x\u00fcsusiyy\u0259tl\u0259rind\u0259n biri d\u0259 ill\u0259r ke\u00e7dikc\u0259 d\u00f6y\u00fc\u015f yolda\u015flar\u0131na v\u0259 V\u0259t\u0259n qar\u015f\u0131s\u0131ndak\u0131 m\u0259n\u0259vi borcuna m\u00fcnasib\u0259tinin d\u0259yi\u015fm\u0259m\u0259sidir. H\u0259yat\u0131n\u0131n m\u00fcxt\u0259lif m\u0259rh\u0259l\u0259l\u0259rind\u0259 qazand\u0131\u011f\u0131 t\u0259cr\u00fcb\u0259, insanlarla m\u00fcnasib\u0259td\u0259 s\u0259mimiyy\u0259ti, m\u0259suliyy\u0259t hissi v\u0259 ictimai f\u0259aliyy\u0259t\u0259 ba\u011fl\u0131l\u0131\u011f\u0131 onu silahda\u015flar\u0131 aras\u0131nda h\u00f6rm\u0259t qazanan veteranlardan birin\u0259 \u00e7evirib.<\/p>\n\n\n\n<p class=\"wp-block-paragraph\">44 g\u00fcnl\u00fck V\u0259t\u0259n m\u00fcharib\u0259si g\u00fcnl\u0259rind\u0259 d\u0259 o, h\u0259rbi qulluq\u00e7ular\u0131m\u0131z\u0131n yan\u0131nda olma\u011fa \u00e7al\u0131\u015f\u0131b, imkanlar\u0131 daxilind\u0259 onlara d\u0259st\u0259yini \u0259sirg\u0259m\u0259yib. Az\u0259rbaycan Ordusunun tarixi Z\u0259f\u0259ri h\u0259r bir Birinci Qaraba\u011f m\u00fcharib\u0259si veteran\u0131 kimi onun \u00fc\u00e7\u00fcn d\u0259 ill\u0259rl\u0259 g\u00f6zl\u0259nil\u0259n \u0259n b\u00f6y\u00fck m\u0259n\u0259vi q\u00fcrur v\u0259 sevinc m\u0259nb\u0259yin\u0259 \u00e7evrilib.<\/p>\n\n\n\n<p class=\"wp-block-paragraph\">Bu g\u00fcn 63 ya\u015f\u0131n\u0131 qeyd ed\u0259n Eldar R\u00fcst\u0259movun ke\u00e7diyi \u00f6m\u00fcr yolunda V\u0259t\u0259n\u0259 xidm\u0259t, d\u00f6y\u00fc\u015f\u00e7\u00fc \u015f\u0259r\u0259fi v\u0259 ictimai f\u0259aliyy\u0259t bir-birini tamamlay\u0131r. Bel\u0259 insanlar\u0131n h\u0259yat yolu h\u0259m d\u0259 g\u0259nc n\u0259sl\u0259 V\u0259t\u0259n sevgisinin yaln\u0131z s\u00f6zl\u0259 deyil, \u0259m\u0259l v\u0259 xidm\u0259tl\u0259 ifad\u0259 olundu\u011funu g\u00f6st\u0259rir.<\/p>\n\n\n\n<p class=\"wp-block-paragraph\">Az\u0259rbaycan V\u0259t\u0259n M\u00fcharib\u0259si Veteranlar\u0131 \u0130ctimai Birliyinin r\u0259hb\u0259rliyi, s\u0259b\u0259bkar\u0131n do\u011fmalar\u0131, dostlar\u0131, i\u015f v\u0259 d\u00f6y\u00fc\u015f yolda\u015flar\u0131 Eldar R\u00fcst\u0259movu ad g\u00fcn\u00fc m\u00fcnasib\u0259til\u0259 s\u0259mimi-q\u0259lbd\u0259n t\u0259brik edir, ona m\u00f6hk\u0259m cansa\u011fl\u0131\u011f\u0131, uzun v\u0259 m\u0259nal\u0131 \u00f6m\u00fcr, ail\u0259 s\u0259ad\u0259ti, ictimai f\u0259aliyy\u0259tind\u0259 u\u011furlar arzulay\u0131rlar.<\/p>\n\n\n\n<p class=\"wp-block-paragraph\">63 ya\u015f\u0131n\u0131z m\u00fcbar\u0259k, Eldar m\u00fc\u0259llim!<\/p>\n\n\n\n<p class=\"wp-block-paragraph\"><strong>AVMV\u0130B-in M\u0259tbuat xidm\u0259ti<\/strong><\/p>\n\n\n\n<a href=\"https:\/\/postimages.org\/\" target=\"_blank\" rel=\"noopener\"><img decoding=\"async\" src=\"https:\/\/i.postimg.cc\/5NmnxQvm\/0004R9.jpg\" alt=\"0004R9\"\/><\/a> <a href=\"https:\/\/postimages.org\/\" target=\"_blank\" rel=\"noopener\"><img decoding=\"async\" src=\"https:\/\/i.postimg.cc\/cJvmMDzD\/0-SMWGa-534x400-1.png\" alt=\"0-SMWGa-534x400-1\"\/><\/a><br\/><br\/>\n<a href=\"https:\/\/postimages.org\/\" target=\"_blank\" rel=\"noopener\"><img decoding=\"async\" src=\"https:\/\/i.postimg.cc\/kgXwDMvP\/20220821-223647.jpg\" alt=\"20220821-223647\"\/><\/a> <a href=\"https:\/\/postimg.cc\/ygLZX49X\" target=\"_blank\" rel=\"noopener\"><img decoding=\"async\" src=\"https:\/\/i.postimg.cc\/tJjNb94f\/20220821-224519.jpg\" alt=\"20220821-224519\"\/><\/a><br\/><br\/>\n<a href=\"https:\/\/postimages.org\/\" target=\"_blank\" rel=\"noopener\"><img decoding=\"async\" src=\"https:\/\/i.postimg.cc\/8cmBPxFC\/ORKKI9.jpg\" alt=\"ORKKI9\"\/><\/a>\n","protected":false},"excerpt":{"rendered":"<p>Bu g\u00fcn Az\u0259rbaycan V\u0259t\u0259n M\u00fcharib\u0259si Veteranlar\u0131 \u0130ctimai Birliyinin (AVMV\u0130B) silahda\u015flar\u0131ndan biri olan &#8212; t\u0259\u015fkilat\u0131n Suraxan\u0131&#8230;<\/p>\n","protected":false},"author":3,"featured_media":25043,"comment_status":"closed","ping_status":"closed","sticky":false,"template":"","format":"standard","meta":{"footnotes":""},"categories":[13],"tags":[],"class_list":["post-23010","post","type-post","status-publish","format-standard","has-post-thumbnail","hentry","category-tebrik"],"featured_image_urls":{"full":["https:\/\/veteran.az\/wp-content\/uploads\/2025\/08\/987gh78.png",1063,775,false],"thumbnail":["https:\/\/veteran.az\/wp-content\/uploads\/2025\/08\/987gh78-150x109.png",150,109,true],"medium":["https:\/\/veteran.az\/wp-content\/uploads\/2025\/08\/987gh78-300x219.png",300,219,true],"medium_large":["https:\/\/veteran.az\/wp-content\/uploads\/2025\/08\/987gh78-768x560.png",640,467,true],"large":["https:\/\/veteran.az\/wp-content\/uploads\/2025\/08\/987gh78-1024x747.png",640,467,true],"1536x1536":["https:\/\/veteran.az\/wp-content\/uploads\/2025\/08\/987gh78.png",1063,775,false],"2048x2048":["https:\/\/veteran.az\/wp-content\/uploads\/2025\/08\/987gh78.png",1063,775,false],"covernews-slider-full":["https:\/\/veteran.az\/wp-content\/uploads\/2025\/08\/987gh78-1063x715.png",1063,715,true],"covernews-slider-center":["https:\/\/veteran.az\/wp-content\/uploads\/2025\/08\/987gh78-800x500.png",800,500,true],"covernews-featured":["https:\/\/veteran.az\/wp-content\/uploads\/2025\/08\/987gh78-1024x747.png",1024,747,true],"covernews-medium":["https:\/\/veteran.az\/wp-content\/uploads\/2025\/08\/987gh78-540x340.png",540,340,true],"covernews-medium-square":["https:\/\/veteran.az\/wp-content\/uploads\/2025\/08\/987gh78-400x250.png",400,250,true]},"author_info":{"display_name":"Veteran.az","author_link":"https:\/\/veteran.az\/?author=3"},"category_info":"<a href=\"https:\/\/veteran.az\/?cat=13\" rel=\"category\">T\u0259brik<\/a>","tag_info":"T\u0259brik","comment_count":"0","_links":{"self":[{"href":"https:\/\/veteran.az\/index.php?rest_route=\/wp\/v2\/posts\/23010","targetHints":{"allow":["GET"]}}],"collection":[{"href":"https:\/\/veteran.az\/index.php?rest_route=\/wp\/v2\/posts"}],"about":[{"href":"https:\/\/veteran.az\/index.php?rest_route=\/wp\/v2\/types\/post"}],"author":[{"embeddable":true,"href":"https:\/\/veteran.az\/index.php?rest_route=\/wp\/v2\/users\/3"}],"replies":[{"embeddable":true,"href":"https:\/\/veteran.az\/index.php?rest_route=%2Fwp%2Fv2%2Fcomments&post=23010"}],"version-history":[{"count":6,"href":"https:\/\/veteran.az\/index.php?rest_route=\/wp\/v2\/posts\/23010\/revisions"}],"predecessor-version":[{"id":25046,"href":"https:\/\/veteran.az\/index.php?rest_route=\/wp\/v2\/posts\/23010\/revisions\/25046"}],"wp:featuredmedia":[{"embeddable":true,"href":"https:\/\/veteran.az\/index.php?rest_route=\/wp\/v2\/media\/25043"}],"wp:attachment":[{"href":"https:\/\/veteran.az\/index.php?rest_route=%2Fwp%2Fv2%2Fmedia&parent=23010"}],"wp:term":[{"taxonomy":"category","embeddable":true,"href":"https:\/\/veteran.az\/index.php?rest_route=%2Fwp%2Fv2%2Fcategories&post=23010"},{"taxonomy":"post_tag","embeddable":true,"href":"https:\/\/veteran.az\/index.php?rest_route=%2Fwp%2Fv2%2Ftags&post=23010"}],"curies":[{"name":"wp","href":"https:\/\/api.w.org\/{rel}","templated":true}]}}