{"id":22590,"date":"2024-05-24T21:54:00","date_gmt":"2024-05-24T17:54:00","guid":{"rendered":"https:\/\/veteran.az\/?p=22590"},"modified":"2024-05-25T13:08:28","modified_gmt":"2024-05-25T09:08:28","slug":"avmvib-namiq-h%c9%99s%c9%99n-oglu-eliyevi-t%c9%99ltif-etdi","status":"publish","type":"post","link":"https:\/\/veteran.az\/?p=22590","title":{"rendered":"AVMV\u0130B Namiq H\u0259s\u0259n o\u011flu \u018fliyevi t\u0259ltif etdi"},"content":{"rendered":"\n<p>Bu g\u00fcn Az\u0259rbaycan Respublikas\u0131n\u0131n F\u00f6vq\u0259lad\u0259 v\u0259 S\u0259lahiyy\u0259tli s\u0259firi, Az\u0259rbaycan Respublikas\u0131 D\u00f6vl\u0259t \u0130dar\u0259\u00e7ilik Akademiyas\u0131n\u0131n&nbsp; \u201cBeyn\u0259lxalq m\u00fcnasib\u0259tl\u0259r v\u0259 xarici siyas\u0259t\u201d kafedras\u0131n\u0131n m\u00fcdiri, professor&nbsp; Namiq \u018fliyevin Qaraba\u011fa h\u0259sr etdiyi bir \u00e7ox kitablar\u0131n\u0131n t\u0259qdimat\u0131 m\u0259rasimi ke\u00e7irilmi\u015fdir.<\/p>\n\n\n\n<p>24.05.2024 tarixind\u0259 ke\u00e7iril\u0259n t\u0259qdimat\u0131 m\u0259rasimind\u0259 Az\u0259rbaycan V\u0259t\u0259n M\u00fcharib\u0259si Veteranlar\u0131 \u0130ctimai Birliyi (AVMV\u0130B) d\u0259 t\u0259msil olunmu\u015f v\u0259 s\u0259b\u0259bkar\u0131 t\u0259ltif etmi\u015fdir.<\/p>\n\n\n\n<p>Bel\u0259 ki, Az\u0259rbaycan V\u0259t\u0259n M\u00fcharib\u0259si Veteranlar\u0131 \u0130ctimai Birliyinin \u0130dar\u0259 Hey\u0259tinin q\u0259rar\u0131 v\u0259 AVMV\u0130B s\u0259dri F\u00fczuli Rzaquliyevin imzalad\u0131\u011f\u0131 m\u00fcvafiq \u0259mr il\u0259 Namiq H\u0259s\u0259n o\u011flu \u018fliyev AVMV\u0130B-nin t\u0259sis etdiyi &#171;B\u00f6y\u00fck Z\u0259f\u0259r&#187; xatir\u0259 medal\u0131 il\u0259 t\u0259ltif edilmi\u015fdir.<\/p>\n\n\n\n<p>Qeyd ed\u0259k ki, t\u0259dbird\u0259 i\u015ftirak ed\u0259n \u00f6lk\u0259 ziyal\u0131lar\u0131, \u015f\u0259hid ail\u0259l\u0259ri v\u0259 m\u00fcharib\u0259 i\u015ftirak\u00e7\u0131lar\u0131 Namiq \u018fliyevin \u00fcmumi f\u0259aliyy\u0259tini t\u0259qdir ed\u0259n \u00e7\u0131x\u0131\u015flar etmi\u015fl\u0259r. T\u0259dbird\u0259 AVMV\u0130B Yasamal rayon \u015f\u00f6b\u0259sinin m\u00fcdiri Salman H\u00fcseynov v\u0259 AVMV\u0130B G\u0259ncl\u0259rl\u0259 i\u015f \u00fczr\u0259 \u015f\u00f6b\u0259 m\u00fcdiri H\u0259s\u0259n \u018fliyev \u00e7\u0131x\u0131\u015flar\u0131 zaman\u0131 Namiq \u018fliyevin h\u0259r n\u0259sl\u0259 n\u00fcmun\u0259vi bir \u015f\u0259xsiyy\u0259t olmas\u0131n\u0131 haqq\u0131nda dan\u0131\u015fm\u0131\u015f, g\u0259l\u0259c\u0259k f\u0259aliyy\u0259tind\u0259 ona u\u011furlar arzulam\u0131\u015flar.<\/p>\n\n\n\n<p><strong>AVMV\u0130B M\u0259tbuat xidm\u0259ti<\/strong><\/p>\n\n\n\n<a href='https:\/\/postimages.org\/' target='_blank' rel=\"noopener\"><img src='https:\/\/i.postimg.cc\/rF0xzz3F\/8765.jpg' border='0' alt='8765'\/><\/a>\n","protected":false},"excerpt":{"rendered":"<p>Bu g\u00fcn Az\u0259rbaycan Respublikas\u0131n\u0131n F\u00f6vq\u0259lad\u0259 v\u0259 S\u0259lahiyy\u0259tli s\u0259firi, Az\u0259rbaycan Respublikas\u0131 D\u00f6vl\u0259t \u0130dar\u0259\u00e7ilik Akademiyas\u0131n\u0131n&nbsp; \u201cBeyn\u0259lxalq m\u00fcnasib\u0259tl\u0259r&#8230;<\/p>\n","protected":false},"author":3,"featured_media":0,"comment_status":"closed","ping_status":"closed","sticky":false,"template":"","format":"standard","meta":{"footnotes":""},"categories":[12],"tags":[],"class_list":["post-22590","post","type-post","status-publish","format-standard","hentry","category-veteran"],"featured_image_urls":{"full":"","thumbnail":"","medium":"","medium_large":"","large":"","1536x1536":"","2048x2048":"","covernews-slider-full":"","covernews-slider-center":"","covernews-featured":"","covernews-medium":"","covernews-medium-square":""},"author_info":{"display_name":"Veteran.az","author_link":"https:\/\/veteran.az\/?author=3"},"category_info":"<a href=\"https:\/\/veteran.az\/?cat=12\" rel=\"category\">Veteran d\u00fcnyas\u0131<\/a>","tag_info":"Veteran d\u00fcnyas\u0131","comment_count":"0","_links":{"self":[{"href":"https:\/\/veteran.az\/index.php?rest_route=\/wp\/v2\/posts\/22590","targetHints":{"allow":["GET"]}}],"collection":[{"href":"https:\/\/veteran.az\/index.php?rest_route=\/wp\/v2\/posts"}],"about":[{"href":"https:\/\/veteran.az\/index.php?rest_route=\/wp\/v2\/types\/post"}],"author":[{"embeddable":true,"href":"https:\/\/veteran.az\/index.php?rest_route=\/wp\/v2\/users\/3"}],"replies":[{"embeddable":true,"href":"https:\/\/veteran.az\/index.php?rest_route=%2Fwp%2Fv2%2Fcomments&post=22590"}],"version-history":[{"count":4,"href":"https:\/\/veteran.az\/index.php?rest_route=\/wp\/v2\/posts\/22590\/revisions"}],"predecessor-version":[{"id":22596,"href":"https:\/\/veteran.az\/index.php?rest_route=\/wp\/v2\/posts\/22590\/revisions\/22596"}],"wp:attachment":[{"href":"https:\/\/veteran.az\/index.php?rest_route=%2Fwp%2Fv2%2Fmedia&parent=22590"}],"wp:term":[{"taxonomy":"category","embeddable":true,"href":"https:\/\/veteran.az\/index.php?rest_route=%2Fwp%2Fv2%2Fcategories&post=22590"},{"taxonomy":"post_tag","embeddable":true,"href":"https:\/\/veteran.az\/index.php?rest_route=%2Fwp%2Fv2%2Ftags&post=22590"}],"curies":[{"name":"wp","href":"https:\/\/api.w.org\/{rel}","templated":true}]}}