{"id":22487,"date":"2024-05-10T12:31:14","date_gmt":"2024-05-10T08:31:14","guid":{"rendered":"https:\/\/veteran.az\/?p=22487"},"modified":"2024-05-11T12:49:40","modified_gmt":"2024-05-11T08:49:40","slug":"ulu-ond%c9%99rin-abid%c9%99si-ziyar%c9%99t-edildi","status":"publish","type":"post","link":"https:\/\/veteran.az\/?p=22487","title":{"rendered":"Ulu \u00d6nd\u0259rin abid\u0259si ziyar\u0259t edildi"},"content":{"rendered":"\n<p>Az\u0259rbaycan V\u0259t\u0259n M\u00fcharib\u0259si \u0130ctimai Birliyinin (AVMV\u0130B) Beyl\u0259qan rayon s\u0259dri \u018fl\u00f6vs\u0259t M\u0259mm\u0259dov, eyni zamanda Xocav\u0259nd rayon s\u0259dri Akif H\u0259s\u0259nov m\u00fcharib\u0259 veteranlar\u0131 v\u0259 qazil\u0259rl\u0259 b\u0259rab\u0259r \u00dcmummilli Lider Heyd\u0259r \u018fliyevin anadan olmas\u0131n\u0131n 101-ci ild\u00f6n\u00fcm\u00fc il\u0259 \u0259laq\u0259dar Ulu \u00d6nd\u0259rin abid\u0259sini ziyar\u0259t etmi\u015fl\u0259r.<\/p>\n\n\n\n<p>Ziyar\u0259td\u0259 h\u0259m\u00e7inin rayon ictimaiyy\u0259ti, o c\u00fcml\u0259d\u0259n \u0130cra Ba\u015f\u00e7\u0131s\u0131 Asif A\u011fayev, icra hakimiyy\u0259tinin n\u00fcmay\u0259nd\u0259l\u0259ri, a\u011fsaqqallar, m\u00fc\u0259llim v\u0259 \u015fagirdl\u0259r i\u015ftirak etmi\u015fl\u0259r.<\/p>\n\n\n\n<p><strong>AVMV\u0130B M\u0259tbuat xidm\u0259ti<\/strong><\/p>\n\n\n\n<figure class=\"wp-block-image size-large\"><img loading=\"lazy\" decoding=\"async\" width=\"999\" height=\"473\" src=\"https:\/\/veteran.az\/wp-content\/uploads\/2024\/05\/976-999x473.jpeg\" alt=\"\" class=\"wp-image-22489\" srcset=\"https:\/\/veteran.az\/wp-content\/uploads\/2024\/05\/976-999x473.jpeg 999w, https:\/\/veteran.az\/wp-content\/uploads\/2024\/05\/976-700x332.jpeg 700w, https:\/\/veteran.az\/wp-content\/uploads\/2024\/05\/976-300x142.jpeg 300w, https:\/\/veteran.az\/wp-content\/uploads\/2024\/05\/976-768x364.jpeg 768w, https:\/\/veteran.az\/wp-content\/uploads\/2024\/05\/976-1024x485.jpeg 1024w, https:\/\/veteran.az\/wp-content\/uploads\/2024\/05\/976.jpeg 1032w\" sizes=\"auto, (max-width: 999px) 100vw, 999px\" \/><\/figure>\n","protected":false},"excerpt":{"rendered":"<p>Az\u0259rbaycan V\u0259t\u0259n M\u00fcharib\u0259si \u0130ctimai Birliyinin (AVMV\u0130B) Beyl\u0259qan rayon s\u0259dri \u018fl\u00f6vs\u0259t M\u0259mm\u0259dov, eyni zamanda Xocav\u0259nd rayon&#8230;<\/p>\n","protected":false},"author":3,"featured_media":22488,"comment_status":"closed","ping_status":"closed","sticky":false,"template":"","format":"standard","meta":{"footnotes":""},"categories":[12],"tags":[],"class_list":["post-22487","post","type-post","status-publish","format-standard","has-post-thumbnail","hentry","category-veteran"],"featured_image_urls":{"full":["https:\/\/veteran.az\/wp-content\/uploads\/2024\/05\/865678.jpeg",1032,489,false],"thumbnail":["https:\/\/veteran.az\/wp-content\/uploads\/2024\/05\/865678-300x142.jpeg",150,71,true],"medium":["https:\/\/veteran.az\/wp-content\/uploads\/2024\/05\/865678-700x332.jpeg",300,142,true],"medium_large":["https:\/\/veteran.az\/wp-content\/uploads\/2024\/05\/865678-768x364.jpeg",640,303,true],"large":["https:\/\/veteran.az\/wp-content\/uploads\/2024\/05\/865678-999x473.jpeg",640,303,true],"1536x1536":["https:\/\/veteran.az\/wp-content\/uploads\/2024\/05\/865678.jpeg",1032,489,false],"2048x2048":["https:\/\/veteran.az\/wp-content\/uploads\/2024\/05\/865678.jpeg",1032,489,false],"covernews-slider-full":["https:\/\/veteran.az\/wp-content\/uploads\/2024\/05\/865678.jpeg",1032,489,false],"covernews-slider-center":["https:\/\/veteran.az\/wp-content\/uploads\/2024\/05\/865678-800x489.jpeg",800,489,true],"covernews-featured":["https:\/\/veteran.az\/wp-content\/uploads\/2024\/05\/865678-1024x485.jpeg",1024,485,true],"covernews-medium":["https:\/\/veteran.az\/wp-content\/uploads\/2024\/05\/865678-540x340.jpeg",540,340,true],"covernews-medium-square":["https:\/\/veteran.az\/wp-content\/uploads\/2024\/05\/865678-400x250.jpeg",400,250,true]},"author_info":{"display_name":"Veteran.az","author_link":"https:\/\/veteran.az\/?author=3"},"category_info":"<a href=\"https:\/\/veteran.az\/?cat=12\" rel=\"category\">Veteran d\u00fcnyas\u0131<\/a>","tag_info":"Veteran d\u00fcnyas\u0131","comment_count":"0","_links":{"self":[{"href":"https:\/\/veteran.az\/index.php?rest_route=\/wp\/v2\/posts\/22487","targetHints":{"allow":["GET"]}}],"collection":[{"href":"https:\/\/veteran.az\/index.php?rest_route=\/wp\/v2\/posts"}],"about":[{"href":"https:\/\/veteran.az\/index.php?rest_route=\/wp\/v2\/types\/post"}],"author":[{"embeddable":true,"href":"https:\/\/veteran.az\/index.php?rest_route=\/wp\/v2\/users\/3"}],"replies":[{"embeddable":true,"href":"https:\/\/veteran.az\/index.php?rest_route=%2Fwp%2Fv2%2Fcomments&post=22487"}],"version-history":[{"count":1,"href":"https:\/\/veteran.az\/index.php?rest_route=\/wp\/v2\/posts\/22487\/revisions"}],"predecessor-version":[{"id":22490,"href":"https:\/\/veteran.az\/index.php?rest_route=\/wp\/v2\/posts\/22487\/revisions\/22490"}],"wp:featuredmedia":[{"embeddable":true,"href":"https:\/\/veteran.az\/index.php?rest_route=\/wp\/v2\/media\/22488"}],"wp:attachment":[{"href":"https:\/\/veteran.az\/index.php?rest_route=%2Fwp%2Fv2%2Fmedia&parent=22487"}],"wp:term":[{"taxonomy":"category","embeddable":true,"href":"https:\/\/veteran.az\/index.php?rest_route=%2Fwp%2Fv2%2Fcategories&post=22487"},{"taxonomy":"post_tag","embeddable":true,"href":"https:\/\/veteran.az\/index.php?rest_route=%2Fwp%2Fv2%2Ftags&post=22487"}],"curies":[{"name":"wp","href":"https:\/\/api.w.org\/{rel}","templated":true}]}}