{"id":22433,"date":"2025-04-28T00:01:00","date_gmt":"2025-04-27T20:01:00","guid":{"rendered":"https:\/\/veteran.az\/?p=22433"},"modified":"2025-04-25T17:05:22","modified_gmt":"2025-04-25T13:05:22","slug":"t%c9%99brik-mayilxan-eliyev-69","status":"publish","type":"post","link":"https:\/\/veteran.az\/?p=22433","title":{"rendered":"T\u0259brik: May\u0131lxan \u018fliyev &#8212; 70"},"content":{"rendered":"\n<p><strong>Bu g\u00fcn silahda\u015flar\u0131m\u0131zdan birinin &#8212; <\/strong><strong>Az\u0259rbaycan V\u0259t\u0259n M\u00fcharib\u0259si Veteranlar\u0131 \u0130ctimai Birliyinin (<\/strong><strong>AVMV\u0130B<\/strong><strong>)\u00a0\u00a0<\/strong><strong>Yard\u0131ml\u0131 rayon \u015f\u00f6b\u0259sinin s\u0259dri, p<\/strong><strong>olis v\u0259 <\/strong><strong>M<\/strong><strong>\u00fcharib\u0259 v<\/strong><strong>eteran\u0131<\/strong><strong> &#8212;<\/strong><strong> <\/strong><strong>is<\/strong><strong>t<\/strong><strong>efa<\/strong><strong>da <\/strong><strong>olan <\/strong><strong>polis <\/strong><strong>mayoru<\/strong><strong> \u018fliyev\u00a0May\u0131lxan \u018fzuzula o\u011flunu do\u011fum g\u00fcn\u00fc yubileyidir. Aprel <\/strong>ay\u0131n\u0131n 28-d\u0259 onun 70 ya\u015f\u0131 tamam olur.<\/p>\n\n\n\n<p>\u018fliyev May\u0131lxan \u018fzuzula o\u011flu\u00a0 1955-ci ild\u0259 aprel ay\u0131n\u0131n 28-d\u0259 Az\u0259rbaycan Respublikas\u0131n\u0131n\u00a0Yard\u0131ml\u0131 rayonun\u00a0Bilin\u0259\u00a0k\u0259ndind\u0259 z\u0259hm\u0259tke\u015f\u00a0ail\u0259d\u0259 anadan olub. Yard\u0131ml\u0131 rayonun\u00a0V\u0259rg\u0259d\u00fcz k\u0259nd orta m\u0259kt\u0259bi bitrib.<br>1973-1975-ci\u00a0 ill\u0259rd\u0259\u00a0 Sovet Ordusunun\u00a0Leninqrad \u015f\u0259h\u0259rind\u0259 yerl\u0259\u015f\u0259n h\u0259rbi hiss\u0259l\u0259rin birind\u0259 m\u00fcdd\u0259tli h\u0259qiqi h\u0259rbi xidm\u0259td\u0259 olub.\u00a01976-2010-cu\u00a0 il\u0259rd\u0259 Daxili \u0130\u015fl\u0259r Orqanlar\u0131nda Mill\u0259t\u0259, V\u0259t\u0259n\u0259, D\u00f6vlt\u0259 v\u0259 Xalqa s\u0259daq\u0259tl\u0259 xidm\u0259t edib.<\/p>\n\n\n\n<p>May\u0131lxan \u018fliyev&nbsp; Az\u0259rbaycan Respublikas\u0131n\u0131n \u018frazi b\u00fct\u00f6vl\u00fcy\u00fc u\u011frunda ged\u0259n d\u00f6y\u00fc\u015fl\u0259rd\u0259, o\u011flu is\u0259&nbsp; ba\u015f zabit v\u0259zif\u0259sind\u0259&nbsp;44 g\u00fcnl\u00fck V\u0259t\u0259n M\u00fcharib\u0259sind\u0259&nbsp;f\u0259al i\u015ftirak edib .<\/p>\n\n\n\n<p>Xidm\u0259td\u0259 s\u0259m\u0259r\u0259li f\u0259aliy\u0259tin\u0259 g\u00f6r\u0259 Daxili i\u015fl\u0259r naziri v\u0259 onun m\u00fcavinl\u0259rinin, h\u0259rbi hiss\u0259 komandirinin m\u00fcvafiq \u0259mirl\u0259ri il\u0259 bir s\u0131ra medalarla,d\u00f6\u015f ni\u015fanlar\u0131 il\u0259, diplomlarla, f\u0259xti f\u0259rmanlarla v\u0259 qiym\u0259tli h\u0259diyy\u0259l\u0259rl\u0259 m\u00fckafatland\u0131rl\u0131b v\u0259 ona t\u0259\u015f\u0259kkur elan edilib.<\/p>\n\n\n\n<p>Az\u0259rbaycan V\u0259t\u0259n M\u00fcharib\u0259si Veteranlari \u0130ctimai Birliyinin r\u0259hb\u0259rliyi yubilyar\u0131 F\u0259xri F\u0259rmanla t\u0259ltif etmi\u015fdir. AVMV\u0130B r\u0259hb\u0259rliyi v\u0259 yubilyar\u0131n d\u00f6y\u00fc\u015f dostlar\u0131 v\u0259 veteranlar ona uzun \u00f6m\u00fcr, cansa\u011fl\u0131\u011f\u0131 arzulay\u0131r.<\/p>\n\n\n\n<p><strong>AVMV\u0130B-in M\u0259tbuat xidm\u0259ti<\/strong><\/p>\n\n\n\n<a href=\"https:\/\/postimages.org\/\" target=\"_blank\" rel=\"noopener\"><img decoding=\"async\" src=\"https:\/\/i.postimg.cc\/7YrZDd75\/Whats-App-Image-2024-04-28-at-12-41-00.jpg\" alt=\"Whats-App-Image-2024-04-28-at-12-41-00\"\/><\/a> <a href=\"https:\/\/postimages.org\/\" target=\"_blank\" rel=\"noopener\"><img decoding=\"async\" src=\"https:\/\/i.postimg.cc\/6pYWrQPZ\/Whats-App-Image-2024-04-28-at-12-41-00-1.jpg\" alt=\"Whats-App-Image-2024-04-28-at-12-41-00-1\"\/><\/a> <a href=\"https:\/\/postimg.cc\/hJ9FzMXH\" target=\"_blank\" rel=\"noopener\"><img decoding=\"async\" src=\"https:\/\/i.postimg.cc\/Gpfbf5dh\/Whats-App-Image-2024-04-28-at-12-41-00-2.jpg\" alt=\"Whats-App-Image-2024-04-28-at-12-41-00-2\"\/><\/a><br\/><br\/>\n<a href=\"https:\/\/postimages.org\/\" target=\"_blank\" rel=\"noopener\"><img decoding=\"async\" src=\"https:\/\/i.postimg.cc\/Dz02BTVM\/Whats-App-Image-2024-04-28-at-12-41-01.jpg\" alt=\"Whats-App-Image-2024-04-28-at-12-41-01\"\/><\/a> <a href=\"https:\/\/postimages.org\/\" target=\"_blank\" rel=\"noopener\"><img decoding=\"async\" src=\"https:\/\/i.postimg.cc\/FsbsKpgD\/Whats-App-Image-2024-04-28-at-12-41-01-1.jpg\" alt=\"Whats-App-Image-2024-04-28-at-12-41-01-1\"\/><\/a> <a href=\"https:\/\/postimages.org\/\" target=\"_blank\" rel=\"noopener\"><img decoding=\"async\" src=\"https:\/\/i.postimg.cc\/QdXNK7fs\/Whats-App-Image-2024-04-28-at-12-41-02.jpg\" alt=\"Whats-App-Image-2024-04-28-at-12-41-02\"\/><\/a><br\/><br\/>\n","protected":false},"excerpt":{"rendered":"<p>Bu g\u00fcn silahda\u015flar\u0131m\u0131zdan birinin &#8212; Az\u0259rbaycan V\u0259t\u0259n M\u00fcharib\u0259si Veteranlar\u0131 \u0130ctimai Birliyinin (AVMV\u0130B)\u00a0\u00a0Yard\u0131ml\u0131 rayon \u015f\u00f6b\u0259sinin s\u0259dri,&#8230;<\/p>\n","protected":false},"author":3,"featured_media":0,"comment_status":"closed","ping_status":"closed","sticky":false,"template":"","format":"standard","meta":{"footnotes":""},"categories":[13],"tags":[],"class_list":["post-22433","post","type-post","status-publish","format-standard","hentry","category-tebrik"],"featured_image_urls":{"full":"","thumbnail":"","medium":"","medium_large":"","large":"","1536x1536":"","2048x2048":"","covernews-slider-full":"","covernews-slider-center":"","covernews-featured":"","covernews-medium":"","covernews-medium-square":""},"author_info":{"display_name":"Veteran.az","author_link":"https:\/\/veteran.az\/?author=3"},"category_info":"<a href=\"https:\/\/veteran.az\/?cat=13\" rel=\"category\">T\u0259brik<\/a>","tag_info":"T\u0259brik","comment_count":"0","_links":{"self":[{"href":"https:\/\/veteran.az\/index.php?rest_route=\/wp\/v2\/posts\/22433","targetHints":{"allow":["GET"]}}],"collection":[{"href":"https:\/\/veteran.az\/index.php?rest_route=\/wp\/v2\/posts"}],"about":[{"href":"https:\/\/veteran.az\/index.php?rest_route=\/wp\/v2\/types\/post"}],"author":[{"embeddable":true,"href":"https:\/\/veteran.az\/index.php?rest_route=\/wp\/v2\/users\/3"}],"replies":[{"embeddable":true,"href":"https:\/\/veteran.az\/index.php?rest_route=%2Fwp%2Fv2%2Fcomments&post=22433"}],"version-history":[{"count":2,"href":"https:\/\/veteran.az\/index.php?rest_route=\/wp\/v2\/posts\/22433\/revisions"}],"predecessor-version":[{"id":23823,"href":"https:\/\/veteran.az\/index.php?rest_route=\/wp\/v2\/posts\/22433\/revisions\/23823"}],"wp:attachment":[{"href":"https:\/\/veteran.az\/index.php?rest_route=%2Fwp%2Fv2%2Fmedia&parent=22433"}],"wp:term":[{"taxonomy":"category","embeddable":true,"href":"https:\/\/veteran.az\/index.php?rest_route=%2Fwp%2Fv2%2Fcategories&post=22433"},{"taxonomy":"post_tag","embeddable":true,"href":"https:\/\/veteran.az\/index.php?rest_route=%2Fwp%2Fv2%2Ftags&post=22433"}],"curies":[{"name":"wp","href":"https:\/\/api.w.org\/{rel}","templated":true}]}}