{"id":22365,"date":"2025-04-15T12:32:47","date_gmt":"2025-04-15T08:32:47","guid":{"rendered":"https:\/\/veteran.az\/?p=22365"},"modified":"2025-04-15T12:32:47","modified_gmt":"2025-04-15T08:32:47","slug":"t%c9%99brik-eliyev-q%c9%99nb%c9%99r-abdulla-oglu-57","status":"publish","type":"post","link":"https:\/\/veteran.az\/?p=22365","title":{"rendered":"T\u0259brik: \u018fliyev Q\u0259nb\u0259r Abdulla o\u011flu &#8212; 58"},"content":{"rendered":"\n<p>Bu g\u00fcn silahda\u015flar\u0131m\u0131zdan birinin &#8212; Az\u0259rbaycan V\u0259t\u0259n Muharib\u0259si Veteranlar\u0131 \u0130ctimai Birliyinin (AVMV\u0130B) Salyan rayon \u015f\u00f6b\u0259sinin s\u0259dri \u018fliyev Q\u0259nb\u0259r Abdulla o\u011flunu do\u011fum g\u00fcn\u00fcd\u00fcr! Aprel ay\u0131n\u0131n 15-i onun 58 ya\u015f\u0131 tamam olur. Q\u0259nb\u0259r \u018fliyev ke\u00e7mi\u015f d\u00f6y\u00fc\u015f\u00e7\u00fc kimi h\u0259yat\u0131n v\u0259 m\u00fcharib\u0259nin s\u0259rt s\u0131na\u011f\u0131ndan \u00fcz\u00fca\u011f, aln\u0131a\u00e7\u0131q \u00e7\u0131xm\u0131\u015f, dostluq, etibar v\u0259 m\u0259rdliyi il\u0259 se\u00e7ilmi\u015fdir.<\/p>\n\n\n\n<p>Az\u0259rbaycan V\u0259t\u0259n Muharib\u0259si Veteranlar\u0131 \u0130ctimai Birliyinin (AVMV\u0130B) Salyan rayon \u015f\u00f6b\u0259sinin s\u0259dri \u018fliyev Q\u0259nb\u0259r Abdulla o\u011flunu bu \u0259lam\u0259tdar g\u00fcn m\u00fcnasib\u0259tl\u0259 Az\u0259rbaycan V\u0259t\u0259n M\u00fcharib\u0259si Veteranlar\u0131 \u0130ctimai Birliyinin r\u0259hb\u0259rliyi, Fedai.az v\u0259 Veteran.az saytlar\u0131n\u0131n kollektivi, ail\u0259si, dostlar\u0131, i\u015f v\u0259 d\u00f6y\u00fc\u015fc\u00fc yolda\u015flar\u0131 s\u0259mimi q\u0259lbd\u0259n t\u0259brik edir, ona h\u0259yatda insan \u00fc\u00e7\u00fcn \u0259n \u015firin nem\u0259t olan m\u00f6hk\u0259m cansa\u011fl\u0131\u011f\u0131, ail\u0259 s\u0259ad\u0259ti v\u0259 h\u0259yat yollar\u0131nda bitib &#8212; t\u00fck\u0259nm\u0259y\u0259n nailiyy\u0259tl\u0259r arzu edirl\u0259r,<\/p>\n\n\n\n<p>Q\u0259nb\u0259r m\u00fc\u0259llim! Qoy ya\u015f\u0131n\u0131z\u0131n \u00fcst\u0259 g\u0259l\u0259n bu ya\u015f siz\u0259 sevinc dolu g\u00fcnl\u0259r b\u0259x\u015f etsin v\u0259 h\u0259r yeni iliniz \u00f6t\u0259n ill\u0259rd\u0259n daha g\u00f6z\u0259l, ist\u0259kl\u0259riniz\u0259 daha uy\u011fun \u015f\u0259kild\u0259 sizi xo\u015fb\u0259xt ed\u0259c\u0259k g\u00fcnl\u0259rin bollu\u011fu il\u0259 ke\u00e7sin.<\/p>\n\n\n\n<p><strong>AVMV\u0130B M\u0259tbuat xidm\u0259ti<\/strong><\/p>\n\n\n\n<figure class=\"wp-block-image\"><img decoding=\"async\" src=\"https:\/\/fedai.az\/wp-content\/uploads\/2023\/04\/image-68.png\" alt=\"\" class=\"wp-image-91646\"\/><\/figure>\n\n\n\n<figure class=\"wp-block-image\"><img decoding=\"async\" src=\"https:\/\/fedai.az\/wp-content\/uploads\/2023\/04\/image-69.png\" alt=\"\" class=\"wp-image-91648\"\/><\/figure>\n\n\n\n<figure class=\"wp-block-image\"><img decoding=\"async\" src=\"https:\/\/fedai.az\/wp-content\/uploads\/2023\/04\/image-70.png\" alt=\"\" class=\"wp-image-91649\"\/><\/figure>\n\n\n\n<figure class=\"wp-block-image\"><img decoding=\"async\" src=\"https:\/\/fedai.az\/wp-content\/uploads\/2023\/04\/image-71-744x1024.png\" alt=\"\" class=\"wp-image-91650\"\/><\/figure>\n","protected":false},"excerpt":{"rendered":"<p>Bu g\u00fcn silahda\u015flar\u0131m\u0131zdan birinin &#8212; Az\u0259rbaycan V\u0259t\u0259n Muharib\u0259si Veteranlar\u0131 \u0130ctimai Birliyinin (AVMV\u0130B) Salyan rayon \u015f\u00f6b\u0259sinin&#8230;<\/p>\n","protected":false},"author":3,"featured_media":0,"comment_status":"closed","ping_status":"closed","sticky":false,"template":"","format":"standard","meta":{"footnotes":""},"categories":[13],"tags":[],"class_list":["post-22365","post","type-post","status-publish","format-standard","hentry","category-tebrik"],"featured_image_urls":{"full":"","thumbnail":"","medium":"","medium_large":"","large":"","1536x1536":"","2048x2048":"","covernews-slider-full":"","covernews-slider-center":"","covernews-featured":"","covernews-medium":"","covernews-medium-square":""},"author_info":{"display_name":"Veteran.az","author_link":"https:\/\/veteran.az\/?author=3"},"category_info":"<a href=\"https:\/\/veteran.az\/?cat=13\" rel=\"category\">T\u0259brik<\/a>","tag_info":"T\u0259brik","comment_count":"0","_links":{"self":[{"href":"https:\/\/veteran.az\/index.php?rest_route=\/wp\/v2\/posts\/22365","targetHints":{"allow":["GET"]}}],"collection":[{"href":"https:\/\/veteran.az\/index.php?rest_route=\/wp\/v2\/posts"}],"about":[{"href":"https:\/\/veteran.az\/index.php?rest_route=\/wp\/v2\/types\/post"}],"author":[{"embeddable":true,"href":"https:\/\/veteran.az\/index.php?rest_route=\/wp\/v2\/users\/3"}],"replies":[{"embeddable":true,"href":"https:\/\/veteran.az\/index.php?rest_route=%2Fwp%2Fv2%2Fcomments&post=22365"}],"version-history":[{"count":6,"href":"https:\/\/veteran.az\/index.php?rest_route=\/wp\/v2\/posts\/22365\/revisions"}],"predecessor-version":[{"id":23811,"href":"https:\/\/veteran.az\/index.php?rest_route=\/wp\/v2\/posts\/22365\/revisions\/23811"}],"wp:attachment":[{"href":"https:\/\/veteran.az\/index.php?rest_route=%2Fwp%2Fv2%2Fmedia&parent=22365"}],"wp:term":[{"taxonomy":"category","embeddable":true,"href":"https:\/\/veteran.az\/index.php?rest_route=%2Fwp%2Fv2%2Fcategories&post=22365"},{"taxonomy":"post_tag","embeddable":true,"href":"https:\/\/veteran.az\/index.php?rest_route=%2Fwp%2Fv2%2Ftags&post=22365"}],"curies":[{"name":"wp","href":"https:\/\/api.w.org\/{rel}","templated":true}]}}