{"id":22163,"date":"2024-02-19T22:22:22","date_gmt":"2024-02-19T18:22:22","guid":{"rendered":"https:\/\/veteran.az\/?p=22163"},"modified":"2024-02-26T13:05:10","modified_gmt":"2024-02-26T09:05:10","slug":"turan-turk-dovl%c9%99tl%c9%99rinin-veteranlar-birliyi-t%c9%99sis-edildi-video","status":"publish","type":"post","link":"https:\/\/veteran.az\/?p=22163","title":{"rendered":"TURAN-T\u00fcrk D\u00f6vl\u0259tl\u0259rinin Veteranlar Birliyi t\u0259sis edildi &#8212; V\u0130DEO"},"content":{"rendered":"\n<p>23-31 oktyabr 2023-c\u00fc il tarixl\u0259rind\u0259 Az\u0259rbaycan V\u0259t\u0259n M\u00fcharib\u0259si Veteranlar\u0131 \u0130ctimai Birliyinin 5 n\u0259f\u0259rd\u0259n ibar\u0259t n\u00fcmay\u0259nd\u0259 hey\u0259ti AVMV\u0130B s\u0259dri F\u00fczuli Rzaquliyevin \u0259mri il\u0259 Qazax\u0131stan Respublikas\u0131na ezam olunmu\u015flar. M\u0259qs\u0259d Qazax\u0131stan Respublikas\u0131n\u0131n \u0130dman v\u0259 G\u0259ncl\u0259r Nazirliyi v\u0259 Qazax\u0131stan Veteranlar\u0131n\u0131n t\u0259\u015f\u0259bb\u00fcs\u00fc il\u0259 ke\u00e7iril\u0259n Beyn\u0259lxalq Forumda i\u015ftirak etm\u0259k, eyni zamanda Turan-T\u00fcrk D\u00f6vl\u0259tl\u0259ri Veteranlar\u0131 Birliyini t\u0259sis etm\u0259k \u00fc\u00e7\u00fcn Beyn\u0259lxalq Sazi\u015fi imzalamaq olmu\u015fdur.<\/p>\n\n\n<div class=\"wp-block-image\">\n<figure class=\"aligncenter size-large is-resized\"><img decoding=\"async\" src=\"https:\/\/veteran.az\/wp-content\/uploads\/2024\/02\/WhatsApp-Image-2024-02-18-at-21.30.16-1-749x999.jpeg\" alt=\"\" class=\"wp-image-22164\" style=\"width:421px;height:auto\"\/><\/figure>\n<\/div>\n\n\n<p>AVMV\u0130B s\u0259drinin s\u0259lahiyy\u0259tli n\u00fcmay\u0259nd\u0259si, e.o. polkovnik Elmar H\u00fcseynovun ba\u015f\u00e7\u0131l\u0131q etdiyi n\u00fcmay\u0259nd\u0259 hey\u0259tinin t\u0259rkibind\u0259 olan AVMV\u0130B G\u0259nc\u0259 \u015f\u0259h\u0259r \u015f\u00f6b\u0259sinin s\u0259dri e.o. mayor B\u0259yan\u0259t Qas\u0131mov, o c\u00fcml\u0259d\u0259n e.o. polis polkovniki M\u00fcbariz Quliyev, e.o. polkovnik Qa\u00e7ay Aslanov, m\u00fcharib\u0259 veteran\u0131 Musa \u018fliyev Qazax\u0131stan Respublikas\u0131n\u0131n Almata \u015f\u0259h\u0259rinin hava liman\u0131nda Qazax\u0131stan veteranlar\u0131n\u0131n s\u0259dri Murat Muxametjanov s\u0259dr m\u00fcavini Ay\u011fan Nurbolat Jolbold\u0131ul\u0131, ictimai f\u0259al Ba\u011fila Baltabayeva, Almata, Astana, Taraz, \u015e\u0131mkent, T\u00fcrkistan \u015f\u0259h\u0259rl\u0259rinin veteranlar\u0131 Az\u0259rbaycan v\u0259 T\u00fcrkiy\u0259 n\u00fcmay\u0259nd\u0259 hey\u0259tl\u0259rini t\u00fcrk d\u00f6vl\u0259tl\u0259rinin bayraqlar\u0131 alt\u0131nda, h\u0259rar\u0259tl\u0259 v\u0259 g\u00fcl-\u00e7i\u00e7\u0259kl\u0259 qar\u015f\u0131lanm\u0131\u015flar.<\/p>\n\n\n\n<figure class=\"wp-block-image size-large\"><img loading=\"lazy\" decoding=\"async\" width=\"999\" height=\"562\" src=\"https:\/\/veteran.az\/wp-content\/uploads\/2024\/02\/WHATSAPP-IMAGE-2023-11-02-AT-20.54.36-999x562.jpg\" alt=\"\" class=\"wp-image-22165\" srcset=\"https:\/\/veteran.az\/wp-content\/uploads\/2024\/02\/WHATSAPP-IMAGE-2023-11-02-AT-20.54.36-999x562.jpg 999w, https:\/\/veteran.az\/wp-content\/uploads\/2024\/02\/WHATSAPP-IMAGE-2023-11-02-AT-20.54.36-700x394.jpg 700w, https:\/\/veteran.az\/wp-content\/uploads\/2024\/02\/WHATSAPP-IMAGE-2023-11-02-AT-20.54.36-300x169.jpg 300w, https:\/\/veteran.az\/wp-content\/uploads\/2024\/02\/WHATSAPP-IMAGE-2023-11-02-AT-20.54.36-768x432.jpg 768w, https:\/\/veteran.az\/wp-content\/uploads\/2024\/02\/WHATSAPP-IMAGE-2023-11-02-AT-20.54.36.jpg 1024w\" sizes=\"auto, (max-width: 999px) 100vw, 999px\" \/><\/figure>\n\n\n\n<figure class=\"wp-block-image size-large\"><img loading=\"lazy\" decoding=\"async\" width=\"999\" height=\"749\" src=\"https:\/\/veteran.az\/wp-content\/uploads\/2024\/02\/photo1708186207-9-999x749.jpeg\" alt=\"\" class=\"wp-image-22166\" srcset=\"https:\/\/veteran.az\/wp-content\/uploads\/2024\/02\/photo1708186207-9-999x749.jpeg 999w, https:\/\/veteran.az\/wp-content\/uploads\/2024\/02\/photo1708186207-9-700x525.jpeg 700w, https:\/\/veteran.az\/wp-content\/uploads\/2024\/02\/photo1708186207-9-300x225.jpeg 300w, https:\/\/veteran.az\/wp-content\/uploads\/2024\/02\/photo1708186207-9-768x576.jpeg 768w, https:\/\/veteran.az\/wp-content\/uploads\/2024\/02\/photo1708186207-9-1024x768.jpeg 1024w, https:\/\/veteran.az\/wp-content\/uploads\/2024\/02\/photo1708186207-9.jpeg 1152w\" sizes=\"auto, (max-width: 999px) 100vw, 999px\" \/><\/figure>\n\n\n\n<p>Oktyabr\u0131n 24-d\u0259 Az\u0259rbaycan V\u0259t\u0259n M\u00fcharib\u0259si Veteranlar\u0131 \u0130ctimai Birliyinin n\u00fcmay\u0259nd\u0259 hey\u0259tinin ba\u015f\u00e7\u0131s\u0131, AVMV\u0130B s\u0259drinin s\u0259lahiyy\u0259tli n\u00fcmay\u0259nd\u0259si Elmar H\u00fcseynovun, Qazax\u0131stan veteranlar\u0131n\u0131n s\u0259dri Murat Muxametjanovun, T\u00fcrkiy\u0259 C\u00fcmhuriyy\u0259ti M\u00fcharib Qazil\u0259ri D\u0259rn\u0259yinin Ba\u015fkan\u0131 B\u0259yazit Yumuk v\u0259 T\u00fcrkiy\u0259 \u015e\u0259hid Ail\u0259l\u0259ri D\u0259rn\u0259yinin s\u0259dri Mustafa \u0130\u015f\u0131k\u0131n v\u0259 dig\u0259r t\u00fcrkdilli d\u00f6vl\u0259tl\u0259rinin veteranlar birliyini t\u0259msil ed\u0259n n\u00fcmay\u0259nd\u0259l\u0259rin i\u015ftirak\u0131 il\u0259 Beyn\u0259lxalq Forum \u00f6z i\u015fin\u0259 ba\u015flam\u0131\u015fd\u0131r. T\u0259dbir \u00e7\u0259r\u00e7iv\u0259sind\u0259 Beyn\u0259lxalq Memorandumun ilkin layih\u0259si haz\u0131rlanm\u0131\u015fd\u0131r.<\/p>\n\n\n\n<figure class=\"wp-block-image size-large\"><img decoding=\"async\" src=\"https:\/\/veteran.az\/wp-content\/uploads\/2024\/02\/WHATSAPP-IMAGE-2023-11-02-AT-20.52.50-999x749.jpg\" alt=\"\" class=\"wp-image-22167\"\/><\/figure>\n\n\n\n<figure class=\"wp-block-image size-large\"><img decoding=\"async\" src=\"https:\/\/veteran.az\/wp-content\/uploads\/2024\/02\/WhatsApp-Image-2024-02-19-at-00.00.38-999x703.jpeg\" alt=\"\" class=\"wp-image-22169\"\/><\/figure>\n\n\n\n<p>25 oktyabr 2023-c\u00fc il tarixind\u0259 Almata \u015f\u0259h\u0259rinin \u0259n n\u00fcfuzlu m\u0259d\u0259niyy\u0259t evind\u0259 T\u00fcrkiy\u0259, Az\u0259rbaycan, Qazax\u0131stan, \u00d6zb\u0259kistan, Q\u0131r\u011f\u0131z\u0131stan T\u00fcrkm\u0259nistan, \u015eimali Kipr T\u00fcrk C\u00fcmhuriyy\u0259tinin bayraqlar\u0131 il\u0259 b\u0259z\u0259dilmi\u015f m\u00f6ht\u0259\u015f\u0259m salonda Turan-T\u00fcrk d\u00f6vl\u0259tl\u0259rinin Veteranlar Birliyinin t\u0259sis edilm\u0259sin\u0259 h\u0259sr olunmu\u015f I Beyn\u0259lxalq Forum \u00e7\u0259r\u00e7iv\u0259sind\u0259 sazi\u015f imzalanm\u0131\u015fd\u0131r. Forumda Az\u0259rbaycan Respublikas\u0131ndan AVMV\u0130B s\u0259drinin s\u0259lahiyy\u0259tli n\u00fcmay\u0259nd\u0259si Elmar H\u00fcseynov, Qa\u00e7ay Aslanov, M\u00fcbariz Quliyev, B\u0259yan\u0259t Qas\u0131mov, Musa \u018fliyev, T\u00fcrkiy\u0259 C\u00fcmhuriyy\u0259tind\u0259n B\u0259yazit Yumuk, Mustafa I\u015f\u0131k, o c\u00fcml\u0259d\u0259n T\u00fcrkiy\u0259 C\u00fcmhuriyy\u0259tinin Almata \u015f\u0259h\u0259rind\u0259ki konsulu Evren b\u0259y, Az\u0259rbaycan Diasporunun Qazax\u0131stan \u00fczr\u0259 s\u0259dr m\u00fcavini Allahverdi M\u0259mm\u0259dov, dig\u0259r t\u00fcrkdilli d\u00f6vl\u0259tl\u0259rin veteran birlikl\u0259rini t\u0259msil ed\u0259n n\u00fcmay\u0259nd\u0259 hey\u0259ti i\u015ftirak etmi\u015fdir. Beyn\u0259lxalq Forumda Turan-T\u00fcrk d\u00f6vl\u0259tl\u0259rinin Veteranlar\u0131 Birliyinin t\u0259sis olunmas\u0131 il\u0259 ba\u011fl\u0131 q\u0259rar q\u0259bul edilmi\u015f v\u0259 bununla ba\u011fl\u0131 t\u00fcrkdilli d\u00f6vl\u0259tl\u0259rin veteranlar\u0131n\u0131 t\u0259msil ed\u0259n s\u0259lahiyy\u0259tli n\u00fcmay\u0259nd\u0259 hey\u0259tinin ba\u015f\u00e7\u0131lar\u0131 t\u0259r\u0259find\u0259n Beyn\u0259lxalq Sazi\u015f imzalanm\u0131\u015fd\u0131r.<\/p>\n\n\n\n<p><strong>AVMV\u0130B M\u0259tbuat xidm\u0259ti<\/strong><\/p>\n\n\n\n<iframe loading=\"lazy\" width=\"720\" height=\"405\" src=\"https:\/\/www.youtube.com\/embed\/z51NxMDEzS4\" title=\"TURAN-T\u00fcrk D\u00f6vl\u0259tl\u0259rinin Veteranlar Birliyi t\u0259sis edildi\" frameborder=\"0\" allow=\"accelerometer; autoplay; clipboard-write; encrypted-media; gyroscope; picture-in-picture; web-share\" allowfullscreen><\/iframe>\n","protected":false},"excerpt":{"rendered":"<p>23-31 oktyabr 2023-c\u00fc il tarixl\u0259rind\u0259 Az\u0259rbaycan V\u0259t\u0259n M\u00fcharib\u0259si Veteranlar\u0131 \u0130ctimai Birliyinin 5 n\u0259f\u0259rd\u0259n ibar\u0259t n\u00fcmay\u0259nd\u0259&#8230;<\/p>\n","protected":false},"author":3,"featured_media":0,"comment_status":"closed","ping_status":"closed","sticky":false,"template":"","format":"standard","meta":{"footnotes":""},"categories":[10],"tags":[],"class_list":["post-22163","post","type-post","status-publish","format-standard","hentry","category-avmvib"],"featured_image_urls":{"full":"","thumbnail":"","medium":"","medium_large":"","large":"","1536x1536":"","2048x2048":"","covernews-slider-full":"","covernews-slider-center":"","covernews-featured":"","covernews-medium":"","covernews-medium-square":""},"author_info":{"display_name":"Veteran.az","author_link":"https:\/\/veteran.az\/?author=3"},"category_info":"<a href=\"https:\/\/veteran.az\/?cat=10\" rel=\"category\">AVMV\u0130B<\/a>","tag_info":"AVMV\u0130B","comment_count":"0","_links":{"self":[{"href":"https:\/\/veteran.az\/index.php?rest_route=\/wp\/v2\/posts\/22163","targetHints":{"allow":["GET"]}}],"collection":[{"href":"https:\/\/veteran.az\/index.php?rest_route=\/wp\/v2\/posts"}],"about":[{"href":"https:\/\/veteran.az\/index.php?rest_route=\/wp\/v2\/types\/post"}],"author":[{"embeddable":true,"href":"https:\/\/veteran.az\/index.php?rest_route=\/wp\/v2\/users\/3"}],"replies":[{"embeddable":true,"href":"https:\/\/veteran.az\/index.php?rest_route=%2Fwp%2Fv2%2Fcomments&post=22163"}],"version-history":[{"count":1,"href":"https:\/\/veteran.az\/index.php?rest_route=\/wp\/v2\/posts\/22163\/revisions"}],"predecessor-version":[{"id":22171,"href":"https:\/\/veteran.az\/index.php?rest_route=\/wp\/v2\/posts\/22163\/revisions\/22171"}],"wp:attachment":[{"href":"https:\/\/veteran.az\/index.php?rest_route=%2Fwp%2Fv2%2Fmedia&parent=22163"}],"wp:term":[{"taxonomy":"category","embeddable":true,"href":"https:\/\/veteran.az\/index.php?rest_route=%2Fwp%2Fv2%2Fcategories&post=22163"},{"taxonomy":"post_tag","embeddable":true,"href":"https:\/\/veteran.az\/index.php?rest_route=%2Fwp%2Fv2%2Ftags&post=22163"}],"curies":[{"name":"wp","href":"https:\/\/api.w.org\/{rel}","templated":true}]}}