{"id":22147,"date":"2026-02-17T00:14:29","date_gmt":"2026-02-16T20:14:29","guid":{"rendered":"https:\/\/veteran.az\/?p=22147"},"modified":"2026-02-17T00:15:48","modified_gmt":"2026-02-16T20:15:48","slug":"t%c9%99brik-elovs%c9%99t-m%c9%99mm%c9%99dov-58","status":"publish","type":"post","link":"https:\/\/veteran.az\/?p=22147","title":{"rendered":"T\u0259brik: \u018fl\u00f6vs\u0259t M\u0259mm\u0259dov &#8212; 60"},"content":{"rendered":"\n<p>Bu g\u00fcn Az\u0259rbaycan V\u0259t\u0259n M\u00fcharib\u0259si Veteranlar\u0131 \u0130ctimai Birliyinin (AVMV\u0130B) Beylaqan rayon \u015f\u00f6b\u0259sinin s\u0259dri, Qaraba\u011f m\u00fcharib\u0259si veteran\u0131, istefada olan zabit M\u0259mm\u0259dov \u018fl\u00f6vs\u0259t \u018fli\u015f o\u011flunun do\u011fum g\u00fcn\u00fcd\u00fcr. Daimi h\u0259yat\u0131n s\u0259rt imtahanlar\u0131ndan aln\u0131a\u00e7\u0131q v\u0259 \u00fcz\u00fca\u011f \u00e7\u0131xan M\u0259mm\u0259dov \u018fl\u00f6vs\u0259t \u018fli\u015f o\u011flunun 60 ya\u015f\u0131 tamam olur.<\/p>\n\n\n\n<p>Bu g\u00f6z\u0259l g\u00fcn m\u00fcnasib\u0259ti il\u0259 onu Az\u0259rbaycan V\u0259t\u0259n M\u00fcharib\u0259si Veteranlar\u0131 \u0130ctimai Birliyinin r\u0259hb\u0259rliyi, AVMV\u0130B M\u0259tbuat xidm\u0259tinin kollektivi, ail\u0259 \u00fczvl\u0259ri, d\u00f6y\u00fc\u015f dostlar\u0131, i\u015f yolda\u015flar\u0131 s\u0259mimi q\u0259lbd\u0259n t\u0259brik edir, s\u0259b\u0259bkara&nbsp; h\u0259yatda insan ucun \u0259n \u015firin nem\u0259t olan m\u00f6hk\u0259m cansa\u011fl\u0131\u011f\u0131 v\u0259 h\u0259yat yollar\u0131nda bitib-t\u00fck\u0259nm\u0259y\u0259n naliyy\u0259tl\u0259r arzu edirl\u0259r!<\/p>\n\n\n\n<p>M\u0259mm\u0259dov \u018fl\u00f6vs\u0259t \u018fli\u015f &nbsp;o\u011flu&nbsp; 1966-c\u0131 ilin&nbsp; fevral ay\u0131n\u0131n&nbsp; 17-d\u0259&nbsp; Az\u0259rbaycan Respublikas\u0131n\u0131n Beylaqan rayonunun Yuxar\u0131 K\u0259m\u0259rli k\u0259ndind\u0259 z\u0259hm\u0259tke\u015f ail\u0259d\u0259 d\u00fcnyaya g\u00f6z a\u00e7\u0131b.<\/p>\n\n\n\n<p>1983 ci ild\u0259&nbsp; Beylaqan rayonun Yuxarl\u0131 K\u0259m\u0259rli &nbsp;k\u0259nd orta m\u0259kt\u0259bi bitrib, 1986 c\u0131 ild\u0259 Sovet Ordusunun Almaniya Federativ respublikas\u0131nda &nbsp;yerl\u0259\u015f\u0259n gizirl\u0259r m\u0259kt\u0259bini ( kimyac\u0131-t\u0259limatc\u0131 kursu \u00fczr\u0259) bitrib.O, Sovet Ordusunda texnik v\u0259 ba\u015f texnik v\u0259zif\u0259l\u0259rind\u0259 xidm\u0259t etdiyi ill\u0259r \u0259rzind\u0259 Diviziyada v\u0259 h\u0259rbi hiss\u0259l\u0259rd\u0259 kecirl\u0259n bir cox t\u0259lim \u2013 metodiki toplan\u0131\u015flarda, x\u00fcsusi \u2013 taktiki t\u0259liml\u0259rd\u0259, seminar v\u0259 konfranslarda f\u0259al i\u015ftirak edib.<\/p>\n\n\n\n<figure class=\"wp-block-image\"><img decoding=\"async\" src=\"https:\/\/fedai.az\/wp-content\/uploads\/2023\/02\/image-118-1024x708.png\" alt=\"\" class=\"wp-image-89863\"\/><\/figure>\n\n\n\n<p>\u018fl\u00f6vs\u0259t \u018fli\u015f o\u011flu M\u0259mm\u0259dov&nbsp; 1984-1990-c\u0131 ill\u0259rd\u0259&nbsp; Sovet Ordusunun Almaniya Federativ Respubilkas\u0131nda &nbsp;v\u0259 Moskva \u015f\u0259h\u0259rind\u0259 yerl\u0259\u015f\u0259n h\u0259rbi hiss\u0259l\u0259rind\u0259 &nbsp;h\u0259qiqi h\u0259rbi xidm\u0259td\u0259 v\u0259 m\u00fcdd\u0259td\u0259n art\u0131q h\u0259rbi xidm\u0259td\u0259 texnik v\u0259 ba\u015f texnik v\u0259zif\u0259l\u0259rind\u0259 &nbsp;(\u0259sg\u0259r v\u0259 gizir r\u00fctb\u0259sind\u0259) &nbsp;olub, 1991-1996-c\u0131 ill\u0259rd\u0259 &nbsp;is\u0259 Az\u0259rbaycan ordusunun d\u00f6y\u00fc\u015f b\u00f6lg\u0259l\u0259rind\u0259 yerl\u0259\u015f\u0259n h\u0259rbi hiss\u0259l\u0259rind\u0259 m\u00fcvafiq v\u0259zif\u0259l\u0259rd\u0259&nbsp; D\u00f6vl\u0259t\u0259 v\u0259 Xalqa s\u0259daq\u0259tl\u0259 xidm\u0259t edib. 1997 \u2013 2018 ci ill\u0259rd\u0259 \u00f6z\u0259l sahal\u0259rd\u0259 i\u015fl\u0259yib.\u018fl\u00f6vs\u0259t M\u0259mm\u0259dov 2018- 2020 -ci ill\u0259rd\u0259&nbsp; Az\u0259rbaycan V\u0259t\u0259n M\u00fcharib\u0259si Veteranlar\u0131 \u0130ctimai Birliyinin (AVMV\u0130B) Xocav\u0259nd v\u0259 Beylaqan rayon \u015f\u00f6b\u0259 s\u0259drl\u0259rinin m\u00fcavini v\u0259zif\u0259sind\u0259 olub, 2020-ci ild\u0259n etibar\u0259n is\u0259 AVMV\u0130B-nin Beylaqan rayon \u015f\u00f6b\u0259sinin s\u0259dri v\u0259zif\u0259sind\u0259dir<\/p>\n\n\n\n<p>O, 1992 -1994 c\u00fc ill\u0259rd\u0259 Az\u0259rbaycan\u0131n \u018frazi b\u00fct\u00f6vl\u00fcy\u00fc u\u011frunda&nbsp;(Xocav\u0259nd v\u0259 A\u011fdam&nbsp;rayonlar\u0131 istiqam\u0259tind\u0259) ged\u0259n d\u00f6y\u00fc\u015fl\u0259rd\u0259&nbsp; f\u0259al i\u015ftirak ed\u0259r\u0259k ona h\u0259val\u0259 edilmi\u015f v\u0259zif\u0259 v\u0259 tap\u015f\u0131r\u0131qlar\u0131n\u0131n \u00f6ht\u0259sind\u0259n layiqinc\u0259 g\u0259lmi\u015fdir.<\/p>\n\n\n\n<figure class=\"wp-block-image\"><img decoding=\"async\" src=\"https:\/\/fedai.az\/wp-content\/uploads\/2023\/02\/image-119-1024x933.png\" alt=\"\" class=\"wp-image-89864\"\/><\/figure>\n\n\n\n<p>M\u0259mm\u0259dov \u018fl\u00f6vs\u0259t \u018fli\u015f o\u011flu 44 g\u00fcnl\u00fck V\u0259t\u0259n M\u00fcharib\u0259sind\u0259 daimi h\u0259rbi qulluq\u00e7ularm\u0131z\u0131n yan\u0131nda olaraq&nbsp;\u0259lind\u0259n g\u0259l\u0259n g\u00f6m\u0259kliyi onlardan \u0259sirg\u0259m\u0259yib.<\/p>\n\n\n\n<p>O, Az\u0259rbaycan Respublikas\u0131n\u0131n Konstitusiyas\u0131na v\u0259 qanunlar\u0131na, h\u0259rbi nizamnam\u0259l\u0259rin, H\u0259rbi And\u0131n v\u0259 Az\u0259rbaycan V\u0259t\u0259n M\u00fcharib\u0259si Veteranlar\u0131 \u0130ctimai Birliyin Nizamnam\u0259sinin&nbsp; yerin\u0259 yetirilm\u0259sind\u0259 \u00fcz\u0259rin\u0259 d\u00fcs\u0259n v\u0259zif\u0259 v\u0259 tap\u015f\u0131r\u0131qlar\u0131n\u0131n \u00f6ht\u0259sind\u0259n \u015f\u0259r\u0259f v\u0259 m\u0259suliyy\u0259t hissi il\u0259 g\u0259lmi\u015fdir.<\/p>\n\n\n\n<p>&nbsp;\u0130stefada olan gizir \u018fl\u00f6vs\u0259d&nbsp; \u018fli\u015f o\u011flu M\u0259mm\u0259dov, V\u0259t\u0259n sava\u015f\u0131n\u0131n m\u00fcharib\u0259 veteranlar\u0131na, &nbsp;v\u0259 \u015f\u0259hid ai\u0259 \u00fczvl\u0259rin\u0259&nbsp; ba\u015f c\u0259k\u0259n v\u0259 onlara maddi v\u0259 m\u0259n\u0259vi d\u0259st\u0259k olan v\u0259t\u0259np\u0259rv\u0259r,qay\u011f\u0131ke\u015f v\u0259 xeyirxah insanlardan biridir.<\/p>\n\n\n\n<figure class=\"wp-block-image\"><img decoding=\"async\" src=\"https:\/\/fedai.az\/wp-content\/uploads\/2023\/02\/image-120.png\" alt=\"\" class=\"wp-image-89865\"\/><\/figure>\n\n\n\n<p>\u018fl\u00f6vs\u0259t \u018fli\u015f o\u011flu M\u0259mm\u0259dov h\u0259rbi xidm\u0259ti v\u0259zf\u0259 borclar\u0131n\u0131n yerin\u0259 yetirilm\u0259sin\u0259 m\u0259suliyy\u0259tl\u0259 yana\u015fd\u0131\u011f\u0131na, v\u0259 ictimai i\u015fl\u0259rd\u0259 \u00a0\u00a0x\u00fcsusi f\u0259rql\u0259ndiyin\u0259 g\u00f6r\u0259, SSR\u0130 M\u00fcdafi\u0259 Nazirinin, Az\u0259rbaycan Ordusunun Ba\u015f q\u0259rargah r\u0259isnin,alay, \u00a0birqada, diviziya v\u0259 korpus komandirl\u0259rinin, bir s\u0131ra\u00a0 t\u0259\u015fkilat v\u0259 ictimai birllik s\u0259dirl\u0259rinin, yerli icra hakimyy\u0259ti orqanlar\u0131n r\u0259hb\u0259rl\u0259rinin m\u00fcvafiq \u0259mirl\u0259ri il\u0259 \u00a0\u201c\u0259lac\u0131\u201d d\u00f6\u015f v\u0259 yubiley ni\u015fanlar\u0131 il\u0259 t\u0259ltif olunub, f\u0259rmanla, \u00a0qiym\u0259tli h\u0259diyy\u0259l\u0259rl\u0259 m\u00fckafatland\u0131r\u0131l\u0131b. <\/p>\n\n\n\n<p>Do\u011fum g\u00fcn\u00fcn\u00fcz m\u00fcbar\u0259k!<\/p>\n\n\n\n<p><strong>AVMV\u0130B M\u0259tbuat xidm\u0259ti<\/strong><\/p>\n\n\n\n<p><\/p>\n","protected":false},"excerpt":{"rendered":"<p>Bu g\u00fcn Az\u0259rbaycan V\u0259t\u0259n M\u00fcharib\u0259si Veteranlar\u0131 \u0130ctimai Birliyinin (AVMV\u0130B) Beylaqan rayon \u015f\u00f6b\u0259sinin s\u0259dri, Qaraba\u011f m\u00fcharib\u0259si&#8230;<\/p>\n","protected":false},"author":3,"featured_media":24630,"comment_status":"closed","ping_status":"closed","sticky":false,"template":"","format":"standard","meta":{"footnotes":""},"categories":[13],"tags":[],"class_list":["post-22147","post","type-post","status-publish","format-standard","has-post-thumbnail","hentry","category-tebrik"],"featured_image_urls":{"full":["https:\/\/veteran.az\/wp-content\/uploads\/2025\/02\/272805828_143799151395464_3591437362292004756_n-1024x485-1.jpg",1024,485,false],"thumbnail":["https:\/\/veteran.az\/wp-content\/uploads\/2025\/02\/272805828_143799151395464_3591437362292004756_n-1024x485-1-150x71.jpg",150,71,true],"medium":["https:\/\/veteran.az\/wp-content\/uploads\/2025\/02\/272805828_143799151395464_3591437362292004756_n-1024x485-1-300x142.jpg",300,142,true],"medium_large":["https:\/\/veteran.az\/wp-content\/uploads\/2025\/02\/272805828_143799151395464_3591437362292004756_n-1024x485-1-768x364.jpg",640,303,true],"large":["https:\/\/veteran.az\/wp-content\/uploads\/2025\/02\/272805828_143799151395464_3591437362292004756_n-1024x485-1.jpg",640,303,false],"1536x1536":["https:\/\/veteran.az\/wp-content\/uploads\/2025\/02\/272805828_143799151395464_3591437362292004756_n-1024x485-1.jpg",1024,485,false],"2048x2048":["https:\/\/veteran.az\/wp-content\/uploads\/2025\/02\/272805828_143799151395464_3591437362292004756_n-1024x485-1.jpg",1024,485,false],"covernews-slider-full":["https:\/\/veteran.az\/wp-content\/uploads\/2025\/02\/272805828_143799151395464_3591437362292004756_n-1024x485-1.jpg",1024,485,false],"covernews-slider-center":["https:\/\/veteran.az\/wp-content\/uploads\/2025\/02\/272805828_143799151395464_3591437362292004756_n-1024x485-1-800x485.jpg",800,485,true],"covernews-featured":["https:\/\/veteran.az\/wp-content\/uploads\/2025\/02\/272805828_143799151395464_3591437362292004756_n-1024x485-1.jpg",1024,485,false],"covernews-medium":["https:\/\/veteran.az\/wp-content\/uploads\/2025\/02\/272805828_143799151395464_3591437362292004756_n-1024x485-1-540x340.jpg",540,340,true],"covernews-medium-square":["https:\/\/veteran.az\/wp-content\/uploads\/2025\/02\/272805828_143799151395464_3591437362292004756_n-1024x485-1-400x250.jpg",400,250,true]},"author_info":{"display_name":"Veteran.az","author_link":"https:\/\/veteran.az\/?author=3"},"category_info":"<a href=\"https:\/\/veteran.az\/?cat=13\" rel=\"category\">T\u0259brik<\/a>","tag_info":"T\u0259brik","comment_count":"0","_links":{"self":[{"href":"https:\/\/veteran.az\/index.php?rest_route=\/wp\/v2\/posts\/22147","targetHints":{"allow":["GET"]}}],"collection":[{"href":"https:\/\/veteran.az\/index.php?rest_route=\/wp\/v2\/posts"}],"about":[{"href":"https:\/\/veteran.az\/index.php?rest_route=\/wp\/v2\/types\/post"}],"author":[{"embeddable":true,"href":"https:\/\/veteran.az\/index.php?rest_route=\/wp\/v2\/users\/3"}],"replies":[{"embeddable":true,"href":"https:\/\/veteran.az\/index.php?rest_route=%2Fwp%2Fv2%2Fcomments&post=22147"}],"version-history":[{"count":5,"href":"https:\/\/veteran.az\/index.php?rest_route=\/wp\/v2\/posts\/22147\/revisions"}],"predecessor-version":[{"id":24631,"href":"https:\/\/veteran.az\/index.php?rest_route=\/wp\/v2\/posts\/22147\/revisions\/24631"}],"wp:featuredmedia":[{"embeddable":true,"href":"https:\/\/veteran.az\/index.php?rest_route=\/wp\/v2\/media\/24630"}],"wp:attachment":[{"href":"https:\/\/veteran.az\/index.php?rest_route=%2Fwp%2Fv2%2Fmedia&parent=22147"}],"wp:term":[{"taxonomy":"category","embeddable":true,"href":"https:\/\/veteran.az\/index.php?rest_route=%2Fwp%2Fv2%2Fcategories&post=22147"},{"taxonomy":"post_tag","embeddable":true,"href":"https:\/\/veteran.az\/index.php?rest_route=%2Fwp%2Fv2%2Ftags&post=22147"}],"curies":[{"name":"wp","href":"https:\/\/api.w.org\/{rel}","templated":true}]}}