{"id":22061,"date":"2024-01-28T13:55:22","date_gmt":"2024-01-28T09:55:22","guid":{"rendered":"https:\/\/veteran.az\/?p=22061"},"modified":"2024-02-17T12:39:29","modified_gmt":"2024-02-17T08:39:29","slug":"avmvib-s%c9%99dri-avropa-surasinin-b%c9%99yanatini-erm%c9%99nip%c9%99r%c9%99st-movqe-il%c9%99-%c9%99laq%c9%99l%c9%99ndirib","status":"publish","type":"post","link":"https:\/\/veteran.az\/?p=22061","title":{"rendered":"AVMV\u0130B s\u0259dri Avropa \u015euras\u0131n\u0131n b\u0259yanat\u0131n\u0131 erm\u0259nip\u0259r\u0259st m\u00f6vqe il\u0259 \u0259laq\u0259l\u0259ndirib"},"content":{"rendered":"\n<p>Az\u0259rbaycan V\u0259t\u0259n M\u00fcharib\u0259si Veteranlar\u0131 \u0130ctimai Birliyinin (AVMV\u0130B) s\u0259dri F\u00fczuli \u018fd\u0259b o\u011flu Rzaquliyev Avropa \u015euras\u0131n\u0131n Az\u0259rbaycan Respublikas\u0131na qar\u015f\u0131 verdiyi b\u0259yanat\u0131 q\u0259r\u0259zli hesab edib.<\/p>\n\n\n\n<p>Veteran.az sayt\u0131na a\u00e7\u0131qlamas\u0131nda qit\u0259nin insan h\u00fcquqlar\u0131n\u0131 m\u00fcdafi\u0259 ed\u0259n apar\u0131c\u0131 beyn\u0259lxalq t\u0259\u015fkilat\u0131 olan Avropa \u015euras\u0131n\u0131n b\u0259\u015f\u0259ri d\u0259y\u0259rl\u0259ri y\u00fcks\u0259k tutmaq \u0259v\u0259zin\u0259, a\u00e7\u0131q \u015f\u0259kild\u0259 Qaraba\u011fda insanl\u0131\u011fa qar\u015f\u0131 cinay\u0259tl\u0259r t\u00f6r\u0259tmi\u015f erm\u0259ni terror\u00e7ular\u0131na d\u0259st\u0259k n\u00fcmayi\u015f etdirm\u0259kl\u0259 Az\u0259rbaycan\u0131n \u00f6z suverenliyini b\u0259rpa etm\u0259sini h\u0259zm ed\u0259 bilm\u0259diyi \u00fc\u00e7\u00fcn bu c\u00fcr \u0259dal\u0259tsiz add\u0131mlar atmas\u0131n\u0131 humanizm prinsipl\u0259rin\u0259 zidd kimi qiym\u0259tl\u0259ndir\u0259n AVMV\u0130B s\u0259dri \u0259lav\u0259 etmi\u015fdir ki, erm\u0259nip\u0259r\u0259st q\u00fcvv\u0259l\u0259rin f\u0259all\u0131\u011f\u0131na baxmayaraq Az\u0259rbaycan xalq\u0131 Ali Ba\u015f Komandan \u0130lham \u018fliyevin r\u0259hb\u0259rliyi alt\u0131nda b\u00fct\u00fcn t\u0259zyiql\u0259rd\u0259n \u00fcz\u00fca\u011f \u00e7\u0131xaca\u011f\u0131na inan\u0131r.<\/p>\n\n\n\n<p>F\u00fczuli Rzaquliyev qeyd etmi\u015fdir ki, beyn\u0259lxalq h\u00fcquqda d\u00f6vl\u0259tl\u0259rin \u0259razi b\u00fct\u00f6vl\u00fcy\u00fc toxunulmazd\u0131r. Biz d\u0259 beyn\u0259lxalq h\u00fcquqla t\u0259sbit olunub tan\u0131nan \u00f6z \u0259razi b\u00fct\u00f6vl\u00fcy\u00fcm\u00fcz\u00fc t\u0259min etmi\u015fik. Lakin, soyda\u015flar\u0131m\u0131z\u0131n Q\u0259rbi Az\u0259rbaycan torpaqlar\u0131ndan qovulmas\u0131na reaksiya verm\u0259y\u0259n, BMT-nin 4 m\u0259lum q\u0259tnam\u0259sinin ka\u011f\u0131z \u00fcz\u0259rind\u0259 qoyan Q\u0259rb v\u0259 Avropa \u015euras\u0131 beyn\u0259lxalq tribunlardan erm\u0259ni c\u0259lladlar\u0131na s\u00f6z verib onlar\u0131n \u0259m\u0259ll\u0259rin\u0259 g\u00f6z yumursa, ayd\u0131n m\u0259s\u0259l\u0259dir ki, Az\u0259rbaycan d\u00f6vl\u0259tin\u0259 v\u0259 xalq\u0131na qar\u015f\u0131 \u0259dal\u0259tli m\u00f6vqe tutmayacaq.<\/p>\n\n\n\n<p>AVMV\u0130B s\u0259dri bildirmi\u015fdir ki, Az\u0259rbaycan xalq\u0131 7 fevral &#8212; Prezident se\u00e7kil\u0259rind\u0259 bir daha polad irad\u0259 n\u00fcmayi\u015f etdir\u0259r\u0259k \u0130lham \u018fliyevi d\u00f6vl\u0259tin ba\u015f\u0131nda g\u00f6rm\u0259k ist\u0259yir. \u00c7\u00fcnki, c\u0259miyy\u0259tin \u0259sas h\u0259r\u0259k\u0259tverici q\u00fcvv\u0259l\u0259rind\u0259n biri olan m\u00fcharib\u0259 veteranlar\u0131n\u0131n, \u00fcmumilikd\u0259 b\u00fct\u00fcn AVMV\u0130B \u00fczvl\u0259rinin vahid se\u00e7imi kimi c\u0259nab \u0130lham \u018fliyevin f\u0259aliyy\u0259ti V\u0259t\u0259n\u0259, Xalqa v\u0259 onun rifah\u0131na y\u00f6n\u0259ldiyi b\u00fct\u00fcn v\u0259t\u0259nda\u015flar\u0131m\u0131za g\u00fcn kimi ayd\u0131nd\u0131r.<\/p>\n\n\n\n<p><strong>AVMV\u0130B M\u0259tbuat xidm\u0259ti<\/strong><\/p>\n","protected":false},"excerpt":{"rendered":"<p>Az\u0259rbaycan V\u0259t\u0259n M\u00fcharib\u0259si Veteranlar\u0131 \u0130ctimai Birliyinin (AVMV\u0130B) s\u0259dri F\u00fczuli \u018fd\u0259b o\u011flu Rzaquliyev Avropa \u015euras\u0131n\u0131n Az\u0259rbaycan&#8230;<\/p>\n","protected":false},"author":3,"featured_media":22039,"comment_status":"closed","ping_status":"closed","sticky":false,"template":"","format":"standard","meta":{"footnotes":""},"categories":[10],"tags":[],"class_list":["post-22061","post","type-post","status-publish","format-standard","has-post-thumbnail","hentry","category-avmvib"],"featured_image_urls":{"full":["https:\/\/veteran.az\/wp-content\/uploads\/2023\/12\/avmvib_sedri_-scaled.jpg",2560,1576,false],"thumbnail":["https:\/\/veteran.az\/wp-content\/uploads\/2023\/12\/avmvib_sedri_-300x185.jpg",150,93,true],"medium":["https:\/\/veteran.az\/wp-content\/uploads\/2023\/12\/avmvib_sedri_-700x431.jpg",300,185,true],"medium_large":["https:\/\/veteran.az\/wp-content\/uploads\/2023\/12\/avmvib_sedri_-768x473.jpg",640,394,true],"large":["https:\/\/veteran.az\/wp-content\/uploads\/2023\/12\/avmvib_sedri_-999x615.jpg",640,394,true],"1536x1536":["https:\/\/veteran.az\/wp-content\/uploads\/2023\/12\/avmvib_sedri_-1536x946.jpg",1536,946,true],"2048x2048":["https:\/\/veteran.az\/wp-content\/uploads\/2023\/12\/avmvib_sedri_-2048x1261.jpg",2048,1261,true],"covernews-slider-full":["https:\/\/veteran.az\/wp-content\/uploads\/2023\/12\/avmvib_sedri_-1115x715.jpg",1115,715,true],"covernews-slider-center":["https:\/\/veteran.az\/wp-content\/uploads\/2023\/12\/avmvib_sedri_-800x500.jpg",800,500,true],"covernews-featured":["https:\/\/veteran.az\/wp-content\/uploads\/2023\/12\/avmvib_sedri_-1024x630.jpg",1024,630,true],"covernews-medium":["https:\/\/veteran.az\/wp-content\/uploads\/2023\/12\/avmvib_sedri_-540x340.jpg",540,340,true],"covernews-medium-square":["https:\/\/veteran.az\/wp-content\/uploads\/2023\/12\/avmvib_sedri_-400x250.jpg",400,250,true]},"author_info":{"display_name":"Veteran.az","author_link":"https:\/\/veteran.az\/?author=3"},"category_info":"<a href=\"https:\/\/veteran.az\/?cat=10\" rel=\"category\">AVMV\u0130B<\/a>","tag_info":"AVMV\u0130B","comment_count":"0","_links":{"self":[{"href":"https:\/\/veteran.az\/index.php?rest_route=\/wp\/v2\/posts\/22061","targetHints":{"allow":["GET"]}}],"collection":[{"href":"https:\/\/veteran.az\/index.php?rest_route=\/wp\/v2\/posts"}],"about":[{"href":"https:\/\/veteran.az\/index.php?rest_route=\/wp\/v2\/types\/post"}],"author":[{"embeddable":true,"href":"https:\/\/veteran.az\/index.php?rest_route=\/wp\/v2\/users\/3"}],"replies":[{"embeddable":true,"href":"https:\/\/veteran.az\/index.php?rest_route=%2Fwp%2Fv2%2Fcomments&post=22061"}],"version-history":[{"count":1,"href":"https:\/\/veteran.az\/index.php?rest_route=\/wp\/v2\/posts\/22061\/revisions"}],"predecessor-version":[{"id":22062,"href":"https:\/\/veteran.az\/index.php?rest_route=\/wp\/v2\/posts\/22061\/revisions\/22062"}],"wp:featuredmedia":[{"embeddable":true,"href":"https:\/\/veteran.az\/index.php?rest_route=\/wp\/v2\/media\/22039"}],"wp:attachment":[{"href":"https:\/\/veteran.az\/index.php?rest_route=%2Fwp%2Fv2%2Fmedia&parent=22061"}],"wp:term":[{"taxonomy":"category","embeddable":true,"href":"https:\/\/veteran.az\/index.php?rest_route=%2Fwp%2Fv2%2Fcategories&post=22061"},{"taxonomy":"post_tag","embeddable":true,"href":"https:\/\/veteran.az\/index.php?rest_route=%2Fwp%2Fv2%2Ftags&post=22061"}],"curies":[{"name":"wp","href":"https:\/\/api.w.org\/{rel}","templated":true}]}}