{"id":21949,"date":"2024-01-12T12:11:00","date_gmt":"2024-01-12T08:11:00","guid":{"rendered":"https:\/\/veteran.az\/?p=21949"},"modified":"2024-01-28T13:57:35","modified_gmt":"2024-01-28T09:57:35","slug":"allah-r%c9%99hm%c9%99t-el%c9%99sin-3","status":"publish","type":"post","link":"https:\/\/veteran.az\/?p=21949","title":{"rendered":"Allah r\u0259hm\u0259t el\u0259sin!"},"content":{"rendered":"\n<p>Birinci Qaraba\u011f m\u00fcharib\u0259si veteran\u0131, polkovnik-leytenant Vaqif N\u0259sib o\u011flu Abdullayev 70 ya\u015f\u0131nda \u0259b\u0259diyy\u0259t\u0259 qovu\u015fdu.<\/p>\n\n\n\n<p>Vaqif Abdullayev 23 fevral 1953-c\u00fc il tarixind\u0259 G\u0259nc\u0259 \u015f\u0259h\u0259rind\u0259 anadan olub. Orta m\u0259kt\u0259bi el\u0259 bu \u015f\u0259h\u0259rd\u0259 bitirib. Bak\u0131 D\u00f6vl\u0259t Universitetinin H\u00fcquq fak\u00fclt\u0259sini bitirdikd\u0259n sonra Bil\u0259suvarda prokuror kom\u0259k\u00e7isi v\u0259zif\u0259sind\u0259 \u00e7al\u0131\u015f\u0131b. Daha sonra Bak\u0131 \u015f\u0259h\u0259r v\u0259 Respublika Prokurorlu\u011funda \u015f\u00f6b\u0259 prokuroru i\u015fl\u0259yib. 1992-ci ild\u0259, V\u0259t\u0259nin dar g\u00fcnl\u0259rind\u0259, \u00f6z ist\u0259yi il\u0259 m\u00fcharib\u0259nin qaynar n\u00f6qt\u0259sin\u0259 \u2013 Qazax Qarnizonuna h\u0259rbi prokuror v\u0259zif\u0259sin\u0259 t\u0259yin olunub, b\u00f6lg\u0259d\u0259ki d\u00f6y\u00fc\u015fl\u0259rd\u0259 \u015f\u0259xs\u0259n i\u015ftirak edib. 2013-c\u00fc il\u0259d\u0259k \u00f6lk\u0259nin H\u0259rbi Prokurorluq sistemind\u0259 \u00e7al\u0131\u015f\u0131b.<\/p>\n\n\n\n<p>O, 2024-c\u00fc il yanvar\u0131n 11-d\u0259 G\u0259nc\u0259 \u015f\u0259h\u0259rind\u0259 d\u00fcnyas\u0131n\u0131 d\u0259yi\u015fdi.<br>Vaqif Abdullayev V\u0259t\u0259nin\u0259 v\u0259 d\u00f6vl\u0259tin\u0259 sadiq, Az\u0259rbaycan u\u011frunda can\u0131ndan ke\u00e7m\u0259y\u0259 h\u0259r an haz\u0131r olan m\u0259rd, igid V\u0259t\u0259n O\u011flu idi\u2026<\/p>\n\n\n\n<p>Allah r\u0259hm\u0259t etsin!<\/p>\n","protected":false},"excerpt":{"rendered":"<p>Birinci Qaraba\u011f m\u00fcharib\u0259si veteran\u0131, polkovnik-leytenant Vaqif N\u0259sib o\u011flu Abdullayev 70 ya\u015f\u0131nda \u0259b\u0259diyy\u0259t\u0259 qovu\u015fdu. Vaqif Abdullayev&#8230;<\/p>\n","protected":false},"author":3,"featured_media":0,"comment_status":"closed","ping_status":"closed","sticky":false,"template":"","format":"standard","meta":{"footnotes":""},"categories":[11],"tags":[],"class_list":["post-21949","post","type-post","status-publish","format-standard","hentry","category-sag"],"featured_image_urls":{"full":"","thumbnail":"","medium":"","medium_large":"","large":"","1536x1536":"","2048x2048":"","covernews-slider-full":"","covernews-slider-center":"","covernews-featured":"","covernews-medium":"","covernews-medium-square":""},"author_info":{"display_name":"Veteran.az","author_link":"https:\/\/veteran.az\/?author=3"},"category_info":"<a href=\"https:\/\/veteran.az\/?cat=11\" rel=\"category\">Ba\u015fsa\u011fl\u0131\u011f\u0131<\/a>","tag_info":"Ba\u015fsa\u011fl\u0131\u011f\u0131","comment_count":"0","_links":{"self":[{"href":"https:\/\/veteran.az\/index.php?rest_route=\/wp\/v2\/posts\/21949","targetHints":{"allow":["GET"]}}],"collection":[{"href":"https:\/\/veteran.az\/index.php?rest_route=\/wp\/v2\/posts"}],"about":[{"href":"https:\/\/veteran.az\/index.php?rest_route=\/wp\/v2\/types\/post"}],"author":[{"embeddable":true,"href":"https:\/\/veteran.az\/index.php?rest_route=\/wp\/v2\/users\/3"}],"replies":[{"embeddable":true,"href":"https:\/\/veteran.az\/index.php?rest_route=%2Fwp%2Fv2%2Fcomments&post=21949"}],"version-history":[{"count":1,"href":"https:\/\/veteran.az\/index.php?rest_route=\/wp\/v2\/posts\/21949\/revisions"}],"predecessor-version":[{"id":21951,"href":"https:\/\/veteran.az\/index.php?rest_route=\/wp\/v2\/posts\/21949\/revisions\/21951"}],"wp:attachment":[{"href":"https:\/\/veteran.az\/index.php?rest_route=%2Fwp%2Fv2%2Fmedia&parent=21949"}],"wp:term":[{"taxonomy":"category","embeddable":true,"href":"https:\/\/veteran.az\/index.php?rest_route=%2Fwp%2Fv2%2Fcategories&post=21949"},{"taxonomy":"post_tag","embeddable":true,"href":"https:\/\/veteran.az\/index.php?rest_route=%2Fwp%2Fv2%2Ftags&post=21949"}],"curies":[{"name":"wp","href":"https:\/\/api.w.org\/{rel}","templated":true}]}}