{"id":21791,"date":"2023-12-27T22:50:52","date_gmt":"2023-12-27T18:50:52","guid":{"rendered":"https:\/\/veteran.az\/?p=21791"},"modified":"2024-01-27T03:11:59","modified_gmt":"2024-01-26T23:11:59","slug":"prezident-agd%c9%99r%c9%99-rayonunun-yaradilmasi-haqqinda-qanunu-imzalayib","status":"publish","type":"post","link":"https:\/\/veteran.az\/?p=21791","title":{"rendered":"Prezident A\u011fd\u0259r\u0259 rayonunun yarad\u0131lmas\u0131 haqq\u0131nda qanunu imzalay\u0131b"},"content":{"rendered":"\n<p>Prezident \u0130lham \u018fliyev Az\u0259rbaycan Respublikas\u0131n\u0131n A\u011fd\u0259r\u0259 rayonunun yarad\u0131lmas\u0131 haqq\u0131nda Qanunu t\u0259sdiql\u0259yib.<\/p>\n\n\n\n<p>A\u011fdam rayonunun Ba\u015f G\u00fcneyp\u0259y\u0259 k\u0259nd inzibati \u0259razi dair\u0259si t\u0259rkibind\u0259ki Ba\u015f G\u00fcneyp\u0259y\u0259 k\u0259ndi, Xat\u0131nb\u0259yli k\u0259nd inzibati \u0259razi dair\u0259si t\u0259rkibind\u0259ki Xat\u0131nb\u0259yli k\u0259ndi, M\u0259likli k\u0259nd inzibati \u0259razi dair\u0259si t\u0259rkibind\u0259ki M\u0259likli v\u0259 Qazan\u00e7\u0131 k\u0259ndl\u0259ri, Orta G\u00fcneyp\u0259y\u0259 k\u0259nd inzibati \u0259razi dair\u0259si t\u0259rkibind\u0259ki Orta G\u00fcneyp\u0259y\u0259 k\u0259ndi, S\u0131rxav\u0259nd k\u0259nd inzibati \u0259razi dair\u0259si t\u0259rkibind\u0259ki S\u0131rxav\u0259nd, Ball\u0131qaya, B\u0259\u015firl\u0259r v\u0259 Qara\u015flar k\u0259ndl\u0259ri, Yeni Qaralar k\u0259nd inzibati \u0259razi dair\u0259si t\u0259rkibind\u0259ki Yeni Qaralar k\u0259ndi;<\/p>\n\n\n\n<p>K\u0259lb\u0259c\u0259r rayonunun \u00c7\u0259r\u0259ktar k\u0259nd inzibati \u0259razi dair\u0259si t\u0259rkibind\u0259ki \u00c7\u0259r\u0259ktar k\u0259ndi, \u00c7\u0131ld\u0131ran k\u0259nd inzibati \u0259razi dair\u0259si t\u0259rkibind\u0259ki \u00c7\u0131ld\u0131ran, D\u0259v\u0259da\u015f\u0131 v\u0259 Mehmana k\u0259ndl\u0259ri, Dov\u015fanl\u0131 k\u0259nd inzibati \u0259razi dair\u0259si t\u0259rkibind\u0259ki Dov\u015fanl\u0131, Bazark\u0259nd v\u0259 Hayad k\u0259ndl\u0259ri, Heyval\u0131 k\u0259nd inzibati \u0259razi dair\u0259si t\u0259rkibind\u0259ki Heyval\u0131 v\u0259 Yay\u0131c\u0131 k\u0259ndl\u0259ri, H\u0259s\u0259nriz k\u0259nd inzibati \u0259razi dair\u0259si t\u0259rkibind\u0259ki H\u0259s\u0259nriz k\u0259ndi, \u0130mar\u0259t Q\u0259rv\u0259nd k\u0259nd inzibati \u0259razi dair\u0259si t\u0259rkibind\u0259ki \u0130mar\u0259t Q\u0259rv\u0259nd, \u00c7apar v\u0259 Zardaxa\u00e7 k\u0259ndl\u0259ri, Kolata\u011f k\u0259nd inzibati \u0259razi dair\u0259si t\u0259rkibind\u0259ki Kolata\u011f v\u0259 Dam\u011fal\u0131 k\u0259ndl\u0259ri, Q\u0131z\u0131lqaya k\u0259nd inzibati \u0259razi dair\u0259si t\u0259rkibind\u0259ki Q\u0131z\u0131lqaya v\u0259 Yuxar\u0131 Orata\u011f k\u0259ndl\u0259ri, Qozlu k\u0259nd inzibati \u0259razi dair\u0259si t\u0259rkibind\u0259ki Qozlu k\u0259ndi, Qozluk\u00f6rp\u00fc k\u0259nd inzibati \u0259razi dair\u0259si t\u0259rkibind\u0259ki Qozluk\u00f6rp\u00fc k\u0259ndi, Nar\u0131nclar k\u0259nd inzibati \u0259razi dair\u0259si t\u0259rkibind\u0259ki Nar\u0131nclar k\u0259ndi, V\u0259ngli k\u0259nd inzibati \u0259razi dair\u0259si t\u0259rkibind\u0259ki V\u0259ngli, \u00c7ormanl\u0131 v\u0259 \u015eahmansurlu k\u0259ndl\u0259ri;<\/p>\n\n\n\n<p>T\u0259rt\u0259r rayonunun A\u011fd\u0259r\u0259 \u015f\u0259h\u0259r inzibati \u0259razi dair\u0259si t\u0259rkibind\u0259ki A\u011fd\u0259r\u0259 \u015f\u0259h\u0259ri, A\u011fab\u0259yyal\u0131 k\u0259nd inzibati \u0259razi dair\u0259si t\u0259rkibind\u0259ki A\u011fab\u0259yyal\u0131 k\u0259ndi, Canyataq k\u0259nd inzibati \u0259razi dair\u0259si t\u0259rkibind\u0259ki Canyataq v\u0259 G\u00fclyataq k\u0259ndl\u0259ri, \u00c7ardaql\u0131 k\u0259nd inzibati \u0259razi dair\u0259si t\u0259rkibind\u0259ki \u00c7ardaql\u0131, L\u00fcl\u0259saz v\u0259 Meqrelalay k\u0259ndl\u0259ri, \u00c7ayl\u0131 k\u0259nd inzibati \u0259razi dair\u0259si t\u0259rkibind\u0259ki \u00c7ayl\u0131, Suqovu\u015fan v\u0259 T\u0259p\u0259k\u0259nd k\u0259ndl\u0259ri, H\u0259s\u0259nqaya k\u0259nd inzibati \u0259razi dair\u0259si t\u0259rkibind\u0259ki H\u0259s\u0259nqaya, \u00c7il\u0259b\u00fcrt, G\u00f6yarx v\u0259 Maralyansarov k\u0259ndl\u0259ri, Ki\u00e7ik Qarab\u0259y k\u0259nd inzibati \u0259razi dair\u0259si t\u0259rkibind\u0259ki Ki\u00e7ik Qarab\u0259y k\u0259ndi, Q\u0131z\u0131loba k\u0259nd inzibati \u0259razi dair\u0259si t\u0259rkibind\u0259ki Q\u0131z\u0131loba, Seysulan v\u0259 Yar\u0131mca k\u0259ndl\u0259ri, A\u015fa\u011f\u0131 Orata\u011f k\u0259nd inzibati \u0259razi dair\u0259si t\u0259rkibind\u0259ki A\u015fa\u011f\u0131 Orata\u011f, Qasapet v\u0259 D\u0259mirli k\u0259ndl\u0259ri, \u015e\u0131xarx q\u0259s\u0259b\u0259 inzibati \u0259razi dair\u0259si t\u0259rkibind\u0259ki \u015e\u0131xarx q\u0259s\u0259b\u0259si, Tal\u0131\u015f k\u0259nd inzibati \u0259razi dair\u0259si t\u0259rkibind\u0259ki Tal\u0131\u015f k\u0259ndi, Ulu Qarab\u0259y k\u0259nd inzibati \u0259razi dair\u0259si t\u0259rkibind\u0259ki Ulu Qarab\u0259y k\u0259ndi, Umudlu k\u0259nd inzibati \u0259razi dair\u0259si t\u0259rkibind\u0259ki Umudlu v\u0259 Z\u0259ylik k\u0259ndl\u0259ri.<\/p>\n\n\n\n<p>Qanuna g\u00f6r\u0259, h\u0259m\u00e7inin Ba\u015f G\u00fcneyp\u0259y\u0259, Xat\u0131nb\u0259yli, M\u0259likli, Orta G\u00fcneyp\u0259y\u0259, S\u0131rxav\u0259nd v\u0259 Yeni Qaralar k\u0259nd inzibati \u0259razi dair\u0259l\u0259ri A\u011fdam rayonunun, \u00c7\u0259r\u0259ktar, \u00c7\u0131ld\u0131ran, Dov\u015fanl\u0131, Heyval\u0131, H\u0259s\u0259nriz, \u0130mar\u0259t Q\u0259rv\u0259nd, Kolata\u011f, Q\u0131z\u0131lqaya, Qozlu, Qozluk\u00f6rp\u00fc, Nar\u0131nclar v\u0259 V\u0259ngli k\u0259nd inzibati \u0259razi dair\u0259l\u0259ri K\u0259lb\u0259c\u0259r rayonunun, A\u011fd\u0259r\u0259 \u015f\u0259h\u0259r, \u015e\u0131xarx q\u0259s\u0259b\u0259, A\u011fab\u0259yyal\u0131, Canyataq, \u00c7ardaql\u0131, \u00c7ayl\u0131, H\u0259s\u0259nqaya, Ki\u00e7ik Qarab\u0259y, Q\u0131z\u0131loba, A\u015fa\u011f\u0131 Orata\u011f, Tal\u0131\u015f, Ulu Qarab\u0259y v\u0259 Umudlu k\u0259nd inzibati \u0259razi dair\u0259l\u0259ri T\u0259rt\u0259r rayonunun tabeliyind\u0259n A\u011fd\u0259r\u0259 rayonunun tabeliyin\u0259 verilir.<\/p>\n","protected":false},"excerpt":{"rendered":"<p>Prezident \u0130lham \u018fliyev Az\u0259rbaycan Respublikas\u0131n\u0131n A\u011fd\u0259r\u0259 rayonunun yarad\u0131lmas\u0131 haqq\u0131nda Qanunu t\u0259sdiql\u0259yib. A\u011fdam rayonunun Ba\u015f G\u00fcneyp\u0259y\u0259&#8230;<\/p>\n","protected":false},"author":3,"featured_media":16630,"comment_status":"closed","ping_status":"closed","sticky":false,"template":"","format":"standard","meta":{"footnotes":""},"categories":[1],"tags":[],"class_list":["post-21791","post","type-post","status-publish","format-standard","has-post-thumbnail","hentry","category-qanunvericilik"],"featured_image_urls":{"full":["https:\/\/veteran.az\/wp-content\/uploads\/2022\/05\/1649671486_ilham-serencam.jpg",620,363,false],"thumbnail":["https:\/\/veteran.az\/wp-content\/uploads\/2022\/05\/1649671486_ilham-serencam-150x150.jpg",150,150,true],"medium":["https:\/\/veteran.az\/wp-content\/uploads\/2022\/05\/1649671486_ilham-serencam-300x176.jpg",300,176,true],"medium_large":["https:\/\/veteran.az\/wp-content\/uploads\/2022\/05\/1649671486_ilham-serencam.jpg",620,363,false],"large":["https:\/\/veteran.az\/wp-content\/uploads\/2022\/05\/1649671486_ilham-serencam.jpg",620,363,false],"1536x1536":["https:\/\/veteran.az\/wp-content\/uploads\/2022\/05\/1649671486_ilham-serencam.jpg",620,363,false],"2048x2048":["https:\/\/veteran.az\/wp-content\/uploads\/2022\/05\/1649671486_ilham-serencam.jpg",620,363,false],"covernews-slider-full":["https:\/\/veteran.az\/wp-content\/uploads\/2022\/05\/1649671486_ilham-serencam.jpg",620,363,false],"covernews-slider-center":["https:\/\/veteran.az\/wp-content\/uploads\/2022\/05\/1649671486_ilham-serencam.jpg",620,363,false],"covernews-featured":["https:\/\/veteran.az\/wp-content\/uploads\/2022\/05\/1649671486_ilham-serencam.jpg",620,363,false],"covernews-medium":["https:\/\/veteran.az\/wp-content\/uploads\/2022\/05\/1649671486_ilham-serencam.jpg",540,316,false],"covernews-medium-square":["https:\/\/veteran.az\/wp-content\/uploads\/2022\/05\/1649671486_ilham-serencam.jpg",400,234,false]},"author_info":{"display_name":"Veteran.az","author_link":"https:\/\/veteran.az\/?author=3"},"category_info":"<a href=\"https:\/\/veteran.az\/?cat=1\" rel=\"category\">Qanunvericilik<\/a>","tag_info":"Qanunvericilik","comment_count":"0","_links":{"self":[{"href":"https:\/\/veteran.az\/index.php?rest_route=\/wp\/v2\/posts\/21791","targetHints":{"allow":["GET"]}}],"collection":[{"href":"https:\/\/veteran.az\/index.php?rest_route=\/wp\/v2\/posts"}],"about":[{"href":"https:\/\/veteran.az\/index.php?rest_route=\/wp\/v2\/types\/post"}],"author":[{"embeddable":true,"href":"https:\/\/veteran.az\/index.php?rest_route=\/wp\/v2\/users\/3"}],"replies":[{"embeddable":true,"href":"https:\/\/veteran.az\/index.php?rest_route=%2Fwp%2Fv2%2Fcomments&post=21791"}],"version-history":[{"count":1,"href":"https:\/\/veteran.az\/index.php?rest_route=\/wp\/v2\/posts\/21791\/revisions"}],"predecessor-version":[{"id":21792,"href":"https:\/\/veteran.az\/index.php?rest_route=\/wp\/v2\/posts\/21791\/revisions\/21792"}],"wp:featuredmedia":[{"embeddable":true,"href":"https:\/\/veteran.az\/index.php?rest_route=\/wp\/v2\/media\/16630"}],"wp:attachment":[{"href":"https:\/\/veteran.az\/index.php?rest_route=%2Fwp%2Fv2%2Fmedia&parent=21791"}],"wp:term":[{"taxonomy":"category","embeddable":true,"href":"https:\/\/veteran.az\/index.php?rest_route=%2Fwp%2Fv2%2Fcategories&post=21791"},{"taxonomy":"post_tag","embeddable":true,"href":"https:\/\/veteran.az\/index.php?rest_route=%2Fwp%2Fv2%2Ftags&post=21791"}],"curies":[{"name":"wp","href":"https:\/\/api.w.org\/{rel}","templated":true}]}}