{"id":21772,"date":"2023-12-24T08:29:24","date_gmt":"2023-12-24T04:29:24","guid":{"rendered":"https:\/\/veteran.az\/?p=21772"},"modified":"2024-01-27T03:12:34","modified_gmt":"2024-01-26T23:12:34","slug":"z%c9%99f%c9%99r-tarixmizin-yaradicisi-muz%c9%99ff%c9%99r-ali-bas-komnda","status":"publish","type":"post","link":"https:\/\/veteran.az\/?p=21772","title":{"rendered":"Z\u0259f\u0259r Tarixmizin Yarad\u0131c\u0131s\u0131-M\u00fcz\u0259ff\u0259r Ali Ba\u015f Komndan"},"content":{"rendered":"\n<p><strong>24 dekabr \u00a0Az\u0259rbaycan Respublikas\u0131n\u0131n \u00a0Prezidenti,Silahl\u0131 Q\u00fcvv\u0259l\u0259rin Ali\u00a0 Ba\u015f Komandan\u0131 \u0130lham\u00a0 \u018fliyevin \u00a0do\u011fum g\u00fcn\u00fcd\u00fcr .<\/strong><\/p>\n\n\n\n<figure class=\"wp-block-image size-large is-resized\"><img decoding=\"async\" src=\"https:\/\/veteran.az\/wp-content\/uploads\/2023\/12\/image-221x300.png\" alt=\"\" class=\"wp-image-21774\" style=\"aspect-ratio:0.7366666666666667;width:257px;height:auto\"\/><\/figure>\n\n\n\n<p><strong>&nbsp;&nbsp; &nbsp;Polkovnik Salman&nbsp;&nbsp; Calal o\u011flu &nbsp;Musayev<\/strong><\/p>\n\n\n\n<p><strong>Az\u0259rbaycan V\u0259t\u0259n M\u00fcharib\u0259si\u00a0 Veteranlar\u0131 \u0130cti \u0130mai\u00a0 \u00a0\u00a0Birliyi\u00a0 S\u0259drinin\u00a0 h\u00fcquqi\u00a0 m\u0259s\u0259l\u0259l\u0259r \u00fczr\u0259 m\u00fcavini<\/strong><\/p>\n\n\n\n<p><\/p>\n\n\n\n<p>&#171;\u0130lham \u018fliyev y\u00fcks\u0259k intellektli, praqmatik d\u00fc\u015f\u00fcnc\u0259li, m\u00fcasir d\u00fcnya siyas\u0259tini v\u0259 iqtisadiyyat\u0131n\u0131 g\u00f6z\u0259l bil\u0259n, enerjili v\u0259 t\u0259\u015f\u0259bb\u00fcskar bir \u015f\u0259xsiyy\u0259tdir. M\u0259n ona \u00f6z\u00fcm q\u0259d\u0259r inan\u0131ram v\u0259 g\u0259l\u0259c\u0259yin\u0259 b\u00f6y\u00fck \u00fcmidl\u0259r b\u0259sl\u0259yir\u0259m&#187;.\u00a0<\/p>\n\n\n\n<figure class=\"wp-block-image size-large is-resized\"><img loading=\"lazy\" decoding=\"async\" width=\"300\" height=\"265\" src=\"https:\/\/veteran.az\/wp-content\/uploads\/2023\/12\/image-1-300x265.png\" alt=\"\" class=\"wp-image-21775\" style=\"aspect-ratio:1.1320754716981132;width:457px;height:auto\" srcset=\"https:\/\/veteran.az\/wp-content\/uploads\/2023\/12\/image-1-300x265.png 300w, https:\/\/veteran.az\/wp-content\/uploads\/2023\/12\/image-1.png 499w\" sizes=\"auto, (max-width: 300px) 100vw, 300px\" \/><\/figure>\n\n\n\n<p><br>Ulu \u00d6nd\u0259r Heyd\u0259r \u018fliyevin 2003-c\u00fc ilin prezident se\u00e7kil\u0259ri \u0259r\u0259f\u0259sind\u0259 Az\u0259rbaycan xalq\u0131na m\u00fcraci\u0259tind\u0259 yer alan bu m\u00fcdrik fikirl\u0259r xalq\u0131m\u0131z\u0131n taley\u00fckl\u00fc se\u00e7imini m\u00fc\u0259yy\u0259n etm\u0259kl\u0259 yana\u015f\u0131, \u00f6lk\u0259mizin iyirmi ildir davam etm\u0259kd\u0259 olan m\u00f6ht\u0259\u015f\u0259m inki\u015faf\u0131n\u0131n ideya \u0259saslar\u0131ndan biri olmu\u015fdur. S\u00f6z\u00fcged\u0259n se\u00e7kil\u0259rd\u0259n \u00f6t\u0259n 20 ilin y\u00fcks\u0259kliyind\u0259n ke\u00e7diyimiz yola baxark\u0259n Prezident \u0130lham \u018fliyevin r\u0259hb\u0259rliyi alt\u0131nda Az\u0259rbaycan\u0131n tarixi q\u0259l\u0259b\u0259l\u0259rind\u0259n v\u0259 misilsiz inki\u015faf u\u011furlar\u0131ndan b\u00f6y\u00fck q\u00fcrur v\u0259 iftixar hissl\u0259ri ya\u015famaya bilmirs\u0259n.<br>D\u00f6vl\u0259timizin artmaqda davam ed\u0259n q\u00fcdr\u0259ti, \u00f6lk\u0259mizin d\u0259yi\u015f\u0259n simas\u0131, Qaraba\u011f\u0131 azadl\u0131\u011fa qovu\u015fduran \u0259z\u0259m\u0259tli z\u0259f\u0259r, Az\u0259rbaycan\u0131n v\u0259 b\u00f6lg\u0259nin h\u0259yat\u0131nda ba\u015f verm\u0259kd\u0259 olan d\u0259rin prosesl\u0259r Prezident \u0130lham \u018fliyevin m\u00fcst\u0259sna u\u011furla h\u0259yata ke\u00e7irdiyi tarixi missiyas\u0131n\u0131n birba\u015fa t\u0259sdiqidir. Bu missiya h\u0259m Az\u0259rbaycan\u0131n m\u00fcasir \u015f\u0259r\u0259fli tarixind\u0259 ifad\u0259 olunur, h\u0259m d\u0259 onun daha parlaq g\u0259l\u0259c\u0259yinin etibarl\u0131 qarant rolunu oynay\u0131r.<\/p>\n\n\n\n<p><strong>XXI \u0259srin Az\u0259rbaycan m\u00f6c\u00fcz\u0259si<\/strong><\/p>\n\n\n\n<p>Prezident \u0130lham \u018fliyevin liderliyinin geni\u015f miqyaslar\u0131 v\u0259 d\u0259qiq h\u0259d\u0259fl\u0259ri \u00f6z\u00fcn\u00fcn ayd\u0131n v\u0259 h\u0259rt\u0259r\u0259fli ifad\u0259sini onun 2003-c\u00fc ild\u0259 Az\u0259rbaycan xalq\u0131na t\u0259qdim etdiyi se\u00e7ki proqram\u0131nda tapm\u0131\u015fd\u0131r. &#171;B\u00f6y\u00fck i\u015fl\u0259r g\u00f6rm\u0259k \u00fc\u00e7\u00fcn b\u00f6y\u00fck h\u0259d\u0259fl\u0259r se\u00e7m\u0259liyik&#187; mesaj\u0131 Az\u0259rbaycan\u0131n yeni v\u0259 g\u0259nc liderinin f\u0259aliyy\u0259tinin h\u0259m xarakterini, h\u0259m d\u0259 miqyaslar\u0131n\u0131 d\u0259rk etm\u0259k \u00fc\u00e7\u00fcn ayd\u0131n t\u0259s\u0259vv\u00fcr yarad\u0131r. Be\u015f ild\u0259 600 min yeni i\u015f yerinin a\u00e7\u0131lmas\u0131, ozamank\u0131 reall\u0131\u011f\u0131m\u0131z\u0131n ac\u0131 m\u0259nz\u0259r\u0259si olan \u00e7ad\u0131r \u015f\u0259h\u0259rcikl\u0259rinin aradan qald\u0131r\u0131lmas\u0131 kimi h\u0259d\u0259fl\u0259ri \u00f6z\u00fcnd\u0259 \u0259ks etdir\u0259n se\u00e7ki proqram\u0131n\u0131 \u0130lham \u018fliyevin inki\u015faf v\u0259 m\u00fcasirl\u0259\u015fm\u0259nin h\u0259qiqi parametrl\u0259rin\u0259 dair bax\u0131\u015flar\u0131n\u0131n Az\u0259rbaycan c\u0259miyy\u0259tin\u0259 t\u0259qdimat\u0131 adland\u0131rmaq olar.&nbsp;<br>Qar\u015f\u0131s\u0131nda Qaraba\u011f\u0131 i\u015f\u011faldan azad etm\u0259k kimi asan olmayan v\u0259zif\u0259 dayanan d\u00f6vl\u0259tin se\u00e7\u0259 bil\u0259c\u0259yi yegan\u0259 d\u00fczg\u00fcn strategiyan\u0131n iqtisadiyyat\u0131n s\u00fcr\u0259tli inki\u015faf\u0131ndan, c\u0259miyy\u0259tin b\u00fct\u00fcnl\u00fckl\u0259 modernl\u0259\u015fm\u0259sind\u0259n, milli birliyin v\u0259 h\u0259mr\u0259yliyin g\u00fccl\u0259ndirilm\u0259sind\u0259n, \u00f6lk\u0259nin beyn\u0259lxalq imicinin y\u00fcks\u0259ldilm\u0259sind\u0259n ibar\u0259t oldu\u011funu \u0130lham \u018fliyev \u00f6z\u00fcn\u0259m\u0259xsus m\u00fcdriklik v\u0259 intuisiya il\u0259 ayd\u0131n \u015f\u0259kild\u0259 d\u0259rk edirdi. Bu n\u0259h\u0259ng sosial v\u0259 iqtisadi layih\u0259nin u\u011furla realla\u015fd\u0131r\u0131lmas\u0131n\u0131n maliyy\u0259 \u0259sas\u0131 rolunda is\u0259, he\u00e7 \u015f\u00fcbh\u0259siz, \u0259srin neft m\u00fcqavil\u0259sinin iqtisadi dividendl\u0259rinin \u00f6lk\u0259y\u0259 daxil olma\u011fa ba\u015flamas\u0131 n\u0259z\u0259rd\u0259n ke\u00e7irilirdi.<\/p>\n\n\n\n<p>D\u00fczg\u00fcn strategiya, g\u00fccl\u00fc irad\u0259, q\u0259tiyy\u0259t v\u0259 \u00e7eviklik \u00f6z b\u0259hr\u0259sini verm\u0259y\u0259 bilm\u0259zdi. Q\u0131sa vaxtda Az\u0259rbaycan v\u0259t\u0259nda\u015flar\u0131 \u00f6lk\u0259d\u0259 k\u00f6kl\u00fc d\u0259yi\u015fiklikl\u0259ri n\u0259inki hiss etm\u0259y\u0259 ba\u015flad\u0131, habel\u0259 onun g\u0259l\u0259c\u0259k konturlar\u0131n\u0131 qiym\u0259tl\u0259ndirm\u0259k imkan\u0131 qazand\u0131. N\u0259tic\u0259nin onun haqq\u0131nda t\u0259s\u0259vv\u00fcrl\u0259rd\u0259n daha \u0259z\u0259m\u0259tli olmas\u0131 \u0130lham \u018fliyevin prezidentliyinin birinci on ilinin \u00fcmumi s\u0259ciyy\u0259si kimi d\u0259y\u0259rl\u0259ndirm\u0259lidir. \u0130qtisadiyyat\u0131n 3 d\u0259f\u0259d\u0259n \u00e7ox artmas\u0131, bir ne\u00e7\u0259 il \u0259rzind\u0259 Az\u0259rbaycan\u0131n d\u00fcnyan\u0131n \u0259n dinamik iqtisadi art\u0131ma malik olan \u00f6lk\u0259si statusunu qazanmas\u0131 son onillikl\u0259rin \u0259n \u0259lam\u0259tdar beyn\u0259lxalq iqtisadi hadis\u0259l\u0259rind\u0259n hesab olunur v\u0259 XXI \u0259srin Az\u0259rbaycan m\u00f6c\u00fcz\u0259sinin ba\u015fl\u0131ca \u0259lam\u0259tini \u00f6z\u00fcnd\u0259 \u0259ks etdirir.<br>H\u0259yata ke\u00e7iril\u0259n d\u0259rin islahatlar say\u0259sind\u0259 yoxsulluq s\u0259viyy\u0259sinin 45 faizd\u0259n t\u0259xmin\u0259n 5 faiz\u0259 endirilm\u0259si \u00f6lk\u0259 daxilind\u0259 ictimai h\u0259mr\u0259yliyin m\u00f6hk\u0259ml\u0259ndirilm\u0259sin\u0259, beyn\u0259lxalq miqyasda is\u0259 onun reytinqinin \u0259h\u0259miyy\u0259tli d\u0259r\u0259c\u0259d\u0259 yax\u015f\u0131la\u015fmas\u0131na \u0259sas yaratd\u0131. Az\u0259rbaycanda ba\u015f ver\u0259n m\u00fcsb\u0259t d\u0259yi\u015fiklikl\u0259rin geni\u015f beyn\u0259lxalq rezonans yaratmas\u0131 ayd\u0131n \u015f\u0259kild\u0259 hiss olunur, bu is\u0259 \u00f6z n\u00f6vb\u0259sind\u0259 milli y\u00fcks\u0259li\u015fin stimulverici amili rolunu oynay\u0131rd\u0131. Yoxsulluq s\u0259viyy\u0259sinin 10 d\u0259f\u0259y\u0259 q\u0259d\u0259r azalmas\u0131, 2003-c\u00fc il se\u00e7ki kampaniyas\u0131 \u00e7\u0259r\u00e7iv\u0259sind\u0259 b\u0259yan edil\u0259n 5 ild\u0259 600 min yeni i\u015f yeri yarad\u0131lmas\u0131 v\u0259dinin h\u0259yata ke\u00e7irilm\u0259sinin yekunu olaraq 10 ild\u0259 t\u0259xmin\u0259n 2 milyon i\u015f yerinin a\u00e7\u0131lmas\u0131, \u00e7ad\u0131r \u015f\u0259h\u0259rcikl\u0259rinin l\u0259\u011fv edilm\u0259si Az\u0259rbaycan m\u00f6c\u00fcz\u0259sinin dig\u0259r \u0259lam\u0259ti say\u0131lma\u011fa tam iddial\u0131 ola bil\u0259r.&nbsp;<br>\u0130lham \u018fliyevin prezidentliyinin ilk ill\u0259rind\u0259n etibar\u0259n Az\u0259rbaycanda m\u00fc\u015fahid\u0259 olunan k\u00f6kl\u00fc d\u0259yi\u015fiklikl\u0259rin siyah\u0131s\u0131 yuxar\u0131da sadalananlarla bitmir. \u00d6lk\u0259mizin inki\u015faf\u0131n\u0131n yeni d\u00f6vr\u00fcn\u00fc s\u0259ciyy\u0259l\u0259ndir\u0259n fundamental yenilikl\u0259rin s\u0131ras\u0131nda onun m\u00fcasirl\u0259\u015fm\u0259si, geni\u015fmiqyasl\u0131 infrastruktur layih\u0259l\u0259ri say\u0259sind\u0259 Bak\u0131n\u0131n v\u0259 dig\u0259r \u015f\u0259h\u0259r v\u0259 ya\u015fay\u0131\u015f m\u0259sk\u0259nl\u0259rinin simas\u0131n\u0131n tan\u0131nmaz d\u0259r\u0259c\u0259d\u0259 d\u0259yi\u015fdirilm\u0259si v\u0259 m\u00fcasirl\u0259\u015fdirilm\u0259si x\u00fcsusi yer tutur. \u015e\u0259h\u0259rl\u0259rimizin simas\u0131n\u0131n yenil\u0259\u015fdirilm\u0259sinin sad\u0259c\u0259 g\u00f6z\u0259llik xatirin\u0259 deyil, \u0259sas\u0259n, insanlara daha rahat v\u0259 layiqli \u015f\u0259rait yaratmaq m\u0259qs\u0259dil\u0259 h\u0259yata ke\u00e7irildiyi v\u0259 inki\u015faf\u0131n vacib parametri rolunu oynad\u0131\u011f\u0131 ayr\u0131ca etiraf olunmal\u0131d\u0131r. Bu bax\u0131mdan haqq\u0131nda s\u00f6z a\u00e7d\u0131\u011f\u0131m\u0131z m\u00fcasirl\u0259\u015fm\u0259 v\u0259 yenil\u0259\u015fm\u0259 strategiyas\u0131 Az\u0259rbaycan m\u00f6c\u00fcz\u0259sinin daha bir \u0259lam\u0259ti qismind\u0259 n\u0259z\u0259rd\u0259n ke\u00e7irilm\u0259lidir.&nbsp;<br>\u00d6lk\u0259mizin h\u0259yat\u0131nda ba\u015f ver\u0259n v\u0259 Az\u0259rbaycan m\u00f6c\u00fcz\u0259sini \u00f6z\u00fcnd\u0259 ehtiva ed\u0259n tarixi inki\u015faf prosesl\u0259ri Prezident \u0130lham \u018fliyevin milli liderlik missiyas\u0131 haqq\u0131nda t\u0259s\u0259vv\u00fcrl\u0259rin \u00f6lk\u0259 h\u00fcdudlar\u0131n\u0131 a\u015fmas\u0131 il\u0259 m\u00fc\u015fayi\u0259t olunurdu. Onun m\u00fcasir d\u00fcnyan\u0131n \u00e7ox u\u011furla, \u0259n s\u00fcr\u0259tl\u0259 inki\u015faf ed\u0259n, yenil\u0259\u015f\u0259n \u00f6lk\u0259sinin prezidenti olaraq q\u0259bul edilm\u0259si, b\u00f6y\u00fck siyasi n\u00fcfuz sahibi say\u0131lmas\u0131 milli q\u00fcrur m\u0259nb\u0259yimizin \u0259n d\u0259rin \u0259saslar\u0131ndan birini t\u0259\u015fkil edir. D\u00fc\u015f\u00fcn\u00fcr\u0259m ki, Az\u0259rbaycan\u0131n liderinin kifay\u0259t q\u0259d\u0259r y\u00fcks\u0259k beyn\u0259lxalq n\u00fcfuzu \u00f6lk\u0259nin qar\u015f\u0131s\u0131nda dayanan probleml\u0259rin u\u011furla h\u0259lli kontekstind\u0259 d\u0259y\u0259rl\u0259ndirilm\u0259li olan ciddi siyasi kapital adland\u0131r\u0131lma\u011fa layiqdir. Az\u0259rbaycan\u0131n qar\u015f\u0131la\u015fd\u0131\u011f\u0131 b\u00fct\u00fcn v\u0259zif\u0259l\u0259ri u\u011furla h\u0259ll etm\u0259y\u0259 q\u00fcdr\u0259ti \u00e7atan \u00f6lk\u0259 statusu s\u0259viyy\u0259sin\u0259 y\u00fcks\u0259ldiyin\u0259 inananlar\u0131n say\u0131n\u0131n n\u0259inki daxild\u0259, h\u0259tta regionda v\u0259 beyn\u0259lxalq al\u0259md\u0259 durmadan artmas\u0131n\u0131n s\u0259b\u0259bl\u0259ri ilk n\u00f6vb\u0259d\u0259 dediyimiz reall\u0131qla \u0259laq\u0259dard\u0131r. Vur\u011fulama\u011fa d\u0259y\u0259r ki, Az\u0259rbaycana v\u0259 onun liderin\u0259 inam\u0131n davaml\u0131 olaraq y\u00fcks\u0259lm\u0259si \u00f6lk\u0259nin \u00f6z\u00fcn\u00fcifad\u0259nin yeni m\u0259rh\u0259l\u0259sin\u0259 ke\u00e7m\u0259y\u0259, yeni m\u00f6c\u00fcz\u0259nin yarad\u0131lmas\u0131na haz\u0131r oldu\u011fundan x\u0259b\u0259r verirdi. Bu m\u00f6c\u00fcz\u0259 d\u0259 \u00f6z\u00fcn\u00fc \u00e7ox g\u00f6zl\u0259tm\u0259di. 2020-ci ild\u0259 44 g\u00fcnl\u00fck V\u0259t\u0259n m\u00fcharib\u0259sind\u0259 m\u00fcasir d\u00fcnyan\u0131n \u0259n uzuns\u00fcr\u0259n v\u0259 m\u00fcr\u0259kk\u0259b m\u00fcnaqi\u015f\u0259l\u0259rind\u0259n say\u0131lan Erm\u0259nistan-Az\u0259rbaycan m\u00fcnaqi\u015f\u0259sinin sona \u00e7atd\u0131r\u0131lmas\u0131, Qaraba\u011f\u0131n 30 illik i\u015f\u011faldan azad edilm\u0259si, \u00f6lk\u0259nin \u0259razi b\u00fct\u00f6vl\u00fcy\u00fcn\u00fcn t\u0259min edilm\u0259si XXI \u0259srin Az\u0259rbaycan m\u00f6c\u00fcz\u0259sinin n\u00f6vb\u0259ti, h\u0259m d\u0259 \u0259n m\u00f6ht\u0259\u015f\u0259m t\u0259zah\u00fcr\u00fc hesab olunur.<\/p>\n\n\n\n<p><strong>H\u00fccum\u00e7u diplomatiya v\u0259 onun u\u011furlar\u0131<\/strong><\/p>\n\n\n\n<p>Az\u0259rbaycan Respublikas\u0131n\u0131n xarici siyas\u0259t sah\u0259sind\u0259 f\u0259aliyy\u0259tinin ba\u015fl\u0131ca qay\u0259sinin m\u00fcst\u0259sna olaraq \u00f6lk\u0259nin \u0259razi b\u00fct\u00f6vl\u00fcy\u00fcn\u00fcn t\u0259min edilm\u0259sin\u0259 uy\u011funla\u015fd\u0131r\u0131lmas\u0131 \u0259n\u0259n\u0259sinin \u0259sas\u0131 Ulu \u00d6nd\u0259r Heyd\u0259r \u018fliyev t\u0259r\u0259find\u0259n qoyulmu\u015fdur. \u018frazil\u0259rinin t\u0259xmin\u0259n 20 faizi i\u015f\u011fal alt\u0131nda olan d\u00f6vl\u0259tin xarici siyas\u0259tinin f\u0259rqli modelini t\u0259s\u0259vv\u00fcr etm\u0259k m\u00fcmk\u00fcn deyil. Prezident \u0130lham \u018fliyevin r\u0259hb\u0259rliyi d\u00f6vr\u00fcnd\u0259 s\u00f6z\u00fcged\u0259n \u0259n\u0259n\u0259 n\u0259inki davam etdirildi, habel\u0259 yeni \u015f\u0259rait\u0259 v\u0259 imkanlara uy\u011fun olaraq daha da t\u0259kmill\u0259\u015fdirildi, s\u0259m\u0259r\u0259sinin art\u0131r\u0131lmas\u0131 namin\u0259 m\u00fcasir yana\u015fmalar t\u0259tbiq edildi. H\u00fccum\u00e7u diplomatiya konsepsiyas\u0131n\u0131n formala\u015fd\u0131r\u0131lmas\u0131 Qaraba\u011f\u0131n i\u015f\u011faldan azad edilm\u0259sin\u0259 y\u00f6n\u0259ldilmi\u015f milli f\u0259aliyy\u0259t siyas\u0259tinin u\u011fur qazanmas\u0131na daha ciddi beyn\u0259lxalq d\u0259st\u0259yin t\u0259min edilm\u0259si kimi \u00e7\u0259tin, lakin faydal\u0131 v\u0259 g\u0259r\u0259kli v\u0259zif\u0259nin realla\u015fd\u0131r\u0131lmas\u0131 m\u0259qs\u0259di g\u00fcd\u00fcrd\u00fc.<\/p>\n\n\n\n<figure class=\"wp-block-image size-large is-resized\"><img loading=\"lazy\" decoding=\"async\" width=\"300\" height=\"248\" src=\"https:\/\/veteran.az\/wp-content\/uploads\/2023\/12\/image-3-300x248.png\" alt=\"\" class=\"wp-image-21777\" style=\"aspect-ratio:1.2096774193548387;width:593px;height:auto\" srcset=\"https:\/\/veteran.az\/wp-content\/uploads\/2023\/12\/image-3-300x248.png 300w, https:\/\/veteran.az\/wp-content\/uploads\/2023\/12\/image-3.png 471w\" sizes=\"auto, (max-width: 300px) 100vw, 300px\" \/><\/figure>\n\n\n\n<p><br>Erm\u0259nistan-Az\u0259rbaycan m\u00fcnaqi\u015f\u0259si il\u0259 \u0259laq\u0259dar h\u0259qiq\u0259tl\u0259rin d\u00fcnyaya daha inand\u0131r\u0131c\u0131 \u015f\u0259kild\u0259 \u00e7atd\u0131r\u0131lmas\u0131, i\u015f\u011fal\u00e7\u0131n\u0131n v\u0259 onun havadarlar\u0131n\u0131n yalanlar\u0131n\u0131n q\u0259tiyy\u0259tl\u0259 if\u015fa edilm\u0259si, Az\u0259rbaycan\u0131n \u0259razil\u0259rinin i\u015f\u011fal\u0131n\u0131n v\u0259 onun ac\u0131 n\u0259tic\u0259l\u0259rinin \u0259yani \u015f\u0259kild\u0259 beyn\u0259lxalq t\u0259\u015fkilatlar t\u0259r\u0259find\u0259n d\u0259rk edilm\u0259sin\u0259 nail olunmas\u0131, laz\u0131m g\u0259l\u0259c\u0259yi halda \u0259razi b\u00fct\u00f6vl\u00fcy\u00fcn\u00fcn g\u00fcc vasit\u0259sil\u0259 b\u0259rpa edilm\u0259si variant\u0131n\u0131n qa\u00e7\u0131lmaz z\u0259rur\u0259td\u0259n ir\u0259li g\u0259ldiyin\u0259 beyn\u0259lxalq icman\u0131n haz\u0131rlanmas\u0131 h\u00fccum\u00e7u diplomatiyan\u0131n qar\u015f\u0131s\u0131nda duran v\u0259zif\u0259l\u0259rin bir qismini t\u0259\u015fkil edirdi. Yeni xarici siyas\u0259t konsepsiyas\u0131n\u0131n \u0259n b\u00f6y\u00fck dividendi v\u0259 praktik n\u0259tic\u0259si \u00f6z\u00fcn\u00fcn qabar\u0131q ifad\u0259sini 44 g\u00fcnl\u00fck V\u0259t\u0259n m\u00fcharib\u0259sind\u0259 Az\u0259rbaycan\u0131n q\u0259l\u0259b\u0259sinin v\u0259 \u00fcmumilikd\u0259 \u00f6lk\u0259mizin \u0259razi b\u00fct\u00f6vl\u00fcy\u00fcn\u00fcn tan\u0131nmas\u0131na dair apar\u0131c\u0131 d\u00f6vl\u0259tl\u0259rin v\u0259 beyn\u0259lxalq t\u0259\u015fkilatlar\u0131n birm\u0259nal\u0131 b\u0259yanatlar\u0131nda tap\u0131r. Bu m\u0259nada Az\u0259rbaycan\u0131n i\u015f\u011fal edilmi\u015f torpaqlar\u0131n\u0131n azad edilm\u0259si v\u0259 C\u0259nubi Qafqazda meydana g\u0259lmi\u015f yeni h\u0259rbi-siyasi reall\u0131qlar \u0130lham \u018fliyevin h\u00fccum\u00e7u diplomatiya konsepsiyas\u0131n\u0131n t\u0259sir g\u00fcc\u00fcn\u00fc s\u00fcbuta yetir\u0259n fundamental amill\u0259r say\u0131lmal\u0131d\u0131r.\u00a0<br>Etiraf edilm\u0259li dig\u0259r h\u0259qiq\u0259t Prezident \u0130lham \u018fliyevin h\u00fccum\u00e7u diplomatiya strategiyas\u0131n\u0131n postm\u00fcharib\u0259 reall\u0131qlar\u0131 \u015f\u0259raitind\u0259 Az\u0259rbaycan\u0131n d\u00f6vl\u0259t maraqlar\u0131n\u0131n ke\u015fiyind\u0259 layiqinc\u0259 dayana bilm\u0259sind\u0259dir. D\u00f6vl\u0259timizin s\u00fclhsev\u0259r mahiyy\u0259tinin b\u00fct\u00fcn d\u00fcnyaya bir daha \u00e7atd\u0131r\u0131lmas\u0131, Erm\u0259nistan\u0131n v\u0259 onun havadarlar\u0131n\u0131n revan\u015fist h\u0259r\u0259k\u0259tl\u0259rinin if\u015fa edilm\u0259si, Qaraba\u011fda quruculuq i\u015fl\u0259rinin apar\u0131lmas\u0131 \u00fc\u00e7\u00fcn \u0259lveri\u015fli beyn\u0259lxalq \u015f\u0259raitin yarad\u0131lmas\u0131 indiki halda xarici siyas\u0259tin ba\u015fl\u0131ca h\u0259d\u0259fl\u0259ridir. La\u00e7\u0131n yolu \u00fcz\u0259rind\u0259 Az\u0259rbaycan\u0131n n\u0259zar\u0259t-burax\u0131l\u0131\u015f m\u0259nt\u0259q\u0259sinin yarad\u0131lmas\u0131, Qaraba\u011fda antiterror t\u0259dbirl\u0259ri n\u0259tic\u0259sind\u0259 qeyri-qanuni silahl\u0131 d\u0259st\u0259l\u0259rin t\u0259rk-silah edilm\u0259si, Z\u0259ng\u0259zur koridorunun a\u00e7\u0131lmas\u0131 sah\u0259sind\u0259 f\u0259al dan\u0131\u015f\u0131qlar\u0131n apar\u0131lmas\u0131 da Prezident \u0130lham \u018fliyevin h\u00fccum\u00e7u diplomatiyas\u0131n\u0131n dig\u0259r b\u00f6y\u00fck tarixi q\u0259l\u0259b\u0259l\u0259ri hesab olunacaq d\u0259r\u0259c\u0259d\u0259 \u0259h\u0259miyy\u0259t k\u0259sb edir.\u00a0<br>Qaraba\u011f probleminin u\u011furlu h\u0259lli \u00fc\u00e7\u00fcn \u0259lveri\u015fli beyn\u0259lxalq fonun yarad\u0131lmas\u0131 h\u00fccum\u00e7u diplomatiya strategiyas\u0131n\u0131n ba\u015fl\u0131ca h\u0259d\u0259fi olsa da, onun yegan\u0259 m\u0259qs\u0259di deyildir. G\u0259nc Az\u0259rbaycan d\u00f6vl\u0259tinin d\u00fcnya birliyind\u0259 maraqlar\u0131n\u0131n l\u0259yaq\u0259tl\u0259 ifad\u0259 olunmas\u0131, \u00f6lk\u0259nin inki\u015faf\u0131 namin\u0259 geni\u015f beyn\u0259lxalq \u0259laq\u0259l\u0259rin qurulmas\u0131, onun diplomatik resurslar\u0131n\u0131n art\u0131r\u0131lmas\u0131 s\u00f6z\u00fcged\u0259n strategiyan\u0131n dig\u0259r v\u0259zif\u0259l\u0259ri s\u0131ras\u0131na daxildir. SSR\u0130-nin s\u00fcqutu v\u0259 m\u0259lum geopolitik d\u0259yi\u015fiklikl\u0259r n\u0259tic\u0259sind\u0259 \u00f6t\u0259n \u0259srin 90-c\u0131 ill\u0259rind\u0259 yaranan g\u0259nc d\u00f6vl\u0259tl\u0259r i\u00e7\u0259risind\u0259 ilk olaraq Az\u0259rbaycan\u0131n 2012-ci ild\u0259 d\u00fcnyan\u0131n \u0259n m\u00f6t\u0259b\u0259r beyn\u0259lxalq qurumu olan Birl\u0259\u015fmi\u015f Mill\u0259tl\u0259r T\u0259\u015fkilat\u0131 T\u0259hl\u00fck\u0259sizlik \u015euras\u0131n\u0131n qeyri-daimi \u00fczv\u00fc se\u00e7ilm\u0259si Prezident \u0130lham \u018fliyevin h\u00fccum\u00e7u diplomatiyas\u0131n\u0131n m\u00f6ht\u0259\u015f\u0259m q\u0259l\u0259b\u0259si say\u0131lma\u011fa tam layiqdir. Bu n\u0259inki g\u0259nc Az\u0259rbaycan\u0131n iqtisadi, sosial, siyasi v\u0259 diplomatik u\u011furlar\u0131n\u0131n, habel\u0259 n\u00fcfuzunun \u0259n y\u00fcks\u0259k beyn\u0259lxalq s\u0259viyy\u0259d\u0259 etiraf\u0131n\u0131 ifad\u0259 edir, habel\u0259 \u0130lham \u018fliyevin d\u00fcnya birliyind\u0259 y\u00fcks\u0259k statusunun q\u0259bul edilm\u0259si n\u00fcmun\u0259si hesab olunur.\u00a0<br>\u0130lham \u018fliyevin v\u0259 onun r\u0259hb\u0259rlik etdiyi Az\u0259rbaycan d\u00f6vl\u0259tinin beyn\u0259lxalq n\u00fcfuzunun dig\u0259r parlaq ifad\u0259si \u00f6lk\u0259mizin d\u00fcnyan\u0131n BMT-d\u0259n sonra \u0259n \u00e7oxsayl\u0131 beyn\u0259lxalq t\u0259\u015fkilat\u0131 olan Qo\u015fulmama H\u0259r\u0259kat\u0131na iki d\u0259f\u0259 dalbadal s\u0259drlik etm\u0259sind\u0259 \u00f6z\u00fcn\u00fc b\u00fcruz\u0259 verir. Onu da ayr\u0131ca olaraq vur\u011fulamaqda fayda var ki, Az\u0259rbaycan\u0131n bu m\u00f6t\u0259b\u0259r t\u0259\u015fkilata s\u0259drlik etm\u0259si onun f\u0259aliyy\u0259tinin \u0259h\u0259miyy\u0259tli d\u0259r\u0259c\u0259d\u0259 canlanmas\u0131, d\u00fcnyan\u0131n aktual problem v\u0259 \u00e7a\u011f\u0131r\u0131\u015flar\u0131na zaman\u0131nda v\u0259 adekvat reaksiya ver\u0259 bilm\u0259si il\u0259 yadda qalacaqd\u0131r.\u00a0<br>D\u00fcnyada Az\u0259rbaycan\u0131n dostlar\u0131n\u0131n \u00e7oxalmas\u0131 Prezident \u0130lham \u018fliyevin h\u00fccum\u00e7u diplomatiya konsepsiyas\u0131n\u0131n qeyd edilm\u0259li dig\u0259r h\u0259d\u0259fi say\u0131la bil\u0259r. \u00d6lk\u0259mizin ist\u0259r regionda v\u0259 onun yax\u0131n \u0259traf\u0131nda, ist\u0259rs\u0259 d\u0259 beyn\u0259lxalq miqyasda apard\u0131\u011f\u0131 f\u0259al siyas\u0259ti, qar\u015f\u0131l\u0131ql\u0131 faydal\u0131 ikit\u0259r\u0259fli \u0259laq\u0259l\u0259r qurmaq bacar\u0131\u011f\u0131, Prezident \u0130lham \u018fliyevin y\u00fcks\u0259k siyasi f\u0259all\u0131\u011f\u0131 v\u0259 \u015f\u0259xsi \u0259laq\u0259l\u0259ri birm\u0259nal\u0131 \u015f\u0259kild\u0259 d\u0259st\u0259kl\u0259nir v\u0259 Az\u0259rbaycan\u0131n dostlar\u0131n\u0131n s\u0131ras\u0131n\u0131 \u0259h\u0259miyy\u0259tli d\u0259r\u0259c\u0259d\u0259 geni\u015fl\u0259ndirir. Bu is\u0259 \u00f6z n\u00f6vb\u0259sind\u0259 d\u00f6vl\u0259timizin milli maraqlar\u0131n\u0131n daha yax\u015f\u0131 qorunmas\u0131na, iqtisadi \u0259laq\u0259l\u0259rinin inki\u015faf etdirilm\u0259sin\u0259, \u00e7ox\u015fax\u0259li v\u0259zif\u0259l\u0259rinin u\u011furla h\u0259yata ke\u00e7irilm\u0259sin\u0259 \u0259lav\u0259 etibarl\u0131 beyn\u0259lxalq d\u0259st\u0259yi t\u0259min edir.<\/p>\n\n\n\n<p><strong>Az\u0259rbaycan\u0131n d\u00fcnyaya yeni t\u0259qdimat\u0131<\/strong><\/p>\n\n\n\n<p>Prezident \u0130lham \u018fliyevin u\u011furla h\u0259yata ke\u00e7irdiyi liderlik missiyas\u0131n\u0131n diqq\u0259t\u0259layiq aspektl\u0259ri s\u0131ras\u0131nda Az\u0259rbaycan\u0131n d\u00fcnyaya t\u0259qdimat\u0131 \u0259h\u0259miyy\u0259tli yer tutmaqdad\u0131r. Son 20 ilin m\u00f6ht\u0259\u015f\u0259m inki\u015faf\u0131n\u0131 d\u0259y\u0259rl\u0259ndir\u0259rk\u0259n \u00f6lk\u0259mizin \u0259ld\u0259 etdiyi b\u00f6y\u00fck nailiyy\u0259tl\u0259rl\u0259 yana\u015f\u0131, onun beyn\u0259lxalq icmaya u\u011furlu t\u0259qdimat\u0131n\u0131 ayr\u0131ca qeyd etm\u0259k yerin\u0259 d\u00fc\u015f\u0259rdi. Bunun yegan\u0259 m\u0259nas\u0131n\u0131n u\u011furlu t\u0259bli\u011fatdan ibar\u0259t oldu\u011funu d\u00fc\u015f\u00fcnm\u0259k d\u00fczg\u00fcn deyildi. Az\u0259rbaycan\u0131n d\u00fcnyaya tan\u0131d\u0131lmas\u0131n\u0131n arxas\u0131nda dayanan \u0259sl h\u0259qiq\u0259tin \u00f6lk\u0259nin inki\u015faf\u0131 namin\u0259 beyn\u0259lxalq d\u0259st\u0259yin qazan\u0131lmas\u0131 oldu\u011fu etiraf edilm\u0259y\u0259 bilm\u0259z. \u00d6lk\u0259nin beyn\u0259lxalq reytinqinin milli h\u0259d\u0259fl\u0259r\u0259 \u00e7atma\u011f\u0131n \u0259h\u0259miyy\u0259tli resursu olmas\u0131 m\u00fcasir \u015f\u0259raitd\u0259 he\u00e7 kim\u0259 sirr deyil. Ayr\u0131-ayr\u0131 \u00f6lk\u0259l\u0259rin milli inki\u015faf\u0131n t\u0259sirli resursu kimi \u00f6z\u00fcn\u00fcn beyn\u0259lxalq icmaya u\u011furlu t\u0259qdimat\u0131na b\u00f6y\u00fck diqq\u0259t ay\u0131rmas\u0131 d\u00fcnyada m\u00fc\u015fahid\u0259 olunan aktual ger\u00e7\u0259klikdir.&nbsp;<br>Yeni tipli lider \u0130lham \u018fliyevin Az\u0259rbaycan\u0131n beyn\u0259lxalq imicinin formala\u015fmas\u0131na x\u00fcsusi h\u0259ssasl\u0131qla yana\u015fmas\u0131 onun liderlik stilinin v\u0259 inki\u015faf konsepsiyas\u0131n\u0131n ayr\u0131lmaz t\u0259rkib hiss\u0259si qismind\u0259 n\u0259z\u0259rd\u0259n ke\u00e7irilm\u0259lidir. \u00d6lk\u0259nin dinamik sosial-iqtisadi inki\u015faf\u0131 il\u0259 yana\u015f\u0131, onun n\u0259tic\u0259l\u0259rinin u\u011furlu beyn\u0259lxalq t\u0259qdimat\u0131 g\u0259nc m\u00fcst\u0259qil d\u00f6vl\u0259tin m\u00fcasir demokratik, tolerant v\u0259 modern c\u0259miyy\u0259t imicinin formala\u015fmas\u0131nda m\u00fcst\u0259sna rol oynamaqdad\u0131r. Az\u0259rbaycan\u0131n s\u00fcr\u0259tli iqtisadi y\u00fcks\u0259li\u015fi, yoxsullu\u011fun k\u0259skin sur\u0259td\u0259 azald\u0131lmas\u0131, regional v\u0259 beyn\u0259lxalq enerji layih\u0259l\u0259rinin u\u011furla h\u0259yata ke\u00e7irilm\u0259sin\u0259 t\u00f6hf\u0259l\u0259ri say\u0259sind\u0259 formala\u015fan beyn\u0259lxalq reytinqinin yax\u015f\u0131la\u015fd\u0131r\u0131lmas\u0131nda u\u011furlar\u0131m\u0131z\u0131n d\u00fcnyaya g\u00f6z\u0259l t\u0259qdimat\u0131ndan daha t\u0259sirli vasit\u0259 t\u0259s\u0259vv\u00fcr etm\u0259k \u00e7\u0259tindir. Avropan\u0131n \u0259n m\u00f6t\u0259b\u0259r mahn\u0131 m\u00fcsabiq\u0259sin\u0259 yenic\u0259 qo\u015fulmu\u015f Az\u0259rbaycan\u0131n h\u0259min m\u00fcsabiq\u0259nin qalibi olmas\u0131 v\u0259 n\u00f6vb\u0259ti m\u00fcsabiq\u0259ni Bak\u0131da ke\u00e7irm\u0259k h\u00fcququnu qazanmas\u0131 yuxar\u0131da qeyd olunan fikrin \u0259n bariz t\u0259sdiqi say\u0131lma\u011fa layiqdir.&nbsp;<br>2012-ci ilin &#171;Avroviziya&#187; Mahn\u0131 M\u00fcsabiq\u0259sinin final m\u0259rh\u0259l\u0259sinin Bak\u0131da ke\u00e7irilm\u0259si, he\u00e7 \u015f\u00fcbh\u0259siz, Az\u0259rbaycan\u0131n m\u00fcasir m\u0259d\u0259ni tarixinin \u0259n \u0259lam\u0259tdar hadis\u0259si, \u00f6lk\u0259mizin b\u00fct\u00fcn d\u00fcnyaya t\u0259qdimat\u0131n\u0131n g\u00f6z\u0259l n\u00fcmun\u0259si olaraq yadda\u015flara h\u0259kk olundu. Bak\u0131ya g\u0259l\u0259n \u00e7oxsayl\u0131 mahn\u0131 fanatlar\u0131nda yenil\u0259\u015f\u0259n \u015f\u0259h\u0259rin m\u00fcasir m\u0259nz\u0259r\u0259sinin yaratd\u0131\u011f\u0131 vur\u011funluq \u00f6zl\u00fcy\u00fcnd\u0259 u\u011furlu t\u0259bli\u011fat kampaniyas\u0131 missiyas\u0131n\u0131 yerin\u0259 yetirdi. Bu fikirl\u0259r eyni d\u0259r\u0259c\u0259d\u0259 Az\u0259rbaycanda b\u00f6y\u00fck co\u015fqu il\u0259 ke\u00e7iril\u0259n Birinci Avropa \u0130dman oyunlar\u0131na, d\u00fcnyan\u0131n \u0259n \u00e7ox izl\u0259nil\u0259n idman oyunlar\u0131ndan say\u0131lan &#171;Formula-1&#187; yar\u0131\u015flar\u0131na \u015famil oluna bil\u0259r. Qeyd olunanlarla yana\u015f\u0131, Az\u0259rbaycanda son 10-15 il \u0259rzind\u0259 ke\u00e7iril\u0259n \u00e7oxsayl\u0131 m\u00f6t\u0259b\u0259r beyn\u0259lxalq m\u0259d\u0259ni-idman t\u0259dbirl\u0259ri \u00f6lk\u0259mizin milli d\u0259y\u0259rl\u0259rinin, y\u00fcks\u0259lm\u0259kd\u0259 olan iqtisadiyyat\u0131n\u0131n, dinc, s\u00fclhsev\u0259r h\u0259yat\u0131n\u0131n, v\u0259t\u0259nda\u015f h\u0259mr\u0259yliyinin, qonaqp\u0259rv\u0259rliyinin d\u00fcnyaya t\u0259qdimat\u0131n\u0131n inand\u0131r\u0131c\u0131 n\u00fcmun\u0259l\u0259ridir.&nbsp;<br>Prezident \u0130lham \u018fliyevin u\u011furlu xarici siyas\u0259tind\u0259 Az\u0259rbaycana tarix\u0259n xas olan tolerantl\u0131q v\u0259 multikulturalizmin t\u0259bli\u011fin\u0259 x\u00fcsusi yer verm\u0259si ayr\u0131ca qeyd olunmal\u0131d\u0131r. Onun t\u0259\u015f\u0259bb\u00fcs\u00fc v\u0259 g\u00f6st\u0259ri\u015fl\u0259ri say\u0259sind\u0259 Az\u0259rbaycan\u0131n b\u00fct\u00fcn d\u00fcnyada multikulturalizmin tan\u0131nm\u0131\u015f m\u0259rk\u0259zin\u0259 \u00e7evrilm\u0259si, Bak\u0131n\u0131n d\u00fcnya dini liderl\u0259rinin bir ne\u00e7\u0259 sammitin\u0259 evsahibliyi etm\u0259si \u00f6lk\u0259mizin m\u00fcasir beyn\u0259lxalq imicinin \u00f6z\u00fcn\u00fct\u0259sdiqinin \u0259lam\u0259tdar g\u00f6st\u0259ricisidir. &nbsp;<br>Az\u0259rbaycan\u0131n &nbsp;u\u011furlu beyn\u0259lxalq t\u0259bli\u011fat\u0131n\u0131n \u0259n ba\u015fl\u0131ca t\u0259\u015f\u0259bb\u00fcskar\u0131n\u0131n v\u0259 i\u015ftirak\u00e7\u0131s\u0131n\u0131n Prezident \u0130lham \u018fliyevin \u015f\u0259xsind\u0259 \u00f6z\u00fcn\u00fc b\u00fcruz\u0259 verdiyi ham\u0131l\u0131qla etiraf olunur. O, \u00e7ox m\u00fcxt\u0259lif beyn\u0259lxalq siyasi, iqtisadi v\u0259 geopolitik konfrans v\u0259 m\u00fczakir\u0259l\u0259rd\u0259 yax\u0131ndan v\u0259 y\u00fcks\u0259k f\u0259all\u0131q \u015f\u0259raitind\u0259 i\u015ftirak etm\u0259kl\u0259 \u00f6z intellekti, siyasi haz\u0131rl\u0131\u011f\u0131 v\u0259 q\u0259tiyy\u0259ti il\u0259 d\u0259f\u0259l\u0259rl\u0259 \u00f6lk\u0259mizin \u0259n g\u00f6z\u0259l t\u0259qdimat\u0131 n\u00fcmun\u0259l\u0259rini n\u00fcmayi\u015f etdirmi\u015fdir. \u0130lham \u018fliyevin m\u00fcasir d\u00fcnyan\u0131n \u0259n m\u00f6t\u0259b\u0259r beyn\u0259lxalq meydan\u00e7alar\u0131 statusu qazanm\u0131\u015f Davos \u00dcmumd\u00fcnya \u0130qtisadi Forumunun, M\u00fcnhen T\u0259hl\u00fck\u0259sizlik Konfrans\u0131n\u0131n, dig\u0259r y\u00fcks\u0259k beyn\u0259lxalq konfranslar\u0131n \u0259n arzuolunan i\u015ftirak\u00e7\u0131s\u0131 kimi q\u0259bul edilm\u0259si h\u0259m beyn\u0259lxalq ger\u00e7\u0259klik, h\u0259m d\u0259 milli q\u00fcrur m\u0259nb\u0259yi kimi diqq\u0259ti c\u0259lb edir.<br>\u00d6lk\u0259mizin d\u00fcnyaya u\u011furlu t\u0259qdimat\u0131nda Birinci vitse-prezident, Az\u0259rbaycan\u0131n birinci xan\u0131m\u0131, Heyd\u0259r \u018fliyev Fondunun prezidenti Mehriban \u018fliyevan\u0131n b\u00f6y\u00fck rolu v\u0259 xidm\u0259tl\u0259ri h\u0259m daxild\u0259, h\u0259m d\u0259 b\u00fct\u00fcn d\u00fcnyada x\u00fcsusi minn\u0259tdarl\u0131q hissl\u0259ri il\u0259 qeyd olunur. Mehriban xan\u0131m \u018fliyevan\u0131n xo\u015fm\u0259raml\u0131 s\u0259fir statusunda f\u0259aliyy\u0259ti, ayr\u0131-ayr\u0131 \u00f6lk\u0259l\u0259rd\u0259 \u00e7oxsayl\u0131 xeyiryy\u0259 aksiyalar\u0131, Az\u0259rbaycan m\u0259d\u0259niyy\u0259tinin \u00f6lk\u0259 h\u00fcdudlar\u0131ndan k\u0259narda yay\u0131lmas\u0131na g\u00f6st\u0259rdiyi diqq\u0259t v\u0259 qay\u011f\u0131s\u0131 Az\u0259rbaycan\u0131n m\u00fcasir imicinin formala\u015fmas\u0131n\u0131n misilsiz n\u00fcmun\u0259l\u0259ri say\u0131la bil\u0259r.&nbsp;<\/p>\n\n\n\n<p><strong>Z\u0259f\u0259r salnam\u0259si. Tam v\u0259 q\u0259ti q\u0259l\u0259b\u0259&nbsp;<\/strong><\/p>\n\n\n\n<p>Prezident \u0130lham \u018fliyevin \u00f6z\u00fcn\u00fcn m\u00f6ht\u0259\u015f\u0259m liderlik missiyas\u0131n\u0131n \u0259sas h\u0259d\u0259finin, ba\u015fl\u0131ca m\u0259nas\u0131n\u0131n Az\u0259rbaycan\u0131n \u0259razi b\u00fct\u00f6vl\u00fcy\u00fcn\u00fcn t\u0259min edilm\u0259sind\u0259n, i\u015f\u011fal alt\u0131nda olan Qaraba\u011f\u0131n azadl\u0131\u011fa qovu\u015fdurulmas\u0131ndan ibar\u0259t oldu\u011funu ayd\u0131n \u015f\u0259kild\u0259 d\u0259rk etdiyini, b\u00fct\u00fcn enerjisini v\u0259 imkanlar\u0131n\u0131 bu \u00e7\u0259tin, lakin h\u0259yat\u0131 \u0259h\u0259miyy\u0259t k\u0259sb ed\u0259n milli m\u0259s\u0259l\u0259nin h\u0259lli \u00fcz\u0259rind\u0259 fokuslad\u0131\u011f\u0131n\u0131 s\u00fcbut etm\u0259y\u0259 ehtiyac olmad\u0131\u011f\u0131n\u0131 d\u00fc\u015f\u00fcn\u00fcr\u0259m. M\u00fcsahib\u0259l\u0259rind\u0259n birind\u0259 qeyd etdiyi kimi, Qaraba\u011f\u0131n azad edilm\u0259si onun siyasi f\u0259aliyy\u0259tinin ba\u015fl\u0131ca h\u0259d\u0259fi, h\u0259yat\u0131n\u0131n b\u00f6y\u00fck m\u0259nas\u0131 dem\u0259kdir. T\u0259sad\u00fcfi deyildir ki, prezidentin \u00f6lk\u0259nin inki\u015faf\u0131na v\u0259 q\u00fcdr\u0259tinin art\u0131r\u0131lmas\u0131na y\u00f6n\u0259lmi\u015f b\u00fct\u00fcn f\u0259aliyy\u0259tind\u0259 Qaraba\u011f\u0131n azad edilm\u0259si daim q\u0131rm\u0131z\u0131 x\u0259tt olaraq ayd\u0131n \u015f\u0259kild\u0259 \u00f6z\u00fcn\u00fc b\u00fcruz\u0259 vermi\u015fdir.<br>M\u00fcdrik insan v\u0259 uzaqg\u00f6r\u0259n siyas\u0259t\u00e7i \u0130lham \u018fliyev d\u00fc\u015fm\u0259n\u0259 qalib g\u0259lm\u0259yin yegan\u0259 sirrinin ondan daha b\u00f6y\u00fck g\u00fcc toplamaq bacar\u0131\u011f\u0131nda oldu\u011funu g\u00f6z\u0259l bilirdi. Prezidentlik f\u0259aliyy\u0259tinin ilk ill\u0259rind\u0259 elan etdiyi &#171;Az\u0259rbaycan\u0131n h\u0259rbi b\u00fcdc\u0259si Erm\u0259nistan\u0131n b\u00fct\u00fcn b\u00fcdc\u0259sind\u0259n \u00e7ox olacaqd\u0131r&#187; ifad\u0259si, \u0259slind\u0259, onun m\u00fcnaqi\u015f\u0259nin h\u0259llin\u0259 rasional yana\u015fmas\u0131n\u0131n qabar\u0131q g\u00f6st\u0259ricisidir. Az\u0259rbaycan Ordusunun g\u00fccl\u0259ndirilm\u0259si, \u0259n m\u00fcasir silahlarla t\u0259chiz edilm\u0259si, h\u0259rb\u00e7il\u0259rin d\u00f6y\u00fc\u015f qabiliyy\u0259tinin art\u0131r\u0131lmas\u0131, orduda m\u0259n\u0259vi-psixoloji m\u00fchitin yax\u015f\u0131la\u015fd\u0131r\u0131lmas\u0131 g\u0259l\u0259c\u0259k z\u0259f\u0259rin t\u0259min edilm\u0259sin\u0259 do\u011fru aparan yolda h\u0259yata ke\u00e7iril\u0259n z\u0259ruri t\u0259dbirl\u0259r, haz\u0131rl\u0131q i\u015fl\u0259ri idi. Az\u0259rbaycan\u0131n t\u0259chizat, faktiki haz\u0131rl\u0131q v\u0259 h\u0259rbi v\u0259t\u0259np\u0259rv\u0259rlik t\u0259rbiy\u0259si bax\u0131m\u0131ndan g\u00fccl\u00fc v\u0259 m\u00fcasir ordusunun formala\u015fd\u0131r\u0131lmas\u0131 \u0130lham \u018fliyevin m\u00fcharib\u0259 strategiyas\u0131n\u0131n \u0259n parlaq, eyni zamanda u\u011furlu c\u0259h\u0259tini, z\u0259f\u0259r salnam\u0259sinin unudulmaz s\u0259hif\u0259l\u0259rini t\u0259\u015fkil edir. Bunlars\u0131z c\u0259mi 44 g\u00fcn \u0259rzind\u0259 d\u00fc\u015fm\u0259nin 10 ill\u0259r boyu yarad\u0131lm\u0131\u015f m\u00fch\u0259ndis-istehkam qur\u011fular\u0131n\u0131n darmada\u011f\u0131n edilm\u0259sinin, h\u0259rbi y\u00fcks\u0259klikl\u0259rin \u0259l\u0259 ke\u00e7irilm\u0259sinin, erm\u0259ni i\u015f\u011fal\u00e7\u0131 mifinin yerl\u0259 yeks\u0259n edilm\u0259sinin s\u0259b\u0259bl\u0259rini anlamaq m\u00fcmk\u00fcn deyil. Qaraba\u011f m\u00fcharib\u0259sind\u0259 Az\u0259rbaycan Ordusunun h\u0259rbi strategiyas\u0131n\u0131n m\u00fcasir d\u00fcnya d\u00f6y\u00fc\u015f praktikas\u0131n\u0131n q\u0131z\u0131l s\u0259hif\u0259sin\u0259 layiq g\u00f6r\u00fclm\u0259si \u0130lham \u018fliyevin z\u0259f\u0259r salnam\u0259sinin miqyas\u0131n\u0131 v\u0259 tarixi \u0259h\u0259miyy\u0259tini ayd\u0131n \u015f\u0259kild\u0259 &nbsp;n\u00fcmayi\u015f etdirir.<br>Qloballa\u015fma d\u00f6vr\u00fcnd\u0259 h\u0259rbi z\u0259f\u0259rin m\u00fcst\u0259sna halda d\u00f6y\u00fc\u015f meydan\u0131nda qazan\u0131lmas\u0131n\u0131n m\u00fcmk\u00fcn olmad\u0131\u011f\u0131 ham\u0131l\u0131qla q\u0259bul edil\u0259n ger\u00e7\u0259klikdir. B\u0259zi beyn\u0259lxalq t\u0259\u015fkilatlar v\u0259 vasit\u0259\u00e7il\u0259r, bir s\u0131ra apar\u0131c\u0131 d\u00f6vl\u0259tl\u0259r v\u0259 Erm\u0259nistan\u0131n havadarlar\u0131n\u0131n tez-tez s\u0259sl\u0259ndirdiyi &#171;Qaraba\u011f m\u00fcnaqi\u015f\u0259sinin h\u0259rbi yolu yoxdur&#187; x\u0259b\u0259rdarl\u0131qlar\u0131n\u0131n arxas\u0131nda t\u0259cav\u00fczkar\u0131 gizli \u015f\u0259kild\u0259 d\u0259st\u0259kl\u0259m\u0259k niyy\u0259tinin dayand\u0131\u011f\u0131n\u0131 \u0130lham \u018fliyev sezm\u0259y\u0259 bilm\u0259zdi. G\u00fccl\u00fc ordu yaradaraq Erm\u0259nistandan bir ne\u00e7\u0259 qat h\u0259rbi \u00fcst\u00fcnl\u00fcy\u00fcn t\u0259min edilm\u0259sinin ard\u0131nca g\u00fcnd\u0259likd\u0259 q\u0131sam\u00fcdd\u0259tli h\u0259rbi \u0259m\u0259liyyat ke\u00e7irm\u0259yin beyn\u0259lxalq \u015f\u0259rait bax\u0131m\u0131ndan \u0259n \u0259lveri\u015fli zaman\u0131n\u0131n se\u00e7ilm\u0259si dayan\u0131rd\u0131. Etiraf edilm\u0259lidir ki, \u0130lham \u018fliyevin h\u0259rbi strategiyas\u0131n\u0131n bu b\u0259ndi d\u0259 y\u00fcks\u0259k s\u0259viyy\u0259d\u0259 realla\u015fd\u0131r\u0131ld\u0131: m\u00fcharib\u0259 c\u0259mi 44 g\u00fcn \u0259rzind\u0259 ba\u015fa \u00e7atd\u0131r\u0131ld\u0131, Erm\u0259nistan\u0131n havadarlar\u0131 t\u0259cav\u00fczkara arzulad\u0131qlar\u0131 d\u0259st\u0259yi g\u00f6st\u0259rm\u0259y\u0259 macal tapa bilm\u0259dil\u0259r. Az\u0259rbaycan is\u0259 bir s\u0131ra maraql\u0131 regional g\u00fccl\u0259rin neytrall\u0131\u011f\u0131n\u0131, eyni zamanda T\u00fcrkiy\u0259 kimi regional g\u00fcc\u00fcn t\u0259sirli m\u0259n\u0259vi d\u0259st\u0259yini t\u0259min etm\u0259y\u0259 nail oldu.<br>M\u00fcasir h\u0259rb s\u0259n\u0259tinin \u0259n yeni n\u00fcmun\u0259si kimi q\u0259bul edil\u0259n Qaraba\u011f m\u00fcharib\u0259si Az\u0259rbaycan\u0131n \u00e7ox\u0259srlik \u015f\u0259r\u0259f tarixinin \u0259n parlaq s\u0259hif\u0259sini t\u0259\u015fkil edir. Prezident \u0130lham \u018fliyevin Az\u0259rbaycan xalq\u0131n\u0131n, ordumuzun v\u0259 \u0259sg\u0259rl\u0259rimizin q\u00fcdr\u0259ti, irad\u0259si v\u0259 q\u0259hr\u0259manl\u0131\u011f\u0131n\u0131n t\u0259nt\u0259n\u0259sin\u0259 \u00e7evril\u0259n m\u00f6ht\u0259\u015f\u0259m z\u0259f\u0259rin ba\u015f q\u0259hr\u0259man\u0131 v\u0259 m\u00fc\u0259llifi olmas\u0131 dan\u0131lmaz tarixi ger\u00e7\u0259klik v\u0259 misilsiz milli q\u00fcrur m\u0259nb\u0259yidir.<br>Az\u0259rbaycan tarixinin \u015fanl\u0131 s\u0259hif\u0259sini t\u0259\u015fkil ed\u0259n \u0130kinci Qaraba\u011f m\u00fcharib\u0259sind\u0259 m\u00f6ht\u0259\u015f\u0259m q\u0259l\u0259b\u0259 Prezident \u0130lham \u018fliyevin liderlik missiyas\u0131n\u0131n \u0259n parlaq ifad\u0259si, t\u0259zah\u00fcr\u00fc v\u0259 \u00f6z\u00fcn\u00fct\u0259sdiqi say\u0131l\u0131r. Bir ne\u00e7\u0259 g\u00fcn \u0259vv\u0259l Qaraba\u011fda u\u011furla h\u0259yata ke\u00e7iril\u0259n antiterror t\u0259dbirl\u0259ri say\u0259sind\u0259 qanunsuz erm\u0259ni silahl\u0131 d\u0259st\u0259l\u0259rinin darmada\u011f\u0131n edilm\u0259sinin, qondarma &#171;Da\u011fl\u0131q Qaraba\u011f Respublikas\u0131n\u0131n&#187; \u00f6z\u00fcn\u00fc buraxmas\u0131n\u0131n \u0130lham \u018fliyevin liderliyinin, diplomatiyas\u0131n\u0131n v\u0259 d\u00f6vl\u0259t\u00e7ilik d\u00fchas\u0131n\u0131n n\u0259h\u0259ng q\u0259l\u0259b\u0259si kimi \u015f\u0259r\u0259f tariximizin n\u00f6vb\u0259ti s\u0259hif\u0259sini t\u0259\u015fkil ed\u0259c\u0259yin\u0259 he\u00e7 bir \u015f\u00fcbh\u0259 yoxdur. Bu, eyni zamanda m\u00fcst\u0259qillik m\u0259fkur\u0259sinin z\u0259f\u0259ri, m\u00fcst\u0259qil d\u00f6vl\u0259t\u00e7ilik tariximizin yeni m\u0259rh\u0259l\u0259si, Az\u0259rbaycan torpa\u011f\u0131nda \u0259b\u0259di s\u00fclh\u00fcn v\u0259 \u0259min-amanl\u0131\u011f\u0131n etibarl\u0131 qarant\u0131 olacaqd\u0131r.<\/p>\n\n\n\n<p><strong>B\u00f6y\u00fck g\u0259l\u0259c\u0259k namin\u0259<\/strong><\/p>\n\n\n\n<p>Taleyin\u0259 \u0259z\u0259m\u0259tli tarixi missiya yaz\u0131lm\u0131\u015f liderl\u0259rin f\u0259aliyy\u0259tinin n\u0259tic\u0259si xalq\u0131n, \u00f6lk\u0259nin, b\u0259z\u0259n b\u00f6y\u00fck bir b\u00f6lg\u0259nin yeni tarixinin yarad\u0131lmas\u0131 olur. \u0130ndiki n\u0259sill\u0259r Az\u0259rbaycan\u0131n yeni \u015f\u0259r\u0259fli tarixinin xo\u015fb\u0259xtliyini ya\u015famaqdad\u0131rlar. M\u00f6c\u00fcz\u0259ni xat\u0131rladan qeyri-adi sosial v\u0259 iqtisadi s\u0131\u00e7ray\u0131\u015f v\u0259 m\u00f6ht\u0259\u015f\u0259m z\u0259f\u0259rl\u0259r Az\u0259rbaycan\u0131n \u015fanl\u0131 tarixinin \u0259n\u0259n\u0259l\u0259rini canland\u0131ran v\u0259 ya\u015fadan n\u0259h\u0259ng siyasi nailiyy\u0259tdir. Bu tarixi nailiyy\u0259tin q\u0131z\u0131l s\u0259h\u0259f\u0259sini, habel\u0259 Prezident \u0130lham \u018fliyevin liderlik missiyas\u0131n\u0131n parlaq t\u0259c\u0259ss\u00fcm\u00fcn\u00fc 2020-ci ilin Qaraba\u011f sava\u015f\u0131nda 30 il erm\u0259ni i\u015f\u011fal\u0131 alt\u0131nda qalan torpaqlar\u0131m\u0131z\u0131n geri qaytar\u0131lmas\u0131 v\u0259 qanunsuz &#171;Da\u011fl\u0131q Qaraba\u011f&#187; rejimin\u0259 bird\u0259f\u0259lik son qoyulmas\u0131 t\u0259\u015fkil edir. Bizi tariximizin unudulmaz d\u0259y\u0259rl\u0259rin\u0259 qovu\u015fduran b\u00f6y\u00fck f\u0259aliyy\u0259tin davam etdirilm\u0259si, m\u0259ntiqi sonlu\u011funa \u00e7atd\u0131r\u0131lmas\u0131 Az\u0259rbaycan xalq\u0131n\u0131n h\u0259m arzusu, h\u0259m d\u0259 q\u0259tiyy\u0259tin\u0259, q\u00fcdr\u0259tin\u0259 v\u0259 u\u011furlar\u0131na d\u0259rind\u0259n inand\u0131\u011f\u0131 m\u00fcz\u0259ff\u0259r liderind\u0259n g\u00f6zl\u0259ntisidir.\u00a0<br>Haz\u0131rda Az\u0259rbaycan\u0131n qar\u015f\u0131s\u0131nda Qaraba\u011f\u0131n azad edilm\u0259sind\u0259n sonra ke\u00e7mi\u015f i\u015f\u011fal alt\u0131nda olan \u0259razil\u0259rd\u0259 terror\u00e7u qrupla\u015fmalar\u0131n, qanunsuz silahl\u0131 d\u0259st\u0259l\u0259rin v\u0259 \u00f6lk\u0259 konstitusiyas\u0131na zidd olan qeyri-legitim strukturlar\u0131n qal\u0131qlar\u0131n\u0131n v\u0259 onlar\u0131n \u0259m\u0259ll\u0259rinin n\u0259tic\u0259l\u0259rinin q\u0259tiyy\u0259tl\u0259, bird\u0259f\u0259lik v\u0259 b\u00fct\u00fcnl\u00fckl\u0259 l\u0259\u011fv edilm\u0259si, b\u00f6lg\u0259d\u0259 daimi v\u0259 davaml\u0131 s\u00fclh\u00fcn m\u00f6hk\u0259m t\u0259m\u0259linin yarad\u0131lmas\u0131 kimi m\u00fch\u00fcm v\u0259zif\u0259l\u0259r dayan\u0131r. Son g\u00fcnl\u0259rd\u0259 u\u011furla h\u0259yata ke\u00e7iril\u0259n antiterror t\u0259dbirl\u0259rinin tariximizin yeni m\u0259rh\u0259l\u0259sin\u0259 v\u0259sil\u0259 olaca\u011f\u0131 he\u00e7 kimd\u0259 \u015f\u00fcbh\u0259 do\u011furmur. Az\u0259rbaycan d\u00f6vl\u0259ti, c\u0259miyy\u0259ti v\u0259 xalq\u0131 milli maraqlar\u0131ndan ir\u0259li g\u0259l\u0259n ist\u0259nil\u0259n m\u0259s\u0259l\u0259nin h\u0259llin\u0259 nail olmaq q\u00fcdr\u0259tini d\u0259f\u0259l\u0259rl\u0259 s\u00fcbuta yetirib v\u0259 bu q\u0259tiyy\u0259tini yenid\u0259n t\u0259krar etm\u0259y\u0259 tam haz\u0131rd\u0131r.\u00a0<\/p>\n\n\n\n<figure class=\"wp-block-image size-large is-resized\"><img loading=\"lazy\" decoding=\"async\" width=\"300\" height=\"156\" src=\"https:\/\/veteran.az\/wp-content\/uploads\/2023\/12\/image-2-300x156.png\" alt=\"\" class=\"wp-image-21776\" style=\"aspect-ratio:1.9230769230769231;width:641px;height:auto\" srcset=\"https:\/\/veteran.az\/wp-content\/uploads\/2023\/12\/image-2-300x156.png 300w, https:\/\/veteran.az\/wp-content\/uploads\/2023\/12\/image-2.png 525w\" sizes=\"auto, (max-width: 300px) 100vw, 300px\" \/><\/figure>\n\n\n\n<p><br>H\u0259qiq\u0259t bundan ibar\u0259tdir ki, Prezident \u0130lham \u018fliyev \u00f6z tarixi liderlik missiyas\u0131n\u0131n daha b\u00f6y\u00fck h\u0259d\u0259fl\u0259rl\u0259 xarakteriz\u0259 oldu\u011funu ayd\u0131n \u015f\u0259kild\u0259 d\u0259rk edir v\u0259 inamla h\u0259min h\u0259d\u0259fl\u0259r\u0259 do\u011fru ir\u0259lil\u0259yir. \u00d6t\u0259n \u0259srin 90-c\u0131 ill\u0259rind\u0259 itirilmi\u015f torpaqlar\u0131n v\u0259 siyasi m\u00f6vqel\u0259rin geri qaytar\u0131lmas\u0131, \u00f6lk\u0259nin \u0259razi b\u00fct\u00f6vl\u00fcy\u00fcn\u00fcn t\u0259min edilm\u0259si onun b\u00f6y\u00fck tarixi missiyas\u0131n\u0131n bir hiss\u0259si kimi qiym\u0259tl\u0259ndiril\u0259 bil\u0259r v\u0259 d\u00fc\u015f\u00fcn\u00fcr\u0259m ki, m\u00fcasir ictimai r\u0259y m\u0259hz bu \u0259hvali-ruhiyy\u0259 \u00fcz\u0259rind\u0259 q\u0259rarla\u015f\u0131b.<br>Xalq\u0131n, tarixin v\u0259 \u00f6lk\u0259nin liderind\u0259n g\u00f6zl\u0259diyi b\u00f6y\u00fck g\u0259l\u0259c\u0259yin \u0259sas konturlar\u0131 Az\u0259rbaycan\u0131n tarixi h\u0259qiq\u0259tinin v\u0259 \u015f\u00f6hr\u0259tinin ya\u015famaq h\u00fcququnun v\u0259 imkanlar\u0131n\u0131n b\u0259rpa edilm\u0259sind\u0259 ifad\u0259 olunmaqdad\u0131r. Milli maraqlar\u0131m\u0131z\u0131n layiqinc\u0259 qorunmas\u0131ndan tutmu\u015f \u00f6lk\u0259nin g\u0259l\u0259c\u0259k inki\u015faf\u0131n\u0131n v\u0259 firavanl\u0131\u011f\u0131n\u0131n \u0259n etibarl\u0131, b\u0259lk\u0259 d\u0259 yegan\u0259 yolunun bundan ibar\u0259t oldu\u011fu ictimai d\u00fc\u015f\u00fcnc\u0259nin q\u0259bul etdiyi v\u0259 d\u0259st\u0259kl\u0259diyi h\u0259yat m\u0259ntiqi say\u0131la bil\u0259r. Ya\u015fad\u0131\u011f\u0131m\u0131z milli dir\u00e7\u0259li\u015f m\u0259fkur\u0259si, d\u00f6vl\u0259tin g\u00fcnd\u0259n-g\u00fcn\u0259 artan q\u00fcdr\u0259ti v\u0259 xalqla liderin sars\u0131lmaz birliyi yeni tarixi s\u0131\u00e7ray\u0131\u015f\u0131 m\u00fcmk\u00fcnl\u0259\u015fdir\u0259n ba\u015fl\u0131ca amill\u0259rin bir hiss\u0259sidir.\u00a0<br>\u0130lham \u018fliyevin liderliyi alt\u0131nda Az\u0259rbaycan\u0131n d\u00fcnya birliyinin f\u0259al \u00fczv\u00fc kimi tan\u0131nmas\u0131, bir s\u0131ra beyn\u0259lxalq layih\u0259l\u0259rin v\u0259 t\u0259\u015f\u0259bb\u00fcsl\u0259rin m\u00fc\u0259llifi rolunda \u00e7\u0131x\u0131\u015f etm\u0259si milli inki\u015faf\u0131n n\u00f6vb\u0259ti m\u0259rh\u0259l\u0259sin\u0259 ke\u00e7m\u0259y\u0259 \u0259sas yaradan \u0259lveri\u015fli beyn\u0259lxalq \u015f\u0259rtl\u0259rdir. Az\u0259rbaycan\u0131n Prezident \u0130lham \u018fliyevin yax\u0131ndan i\u015ftirak\u0131 say\u0259sind\u0259 siyasi n\u00fcfuzu y\u00fcks\u0259l\u0259n t\u00fcrk v\u0259 islam d\u00fcnyas\u0131n\u0131n \u00f6n\u0259mli d\u00f6vl\u0259tl\u0259rind\u0259n birin\u0259 \u00e7evrilm\u0259si d\u0259 diqq\u0259td\u0259n qa\u00e7\u0131r\u0131lmamal\u0131d\u0131r. Onun geni\u015f f\u0259aliyy\u0259ti n\u0259tic\u0259sind\u0259 islam birliyi v\u0259 h\u0259mr\u0259yliyi d\u00fcnyan\u0131n artan reall\u0131\u011f\u0131 say\u0131lmaqdad\u0131r. Qaraba\u011f\u0131n azad edilm\u0259sinin v\u0259 ke\u00e7mi\u015f i\u015f\u011fal alt\u0131nda olan \u0259razil\u0259rin terror\u00e7u silahl\u0131 qrupla\u015fmalardan t\u0259mizl\u0259nm\u0259si t\u0259dbirl\u0259rinin qarda\u015f T\u00fcrkiy\u0259 v\u0259 b\u00fct\u00fcnl\u00fckl\u0259 islam d\u00fcnyas\u0131 t\u0259r\u0259find\u0259n q\u0259tiyy\u0259tl\u0259 d\u0259st\u0259kl\u0259nm\u0259si haqq\u0131nda s\u00f6hb\u0259t a\u00e7d\u0131\u011f\u0131m\u0131z ger\u00e7\u0259klikl\u0259rin bariz ifad\u0259l\u0259ridir.\u00a0<br>Tarix v\u0259 tale Prezident \u0130lham \u018fliyev\u0259 \u015f\u0259r\u0259fli missiya n\u0259sib edib. 2003-c\u00fc ild\u0259n bu g\u00fcn\u0259d\u0259k bu missiyadan ir\u0259li g\u0259l\u0259n ayr\u0131-ayr\u0131 v\u0259zif\u0259l\u0259rin u\u011furla h\u0259yata ke\u00e7irilm\u0259sin\u0259 b\u00fct\u00fcn d\u00fcnya \u015f\u0259had\u0259t etm\u0259kd\u0259dir. Az\u0259rbaycan g\u00fccl\u00fc, q\u00fcdr\u0259tli v\u0259 firavan m\u00fcst\u0259qil d\u00f6vl\u0259t kimi \u00f6z\u00fcn\u00fc q\u0259tiyy\u0259tl\u0259 t\u0259sdiql\u0259yib.\u00a0<br>Qaraba\u011f azad olunub v\u0259 terror\u00e7u silahl\u0131 qrupla\u015fmalar\u0131n qal\u0131qlar\u0131ndan bird\u0259f\u0259lik t\u0259mizl\u0259nib. Xalq\u0131m\u0131z\u0131n \u015f\u0259r\u0259f tarixinin yeni s\u0259hif\u0259l\u0259rinin yaz\u0131lmas\u0131 \u0130lham \u018fliyevin n\u0259h\u0259ng xidm\u0259tl\u0259ri say\u0259sind\u0259 zaman\u0131n sifari\u015fin\u0259 v\u0259 \u00f6lk\u0259nin b\u00f6y\u00fck \u015fans\u0131na \u00e7evrilib.<\/p>\n\n\n\n<p>M\u00f6ht\u0259r\u0259m Prezidentimizi &nbsp;&nbsp;&nbsp;&nbsp;&nbsp;24 dekabr do\u011fum g\u00fcn\u00fc m\u00fcnasib\u0259til\u0259 s\u0259mimi q\u0259lbd\u0259&nbsp; t\u0259brik edir\u0259m , ona &nbsp;uzun&nbsp;&nbsp;&nbsp;&nbsp;&nbsp; &nbsp;\u00f6m\u00fcr, cansa\u011fl\u0131\u011f\u0131 &nbsp;dil\u0259yir\u0259m, q\u00fcdr\u0259tli \u00e7iyinl\u0259ri \u00fcz\u0259r in\u0259 g\u00f6t\u00fcrd\u00fcy\u00fc b\u00f6y\u00fck tarixi&nbsp; &nbsp;missiyas\u0131nda yeni \u0259z\u0259m\u0259tli q\u0259l\u0259b\u0259 l\u0259r arzulay\u0131ram.&nbsp;<\/p>\n","protected":false},"excerpt":{"rendered":"<p>24 dekabr \u00a0Az\u0259rbaycan Respublikas\u0131n\u0131n \u00a0Prezidenti,Silahl\u0131 Q\u00fcvv\u0259l\u0259rin Ali\u00a0 Ba\u015f Komandan\u0131 \u0130lham\u00a0 \u018fliyevin \u00a0do\u011fum g\u00fcn\u00fcd\u00fcr . &nbsp;&nbsp;&#8230;<\/p>\n","protected":false},"author":3,"featured_media":21773,"comment_status":"closed","ping_status":"closed","sticky":false,"template":"","format":"standard","meta":{"footnotes":""},"categories":[6],"tags":[],"class_list":["post-21772","post","type-post","status-publish","format-standard","has-post-thumbnail","hentry","category-cmiyyt"],"featured_image_urls":{"full":["https:\/\/veteran.az\/wp-content\/uploads\/2023\/12\/8d9f59ce-a9a9-4c78-8a18-394fce6fb618.jpg",438,422,false],"thumbnail":["https:\/\/veteran.az\/wp-content\/uploads\/2023\/12\/8d9f59ce-a9a9-4c78-8a18-394fce6fb618-150x150.jpg",150,150,true],"medium":["https:\/\/veteran.az\/wp-content\/uploads\/2023\/12\/8d9f59ce-a9a9-4c78-8a18-394fce6fb618-300x289.jpg",300,289,true],"medium_large":["https:\/\/veteran.az\/wp-content\/uploads\/2023\/12\/8d9f59ce-a9a9-4c78-8a18-394fce6fb618.jpg",438,422,false],"large":["https:\/\/veteran.az\/wp-content\/uploads\/2023\/12\/8d9f59ce-a9a9-4c78-8a18-394fce6fb618-300x289.jpg",300,289,true],"1536x1536":["https:\/\/veteran.az\/wp-content\/uploads\/2023\/12\/8d9f59ce-a9a9-4c78-8a18-394fce6fb618.jpg",438,422,false],"2048x2048":["https:\/\/veteran.az\/wp-content\/uploads\/2023\/12\/8d9f59ce-a9a9-4c78-8a18-394fce6fb618.jpg",438,422,false],"covernews-slider-full":["https:\/\/veteran.az\/wp-content\/uploads\/2023\/12\/8d9f59ce-a9a9-4c78-8a18-394fce6fb618.jpg",438,422,false],"covernews-slider-center":["https:\/\/veteran.az\/wp-content\/uploads\/2023\/12\/8d9f59ce-a9a9-4c78-8a18-394fce6fb618.jpg",438,422,false],"covernews-featured":["https:\/\/veteran.az\/wp-content\/uploads\/2023\/12\/8d9f59ce-a9a9-4c78-8a18-394fce6fb618.jpg",438,422,false],"covernews-medium":["https:\/\/veteran.az\/wp-content\/uploads\/2023\/12\/8d9f59ce-a9a9-4c78-8a18-394fce6fb618-438x340.jpg",438,340,true],"covernews-medium-square":["https:\/\/veteran.az\/wp-content\/uploads\/2023\/12\/8d9f59ce-a9a9-4c78-8a18-394fce6fb618-400x250.jpg",400,250,true]},"author_info":{"display_name":"Veteran.az","author_link":"https:\/\/veteran.az\/?author=3"},"category_info":"<a href=\"https:\/\/veteran.az\/?cat=6\" rel=\"category\">C\u0259miyy\u0259t<\/a>","tag_info":"C\u0259miyy\u0259t","comment_count":"0","_links":{"self":[{"href":"https:\/\/veteran.az\/index.php?rest_route=\/wp\/v2\/posts\/21772","targetHints":{"allow":["GET"]}}],"collection":[{"href":"https:\/\/veteran.az\/index.php?rest_route=\/wp\/v2\/posts"}],"about":[{"href":"https:\/\/veteran.az\/index.php?rest_route=\/wp\/v2\/types\/post"}],"author":[{"embeddable":true,"href":"https:\/\/veteran.az\/index.php?rest_route=\/wp\/v2\/users\/3"}],"replies":[{"embeddable":true,"href":"https:\/\/veteran.az\/index.php?rest_route=%2Fwp%2Fv2%2Fcomments&post=21772"}],"version-history":[{"count":2,"href":"https:\/\/veteran.az\/index.php?rest_route=\/wp\/v2\/posts\/21772\/revisions"}],"predecessor-version":[{"id":21992,"href":"https:\/\/veteran.az\/index.php?rest_route=\/wp\/v2\/posts\/21772\/revisions\/21992"}],"wp:featuredmedia":[{"embeddable":true,"href":"https:\/\/veteran.az\/index.php?rest_route=\/wp\/v2\/media\/21773"}],"wp:attachment":[{"href":"https:\/\/veteran.az\/index.php?rest_route=%2Fwp%2Fv2%2Fmedia&parent=21772"}],"wp:term":[{"taxonomy":"category","embeddable":true,"href":"https:\/\/veteran.az\/index.php?rest_route=%2Fwp%2Fv2%2Fcategories&post=21772"},{"taxonomy":"post_tag","embeddable":true,"href":"https:\/\/veteran.az\/index.php?rest_route=%2Fwp%2Fv2%2Ftags&post=21772"}],"curies":[{"name":"wp","href":"https:\/\/api.w.org\/{rel}","templated":true}]}}