{"id":21758,"date":"2023-12-11T22:06:56","date_gmt":"2023-12-11T18:06:56","guid":{"rendered":"https:\/\/veteran.az\/?p=21758"},"modified":"2024-01-27T03:13:12","modified_gmt":"2024-01-26T23:13:12","slug":"prezidentd%c9%99n-qaradagdaki-yollarin-t%c9%99miri-il%c9%99-bagli-s%c9%99r%c9%99ncam","status":"publish","type":"post","link":"https:\/\/veteran.az\/?p=21758","title":{"rendered":"Prezidentd\u0259n Qarada\u011fdak\u0131 yollar\u0131n t\u0259miri il\u0259 ba\u011fl\u0131\u00a0&#8212; S\u0259r\u0259ncam"},"content":{"rendered":"\n<p>Prezident \u0130lham \u018fliyev Bak\u0131 \u015f\u0259h\u0259rinin Qarada\u011f rayonu \u0259razisind\u0259 avtomobil yollar\u0131n\u0131n \u0259sasl\u0131 t\u0259miri il\u0259 ba\u011fl\u0131 t\u0259dbirl\u0259r haqq\u0131nda S\u0259r\u0259ncam imzalay\u0131b.<\/p>\n\n\n\n<p>\u201cVeteran.az\u201d x\u0259b\u0259r verir ki, S\u0259r\u0259ncamda deyilir:<\/p>\n\n\n\n<p>\u201c1. Bak\u0131 \u015f\u0259h\u0259rinin Qarada\u011f rayonu \u0259razisind\u0259 avtomobil yollar\u0131n\u0131n \u0259sasl\u0131 t\u0259miri m\u0259qs\u0259dil\u0259 Az\u0259rbaycan Respublikas\u0131 Prezidentinin 2023-c\u00fc il 23 yanvar tarixli 3720 n\u00f6mr\u0259li S\u0259r\u0259ncam\u0131 il\u0259 t\u0259sdiq edilmi\u015f \u201cAz\u0259rbaycan Respublikas\u0131n\u0131n 2023-c\u00fc il d\u00f6vl\u0259t b\u00fcdc\u0259sind\u0259 d\u00f6vl\u0259t \u0259sasl\u0131 v\u0259sait qoyulu\u015fu (investisiya x\u0259rcl\u0259ri) \u00fc\u00e7\u00fcn n\u0259z\u0259rd\u0259 tutulan v\u0259saitin b\u00f6lg\u00fcs\u00fc\u201dn\u00fcn 1.31.25-ci yar\u0131mb\u0259ndind\u0259 g\u00f6st\u0259rilmi\u015f m\u0259bl\u0259\u011fin 400,0 (d\u00f6rd y\u00fcz) min manat\u0131 Az\u0259rbaycan Avtomobil Yollar\u0131 D\u00f6vl\u0259t Agentliyin\u0259 ayr\u0131ls\u0131n.<\/p>\n\n\n\n<ol class=\"wp-block-list\" start=\"2\">\n<li>Az\u0259rbaycan Respublikas\u0131n\u0131n Maliyy\u0259 Nazirliyi bu S\u0259r\u0259ncam\u0131n 1-ci hiss\u0259sind\u0259 g\u00f6st\u0259ril\u0259n m\u0259bl\u0259\u011fd\u0259 maliyy\u0259l\u0259\u015fm\u0259ni t\u0259min etsin.<\/li>\n\n\n\n<li>Az\u0259rbaycan Respublikas\u0131n\u0131n Nazirl\u0259r Kabineti bu S\u0259r\u0259ncamdan ir\u0259li g\u0259l\u0259n m\u0259s\u0259l\u0259l\u0259ri h\u0259ll etsin\u201d.<\/li>\n<\/ol>\n","protected":false},"excerpt":{"rendered":"<p>Prezident \u0130lham \u018fliyev Bak\u0131 \u015f\u0259h\u0259rinin Qarada\u011f rayonu \u0259razisind\u0259 avtomobil yollar\u0131n\u0131n \u0259sasl\u0131 t\u0259miri il\u0259 ba\u011fl\u0131 t\u0259dbirl\u0259r&#8230;<\/p>\n","protected":false},"author":3,"featured_media":0,"comment_status":"closed","ping_status":"closed","sticky":false,"template":"","format":"standard","meta":{"footnotes":""},"categories":[6],"tags":[],"class_list":["post-21758","post","type-post","status-publish","format-standard","hentry","category-cmiyyt"],"featured_image_urls":{"full":"","thumbnail":"","medium":"","medium_large":"","large":"","1536x1536":"","2048x2048":"","covernews-slider-full":"","covernews-slider-center":"","covernews-featured":"","covernews-medium":"","covernews-medium-square":""},"author_info":{"display_name":"Veteran.az","author_link":"https:\/\/veteran.az\/?author=3"},"category_info":"<a href=\"https:\/\/veteran.az\/?cat=6\" rel=\"category\">C\u0259miyy\u0259t<\/a>","tag_info":"C\u0259miyy\u0259t","comment_count":"0","_links":{"self":[{"href":"https:\/\/veteran.az\/index.php?rest_route=\/wp\/v2\/posts\/21758","targetHints":{"allow":["GET"]}}],"collection":[{"href":"https:\/\/veteran.az\/index.php?rest_route=\/wp\/v2\/posts"}],"about":[{"href":"https:\/\/veteran.az\/index.php?rest_route=\/wp\/v2\/types\/post"}],"author":[{"embeddable":true,"href":"https:\/\/veteran.az\/index.php?rest_route=\/wp\/v2\/users\/3"}],"replies":[{"embeddable":true,"href":"https:\/\/veteran.az\/index.php?rest_route=%2Fwp%2Fv2%2Fcomments&post=21758"}],"version-history":[{"count":1,"href":"https:\/\/veteran.az\/index.php?rest_route=\/wp\/v2\/posts\/21758\/revisions"}],"predecessor-version":[{"id":21759,"href":"https:\/\/veteran.az\/index.php?rest_route=\/wp\/v2\/posts\/21758\/revisions\/21759"}],"wp:attachment":[{"href":"https:\/\/veteran.az\/index.php?rest_route=%2Fwp%2Fv2%2Fmedia&parent=21758"}],"wp:term":[{"taxonomy":"category","embeddable":true,"href":"https:\/\/veteran.az\/index.php?rest_route=%2Fwp%2Fv2%2Fcategories&post=21758"},{"taxonomy":"post_tag","embeddable":true,"href":"https:\/\/veteran.az\/index.php?rest_route=%2Fwp%2Fv2%2Ftags&post=21758"}],"curies":[{"name":"wp","href":"https:\/\/api.w.org\/{rel}","templated":true}]}}