{"id":21619,"date":"2023-10-01T19:26:57","date_gmt":"2023-10-01T15:26:57","guid":{"rendered":"https:\/\/veteran.az\/?p=21619"},"modified":"2023-10-08T20:40:27","modified_gmt":"2023-10-08T16:40:27","slug":"abs-da-keciril%c9%99n-festivalda-az%c9%99rbaycan-da-t%c9%99msil-olunmusdur","status":"publish","type":"post","link":"https:\/\/veteran.az\/?p=21619","title":{"rendered":"AB\u015e-da ke\u00e7iril\u0259n festivalda Az\u0259rbaycan da t\u0259msil olunmu\u015fdur"},"content":{"rendered":"\n<p>H\u0259r il Amerika Birl\u0259\u015fmi\u015f \u015etatlar\u0131nda a\u00e7\u0131q s\u0259ma alt\u0131nda &#171;D\u00fcnya xalqlar\u0131n\u0131n m\u0259d\u0259niyy\u0259ti&#187; adl\u0131 m\u0259d\u0259ni-k\u00fctl\u0259vi festival t\u0259\u015fkil olunur. Festival\u0131n unikall\u0131\u011f\u0131, k\u00fctl\u0259viliyi v\u0259 \u0259hat\u0259 co\u011frafiyas\u0131 o q\u0259d\u0259r b\u00f6y\u00fckd\u00fcr ki, burada h\u0259r il orta hesabla d\u00fcnyan\u0131n m\u00fcxt\u0259lif \u00f6lk\u0259l\u0259rind\u0259n 1,5 milyon insan i\u015ftirak edir, \u00f6z m\u0259d\u0259ni m\u00fcxt\u0259lifliyini n\u00fcmayi\u015f etdirir. Buna g\u00f6r\u0259 d\u0259, bu festival\u0131n \u0259h\u0259miyy\u0259ti d\u00fcnya xalqlar\u0131n\u0131n multikultural d\u0259y\u0259rl\u0259rinin m\u00fcbadil\u0259si v\u0259 m\u0259d\u0259niyy\u0259tinin t\u0259bli\u011fi bax\u0131m\u0131ndan olduqca b\u00f6y\u00fckd\u00fcr.<\/p>\n\n\n\n<p>\u018fn\u0259n\u0259vi festival bu il d\u0259 okyabr\u0131n 1-d\u0259 Amerika Birl\u0259\u015fmi\u015f \u015etatlar\u0131n\u0131n paytaxt\u0131nda &#8212; Kolumbiya dair\u0259sinin Va\u015finqton \u015f\u0259h\u0259rind\u0259 hind yoqa qurusu, Nobel m\u00fckafat\u0131na namiz\u0259d \u015eri \u015eri Ravi \u015eankar\u0131n t\u0259\u015f\u0259bb\u00fcs\u00fc il\u0259 t\u0259\u015fkil olunmu\u015fdur. D\u00fcnyan\u0131n 170 \u00f6lk\u0259sind\u0259n festivalda t\u0259msil olunan \u00f6lk\u0259l\u0259r aras\u0131nda Az\u0259rbaycan da olmu\u015fdur. Az\u0259rbaycan Respublikas\u0131n\u0131 Va\u015finqton \u015f\u0259h\u0259rind\u0259 ke\u00e7iril\u0259n &#171;D\u00fcnya xalqlar\u0131n\u0131n m\u0259d\u0259niyy\u0259ti&#187; festival\u0131nda Bak\u0131 Slavyan Universitetinin Az\u0259rbaycan tarixi v\u0259 ictimai elml\u0259r kafedras\u0131n\u0131n dosenti El\u015fan\u0259 xan\u0131m A\u011fasiyeva t\u0259msil etmi\u015fdir.<\/p>\n\n\n\n<p>T\u0259msil olundu\u011fu \u00f6lk\u0259l\u0259rin milli geyiml\u0259rind\u0259 festivala qat\u0131lan i\u015ftirak\u00e7\u0131lar aras\u0131nda \u00f6lk\u0259mizi Az\u0259rbaycan\u0131n milli geyimind\u0259 tan\u0131dan El\u015fan\u0259 A\u011fasiyeva eyni zamanda yoqa \u00fczr\u0259 ustad t\u0259liml\u0259r t\u0259\u015fkil ed\u0259r\u0259k festival i\u015ftirak\u00e7\u0131lar\u0131n\u0131n b\u00f6y\u00fck mara\u011f\u0131na s\u0259b\u0259b olmu\u015f, yoqa m\u00fc\u0259lliml\u0259ri aras\u0131nda m\u00fckafat\u00e7\u0131lardan biri olmu\u015fdur.<\/p>\n\n\n\n<p><strong>Elnur S\u0259lim<\/strong><\/p>\n\n\n\n<figure class=\"wp-block-image size-full\"><img decoding=\"async\" src=\"https:\/\/veteran.az\/wp-content\/uploads\/2023\/10\/86711-1.png\" alt=\"\" class=\"wp-image-21628\"\/><\/figure>\n\n\n<div class=\"wp-block-image\">\n<figure class=\"aligncenter size-full is-resized\"><img loading=\"lazy\" decoding=\"async\" src=\"https:\/\/veteran.az\/wp-content\/uploads\/2023\/10\/iutyu.jpeg\" alt=\"\" class=\"wp-image-21621\" style=\"width:888px;height:666px\" width=\"888\" height=\"666\"\/><\/figure>\n<\/div>\n\n<div class=\"wp-block-image\">\n<figure class=\"aligncenter size-full is-resized\"><img loading=\"lazy\" decoding=\"async\" src=\"https:\/\/veteran.az\/wp-content\/uploads\/2023\/10\/867-1.png\" alt=\"\" class=\"wp-image-21622\" style=\"width:888px;height:627px\" width=\"888\" height=\"627\" srcset=\"https:\/\/veteran.az\/wp-content\/uploads\/2023\/10\/867-1.png 2000w, https:\/\/veteran.az\/wp-content\/uploads\/2023\/10\/867-1-300x212.png 300w, https:\/\/veteran.az\/wp-content\/uploads\/2023\/10\/867-1-768x543.png 768w, https:\/\/veteran.az\/wp-content\/uploads\/2023\/10\/867-1-1536x1086.png 1536w, https:\/\/veteran.az\/wp-content\/uploads\/2023\/10\/867-1-1024x724.png 1024w\" sizes=\"auto, (max-width: 888px) 100vw, 888px\" \/><\/figure>\n<\/div>","protected":false},"excerpt":{"rendered":"<p>H\u0259r il Amerika Birl\u0259\u015fmi\u015f \u015etatlar\u0131nda a\u00e7\u0131q s\u0259ma alt\u0131nda &#171;D\u00fcnya xalqlar\u0131n\u0131n m\u0259d\u0259niyy\u0259ti&#187; adl\u0131 m\u0259d\u0259ni-k\u00fctl\u0259vi festival t\u0259\u015fkil&#8230;<\/p>\n","protected":false},"author":3,"featured_media":0,"comment_status":"closed","ping_status":"closed","sticky":false,"template":"","format":"standard","meta":{"footnotes":""},"categories":[7],"tags":[],"class_list":["post-21619","post","type-post","status-publish","format-standard","hentry","category-dunya"],"featured_image_urls":{"full":"","thumbnail":"","medium":"","medium_large":"","large":"","1536x1536":"","2048x2048":"","covernews-slider-full":"","covernews-slider-center":"","covernews-featured":"","covernews-medium":"","covernews-medium-square":""},"author_info":{"display_name":"Veteran.az","author_link":"https:\/\/veteran.az\/?author=3"},"category_info":"<a href=\"https:\/\/veteran.az\/?cat=7\" rel=\"category\">D\u00fcnya<\/a>","tag_info":"D\u00fcnya","comment_count":"0","_links":{"self":[{"href":"https:\/\/veteran.az\/index.php?rest_route=\/wp\/v2\/posts\/21619","targetHints":{"allow":["GET"]}}],"collection":[{"href":"https:\/\/veteran.az\/index.php?rest_route=\/wp\/v2\/posts"}],"about":[{"href":"https:\/\/veteran.az\/index.php?rest_route=\/wp\/v2\/types\/post"}],"author":[{"embeddable":true,"href":"https:\/\/veteran.az\/index.php?rest_route=\/wp\/v2\/users\/3"}],"replies":[{"embeddable":true,"href":"https:\/\/veteran.az\/index.php?rest_route=%2Fwp%2Fv2%2Fcomments&post=21619"}],"version-history":[{"count":4,"href":"https:\/\/veteran.az\/index.php?rest_route=\/wp\/v2\/posts\/21619\/revisions"}],"predecessor-version":[{"id":21631,"href":"https:\/\/veteran.az\/index.php?rest_route=\/wp\/v2\/posts\/21619\/revisions\/21631"}],"wp:attachment":[{"href":"https:\/\/veteran.az\/index.php?rest_route=%2Fwp%2Fv2%2Fmedia&parent=21619"}],"wp:term":[{"taxonomy":"category","embeddable":true,"href":"https:\/\/veteran.az\/index.php?rest_route=%2Fwp%2Fv2%2Fcategories&post=21619"},{"taxonomy":"post_tag","embeddable":true,"href":"https:\/\/veteran.az\/index.php?rest_route=%2Fwp%2Fv2%2Ftags&post=21619"}],"curies":[{"name":"wp","href":"https:\/\/api.w.org\/{rel}","templated":true}]}}