{"id":21540,"date":"2025-09-08T11:02:43","date_gmt":"2025-09-08T07:02:43","guid":{"rendered":"https:\/\/veteran.az\/?p=21540"},"modified":"2025-09-08T11:04:36","modified_gmt":"2025-09-08T07:04:36","slug":"tebrik-qurban-qurbanov-48","status":"publish","type":"post","link":"https:\/\/veteran.az\/?p=21540","title":{"rendered":"T\u0259brik: Qurban Qurbanov &#8212; 50"},"content":{"rendered":"\n<p>Bu g\u00fcn silahda\u015flar\u0131m\u0131zdan &#8212; Az\u0259rbaycan V\u0259t\u0259n M\u00fcharib\u0259si Veteranlar\u0131 \u0130ctimai Birliyinin Bilasuvar rayon \u015f\u00f6b\u0259sinin s\u0259dri Qurbanov Qurban Allahverdi o\u011flunun yubileyidir. Sentyabr ay\u0131n\u0131n 8-i onun 50 ya\u015f\u0131 tamam olur.<\/p>\n\n\n\n<p>Qurban Allahverdi o\u011flu Qurbanov&nbsp;1975-ci ilin&nbsp; sentyabr ay\u0131n\u0131n&nbsp; 8-d\u0259&nbsp; Az\u0259rbaycan Respublikas\u0131n\u0131n&nbsp; Bilasuvar rayonunda z\u0259hm\u0259tke\u015f ail\u0259d\u0259 anadan olub. 1987-ci ild\u0259&nbsp; Bilasuvar \u015f\u0259h\u0259r 4 sayl\u0131 tam orta m\u0259kt\u0259bi, 2007-ci ild\u0259&nbsp; Az\u0259rbaycan D\u00f6vl\u0259t Kooperasiya Universitetini bitirib. 1992 &#8212; 1997-ci il\u0259rd\u0259&nbsp; Az\u0259rbaycan Ordusunun Pere\u015fk\u00fcl q\u0259s\u0259b\u0259sind\u0259 v\u0259 D\u00f6y\u00fc\u015f b\u00f6lg\u0259l\u0259rind\u0259 yerl\u0259\u015f\u0259n h\u0259rbi hiss\u0259l\u0259rinin birind\u0259 m\u00fcdd\u0259tli h\u0259qiqi h\u0259rbi xidm\u0259t\u0259 olub. 1997 &#8212;&nbsp; 2012 ci \u0130ll\u0259rd\u0259&nbsp; Bilasuvar rayon&nbsp;H\u0259rbi Komissarl\u0131\u011f\u0131nda (S\u0259f\u0259rb\u0259rlik v\u0259 h\u0259rbi xidm\u0259t\u0259 \u00e7a\u011f\u0131r\u0131\u015f \u015f\u00f6b\u0259sind\u0259)&nbsp;birinci b\u00f6lm\u0259 r\u0259isinin k\u00f6m\u0259k\u00e7isi&nbsp;v\u0259zif\u0259sind\u0259&nbsp;D\u00f6vl\u0259t\u0259 v\u0259 xalqa s\u0259daq\u0259tl\u0259 xidm\u0259t edib. 2012-ci ild\u0259&nbsp; &#171;H\u0259rbi Xidm\u0259tke\u00e7m\u0259 Haqq\u0131nda&#187; \u018fsasnam\u0259nin 156-c\u0131 madd\u0259sinin m\u00fcvafiq b\u0259ndin\u0259 \u0259sas\u0259n&nbsp; x\u0259st\u0259liyi il\u0259 \u0259laq\u0259dar Silahll Quvv\u0259l\u0259r\u0259 ehtiyata burax\u0131l\u0131b. Az\u0259rbaycan\u0131n \u0259razi b\u00fct\u00f6vl\u00fcy\u00fc u\u011frunda, F\u00fczuli,&nbsp; C\u0259bray\u0131l,&nbsp; K\u0259lb\u0259c\u0259r v\u0259 A\u011fdam&nbsp;rayonlar\u0131 istiqam\u0259tind\u0259 ged\u0259n d\u00f6y\u00fc\u015fl\u0259rd\u0259 i\u015ftirak ed\u0259r\u0259k ona h\u0259val\u0259 edilmi\u015f v\u0259zif\u0259 v\u0259 tap\u015f\u0131r\u0131qlar\u0131n\u0131n \u00f6ht\u0259sind\u0259n layiqinc\u0259 g\u0259lmi\u015fdir.&nbsp; 1994-c\u00fc ilin&nbsp; fevral ay\u0131n\u0131n&nbsp;19-da Az\u0259rbaycan\u0131n \u0259razi b\u00fct\u00f6vl\u00fcy\u00fc u\u011frunda ged\u0259n d\u00f6y\u00fc\u015fl\u0259rd\u0259 yaralanm\u0131\u015fd\u0131r. III qrup m\u00fcharib\u0259 \u0259lildir.<\/p>\n\n\n\n<p>Qurban Allahverdi o\u011flu Qurbanov&nbsp;h\u0259rbi v\u0259 ictimai v\u0259zif\u0259l\u0259rin icras\u0131na m\u0259suliyy\u0259tl\u0259 ya\u015fad\u0131\u011f\u0131na g\u00f6r\u0259&nbsp; f\u0259xri&nbsp; f\u0259rmanlarla, qiym\u0259tli h\u0259diyy\u0259l\u0259rl\u0259 m\u00fckafatland\u0131rl\u0131b, ona t\u0259\u015f\u0259kk\u00fcr elan edilib v\u0259 \u00e7oxsayl\u0131 medallarla t\u0259ltif edilib.<\/p>\n\n\n\n<p>Az\u0259rbaycan V\u0259t\u0259n M\u00fcharib\u0259si Veteranlar\u0131 \u0130ctimai Birliyinin r\u0259hb\u0259rliyi, h\u0259m\u00e7inin ail\u0259si, dostlar\u0131, i\u015f v\u0259 d\u00f6y\u00fc\u015f yolda\u015flar\u0131 Qurban Allahverdi o\u011flu Qurbanovu do\u011fum g\u00fcn\u00fc yubileyi m\u00fcnasib\u0259ti il\u0259 t\u0259brik edir, ona uzun \u00f6m\u00fcr v\u0259 cansa\u011fl\u0131\u011f\u0131 arzu edirl\u0259r!<\/p>\n\n\n\n<p><strong>AVMV\u0130B-in M\u0259tbuat xidm\u0259ti<\/strong><\/p>\n\n\n<div class=\"wp-block-image\">\n<figure class=\"aligncenter size-large is-resized\"><img loading=\"lazy\" decoding=\"async\" width=\"300\" height=\"169\" src=\"https:\/\/veteran.az\/wp-content\/uploads\/2023\/09\/WhatsApp-Image-2023-09-08-at-11.50.54-300x169.jpeg\" alt=\"\" class=\"wp-image-21542\" style=\"width:644px;height:363px\" srcset=\"https:\/\/veteran.az\/wp-content\/uploads\/2023\/09\/WhatsApp-Image-2023-09-08-at-11.50.54-300x169.jpeg 300w, https:\/\/veteran.az\/wp-content\/uploads\/2023\/09\/WhatsApp-Image-2023-09-08-at-11.50.54-768x432.jpeg 768w, https:\/\/veteran.az\/wp-content\/uploads\/2023\/09\/WhatsApp-Image-2023-09-08-at-11.50.54-1024x576.jpeg 1024w, https:\/\/veteran.az\/wp-content\/uploads\/2023\/09\/WhatsApp-Image-2023-09-08-at-11.50.54.jpeg 1080w\" sizes=\"auto, (max-width: 300px) 100vw, 300px\" \/><\/figure>\n<\/div>\n\n<div class=\"wp-block-image\">\n<figure class=\"aligncenter size-large is-resized\"><img decoding=\"async\" src=\"https:\/\/veteran.az\/wp-content\/uploads\/2023\/09\/WhatsApp-Image-2023-09-08-at-11.50.50-1-300x187.jpeg\" alt=\"\" class=\"wp-image-21543\" style=\"width:643px;height:401px\"\/><\/figure>\n<\/div>\n\n<div class=\"wp-block-image\">\n<figure class=\"aligncenter size-large is-resized\"><img decoding=\"async\" src=\"https:\/\/veteran.az\/wp-content\/uploads\/2023\/09\/WhatsApp-Image-2023-09-08-at-11.50.50-300x203.jpeg\" alt=\"\" class=\"wp-image-21544\" style=\"width:643px;height:435px\"\/><\/figure>\n<\/div>\n\n\n<figure class=\"wp-block-gallery has-nested-images columns-default is-cropped wp-block-gallery-1 is-layout-flex wp-block-gallery-is-layout-flex\">\n<figure class=\"wp-block-image size-large\"><img decoding=\"async\" data-id=\"21545\" src=\"https:\/\/veteran.az\/wp-content\/uploads\/2023\/09\/WhatsApp-Image-2023-09-08-at-11.50.49-259x300.jpeg\" alt=\"\" class=\"wp-image-21545\"\/><\/figure>\n\n\n\n<figure class=\"wp-block-image size-large\"><img decoding=\"async\" data-id=\"21546\" src=\"https:\/\/veteran.az\/wp-content\/uploads\/2023\/09\/WhatsApp-Image-2023-09-08-at-11.50.48-1-205x300.jpeg\" alt=\"\" class=\"wp-image-21546\"\/><\/figure>\n\n\n\n<figure class=\"wp-block-image size-large\"><img decoding=\"async\" data-id=\"21547\" src=\"https:\/\/veteran.az\/wp-content\/uploads\/2023\/09\/WhatsApp-Image-2023-09-08-at-11.50.48-235x300.jpeg\" alt=\"\" class=\"wp-image-21547\"\/><\/figure>\n<\/figure>\n","protected":false},"excerpt":{"rendered":"<p>Bu g\u00fcn silahda\u015flar\u0131m\u0131zdan &#8212; Az\u0259rbaycan V\u0259t\u0259n M\u00fcharib\u0259si Veteranlar\u0131 \u0130ctimai Birliyinin Bilasuvar rayon \u015f\u00f6b\u0259sinin s\u0259dri Qurbanov&#8230;<\/p>\n","protected":false},"author":3,"featured_media":0,"comment_status":"closed","ping_status":"closed","sticky":false,"template":"","format":"standard","meta":{"footnotes":""},"categories":[13],"tags":[],"class_list":["post-21540","post","type-post","status-publish","format-standard","hentry","category-tebrik"],"featured_image_urls":{"full":"","thumbnail":"","medium":"","medium_large":"","large":"","1536x1536":"","2048x2048":"","covernews-slider-full":"","covernews-slider-center":"","covernews-featured":"","covernews-medium":"","covernews-medium-square":""},"author_info":{"display_name":"Veteran.az","author_link":"https:\/\/veteran.az\/?author=3"},"category_info":"<a href=\"https:\/\/veteran.az\/?cat=13\" rel=\"category\">T\u0259brik<\/a>","tag_info":"T\u0259brik","comment_count":"0","_links":{"self":[{"href":"https:\/\/veteran.az\/index.php?rest_route=\/wp\/v2\/posts\/21540","targetHints":{"allow":["GET"]}}],"collection":[{"href":"https:\/\/veteran.az\/index.php?rest_route=\/wp\/v2\/posts"}],"about":[{"href":"https:\/\/veteran.az\/index.php?rest_route=\/wp\/v2\/types\/post"}],"author":[{"embeddable":true,"href":"https:\/\/veteran.az\/index.php?rest_route=\/wp\/v2\/users\/3"}],"replies":[{"embeddable":true,"href":"https:\/\/veteran.az\/index.php?rest_route=%2Fwp%2Fv2%2Fcomments&post=21540"}],"version-history":[{"count":8,"href":"https:\/\/veteran.az\/index.php?rest_route=\/wp\/v2\/posts\/21540\/revisions"}],"predecessor-version":[{"id":24244,"href":"https:\/\/veteran.az\/index.php?rest_route=\/wp\/v2\/posts\/21540\/revisions\/24244"}],"wp:attachment":[{"href":"https:\/\/veteran.az\/index.php?rest_route=%2Fwp%2Fv2%2Fmedia&parent=21540"}],"wp:term":[{"taxonomy":"category","embeddable":true,"href":"https:\/\/veteran.az\/index.php?rest_route=%2Fwp%2Fv2%2Fcategories&post=21540"},{"taxonomy":"post_tag","embeddable":true,"href":"https:\/\/veteran.az\/index.php?rest_route=%2Fwp%2Fv2%2Ftags&post=21540"}],"curies":[{"name":"wp","href":"https:\/\/api.w.org\/{rel}","templated":true}]}}