{"id":21516,"date":"2023-08-25T23:07:00","date_gmt":"2023-08-25T19:07:00","guid":{"rendered":"https:\/\/veteran.az\/?p=21516"},"modified":"2023-08-26T16:23:01","modified_gmt":"2023-08-26T12:23:01","slug":"lacinin-isgali-boyuk-faci%c9%99-idi-ilham-eliyev","status":"publish","type":"post","link":"https:\/\/veteran.az\/?p=21516","title":{"rendered":"\u201cLa\u00e7\u0131n\u0131n i\u015f\u011fal\u0131 b\u00f6y\u00fck faci\u0259 idi\u201d\u00a0&#8212; \u0130lham \u018fliyev"},"content":{"rendered":"\n<p><strong>\u201cLa\u00e7\u0131n\u0131n i\u015f\u011fala m\u0259ruz qalmas\u0131 b\u00f6y\u00fck faci\u0259 idi, h\u0259m la\u00e7\u0131nl\u0131lar \u00fc\u00e7\u00fcn, h\u0259m b\u00fct\u00fcn Az\u0259rbaycan xalq\u0131 \u00fc\u00e7\u00fcn. H\u0259r bir k\u0259ndin, \u015f\u0259h\u0259rin i\u015f\u011fala m\u0259ruz qalmas\u0131 b\u00f6y\u00fck faci\u0259 idi, amma La\u00e7\u0131n\u0131n i\u015f\u011fal\u0131 strateji n\u00f6qteyi-n\u0259z\u0259rind\u0259n b\u00f6y\u00fck bir s\u0131naq idi, b\u00f6y\u00fck bir f\u0259lak\u0259t idi\u201d.<\/strong><\/p>\n\n\n\n<p>\u201cVeteran.az\u201d x\u0259b\u0259r verir ki, bu fikirl\u0259ri Prezident \u0130lham \u018fliyev \u201cLa\u00e7\u0131n \u015e\u0259h\u0259ri G\u00fcn\u00fc\u201d il\u0259 \u0259laq\u0259dar ke\u00e7iril\u0259n bayram t\u0259dbirind\u0259 \u00e7\u0131x\u0131\u015f\u0131 zaman\u0131 s\u0259sl\u0259ndirib.<\/p>\n\n\n\n<p>D\u00f6vl\u0259t ba\u015f\u00e7\u0131s\u0131 deyib: \u201c\u00c7\u00fcnki bel\u0259likl\u0259, Erm\u0259nistanla ke\u00e7mi\u015f Da\u011fl\u0131q Qaraba\u011f Muxtar Vilay\u0259ti aras\u0131nda co\u011frafi \u0259laq\u0259 yarad\u0131l\u0131rd\u0131 v\u0259 bizim sonrak\u0131 itkil\u0259rimizin ba\u015flan\u011f\u0131c\u0131 m\u0259hz \u015eu\u015fa v\u0259 La\u00e7\u0131n\u0131n itirilm\u0259si idi. May ay\u0131 m\u00fcst\u0259qil Az\u0259rbaycan\u0131n tarixind\u0259 bu iki faci\u0259vi g\u00fcnl\u0259 \u0259laq\u0259li idi. Y\u0259ni, bizim m\u00fcst\u0259qil h\u0259yat\u0131m\u0131zda may ay\u0131 faci\u0259li bir ay idi &#8212; \u00e7\u00fcnki 8 mayda \u015eu\u015fa, 18 mayda La\u00e7\u0131n i\u015f\u011fal edildi. \u0130\u015f\u011fal bizi i\u00e7\u0259rid\u0259n sars\u0131d\u0131rd\u0131 v\u0259 bu i\u015f\u011fal dig\u0259r torpaqlar\u0131m\u0131z\u0131n i\u015f\u011fal alt\u0131na d\u00fc\u015fm\u0259sinin ba\u015flan\u011f\u0131c\u0131 idi. \u00c7\u00fcnki birinci \u015eu\u015fa, ondan sonra La\u00e7\u0131n i\u015f\u011fal olunmu\u015fdur\u201d.<\/p>\n","protected":false},"excerpt":{"rendered":"<p>\u201cLa\u00e7\u0131n\u0131n i\u015f\u011fala m\u0259ruz qalmas\u0131 b\u00f6y\u00fck faci\u0259 idi, h\u0259m la\u00e7\u0131nl\u0131lar \u00fc\u00e7\u00fcn, h\u0259m b\u00fct\u00fcn Az\u0259rbaycan xalq\u0131 \u00fc\u00e7\u00fcn&#8230;.<\/p>\n","protected":false},"author":3,"featured_media":21517,"comment_status":"closed","ping_status":"closed","sticky":false,"template":"","format":"standard","meta":{"footnotes":""},"categories":[6],"tags":[],"class_list":["post-21516","post","type-post","status-publish","format-standard","has-post-thumbnail","hentry","category-cmiyyt"],"featured_image_urls":{"full":["https:\/\/veteran.az\/wp-content\/uploads\/2023\/08\/ilham_eliyev1.jpg",637,400,false],"thumbnail":["https:\/\/veteran.az\/wp-content\/uploads\/2023\/08\/ilham_eliyev1-150x150.jpg",150,150,true],"medium":["https:\/\/veteran.az\/wp-content\/uploads\/2023\/08\/ilham_eliyev1-300x188.jpg",300,188,true],"medium_large":["https:\/\/veteran.az\/wp-content\/uploads\/2023\/08\/ilham_eliyev1.jpg",637,400,false],"large":["https:\/\/veteran.az\/wp-content\/uploads\/2023\/08\/ilham_eliyev1-300x188.jpg",300,188,true],"1536x1536":["https:\/\/veteran.az\/wp-content\/uploads\/2023\/08\/ilham_eliyev1.jpg",637,400,false],"2048x2048":["https:\/\/veteran.az\/wp-content\/uploads\/2023\/08\/ilham_eliyev1.jpg",637,400,false],"covernews-slider-full":["https:\/\/veteran.az\/wp-content\/uploads\/2023\/08\/ilham_eliyev1.jpg",637,400,false],"covernews-slider-center":["https:\/\/veteran.az\/wp-content\/uploads\/2023\/08\/ilham_eliyev1.jpg",637,400,false],"covernews-featured":["https:\/\/veteran.az\/wp-content\/uploads\/2023\/08\/ilham_eliyev1.jpg",637,400,false],"covernews-medium":["https:\/\/veteran.az\/wp-content\/uploads\/2023\/08\/ilham_eliyev1-540x340.jpg",540,340,true],"covernews-medium-square":["https:\/\/veteran.az\/wp-content\/uploads\/2023\/08\/ilham_eliyev1-400x250.jpg",400,250,true]},"author_info":{"display_name":"Veteran.az","author_link":"https:\/\/veteran.az\/?author=3"},"category_info":"<a href=\"https:\/\/veteran.az\/?cat=6\" rel=\"category\">C\u0259miyy\u0259t<\/a>","tag_info":"C\u0259miyy\u0259t","comment_count":"0","_links":{"self":[{"href":"https:\/\/veteran.az\/index.php?rest_route=\/wp\/v2\/posts\/21516","targetHints":{"allow":["GET"]}}],"collection":[{"href":"https:\/\/veteran.az\/index.php?rest_route=\/wp\/v2\/posts"}],"about":[{"href":"https:\/\/veteran.az\/index.php?rest_route=\/wp\/v2\/types\/post"}],"author":[{"embeddable":true,"href":"https:\/\/veteran.az\/index.php?rest_route=\/wp\/v2\/users\/3"}],"replies":[{"embeddable":true,"href":"https:\/\/veteran.az\/index.php?rest_route=%2Fwp%2Fv2%2Fcomments&post=21516"}],"version-history":[{"count":1,"href":"https:\/\/veteran.az\/index.php?rest_route=\/wp\/v2\/posts\/21516\/revisions"}],"predecessor-version":[{"id":21518,"href":"https:\/\/veteran.az\/index.php?rest_route=\/wp\/v2\/posts\/21516\/revisions\/21518"}],"wp:featuredmedia":[{"embeddable":true,"href":"https:\/\/veteran.az\/index.php?rest_route=\/wp\/v2\/media\/21517"}],"wp:attachment":[{"href":"https:\/\/veteran.az\/index.php?rest_route=%2Fwp%2Fv2%2Fmedia&parent=21516"}],"wp:term":[{"taxonomy":"category","embeddable":true,"href":"https:\/\/veteran.az\/index.php?rest_route=%2Fwp%2Fv2%2Fcategories&post=21516"},{"taxonomy":"post_tag","embeddable":true,"href":"https:\/\/veteran.az\/index.php?rest_route=%2Fwp%2Fv2%2Ftags&post=21516"}],"curies":[{"name":"wp","href":"https:\/\/api.w.org\/{rel}","templated":true}]}}