{"id":21467,"date":"2023-08-09T23:39:36","date_gmt":"2023-08-09T19:39:36","guid":{"rendered":"https:\/\/veteran.az\/?p=21467"},"modified":"2023-08-09T23:51:50","modified_gmt":"2023-08-09T19:51:50","slug":"muharib%c9%99-veteranlari-il%c9%99-bagl-nazirl%c9%99r-kabinetin%c9%99-t%c9%99klifl%c9%99r-olundu","status":"publish","type":"post","link":"https:\/\/veteran.az\/?p=21467","title":{"rendered":"M\u00fcharib\u0259 veteranlar\u0131 il\u0259 ba\u011fl Nazirl\u0259r Kabinetin\u0259 t\u0259klifl\u0259r olundu"},"content":{"rendered":"\n<p>Az\u0259rbaycan Respublikas\u0131 Ba\u015f nazirinin m\u00fcavini \u018fli \u018fhm\u0259dov v\u0259 Ba\u015f nazirin dig\u0259r m\u00fcavini \u015eahin Mustafayevl\u0259 ke\u00e7iril\u0259n g\u00f6r\u00fc\u015fl\u0259r zaman\u0131 Az\u0259rbaycan V\u0259t\u0259n M\u00fcharib\u0259si Veteranlar\u0131 \u0130ctimai Birliyinin (AVMV\u0130B) Az\u0259rbaycan Respublikas\u0131n\u0131n Nazirl\u0259r Kabinetin\u0259 t\u0259klifl\u0259r paketi t\u0259qdim etmi\u015fdir. T\u0259klifl\u0259r paketind\u0259 yuxar\u0131da qeyd olunanlardan ir\u0259li g\u0259l\u0259n dig\u0259r m\u0259s\u0259l\u0259l\u0259r d\u0259 \u00f6z \u0259ksini tapm\u0131\u015fd\u0131r.<\/p>\n\n\n\n<p><strong>Qeyd olunan t\u0259klifl\u0259r aras\u0131nda Az\u0259rbaycanda \u0259n b\u00f6y\u00fck m\u00fcharib\u0259 veteran\u0131 t\u0259\u015fkilat\u0131 hesab olunan Az\u0259rbaycan V\u0259t\u0259n M\u00fcharib\u0259si Veteranlar\u0131 \u0130ctimai Birliyinin (AVMV\u0130B) d\u00f6vl\u0259t b\u00fcdc\u0259sind\u0259n maliyy\u0259l\u0259\u015f\u0259n t\u0259\u015fkilatlar s\u0131ras\u0131na daxil edilm\u0259si il\u0259 ba\u011fl\u0131 olmu\u015fdur.&nbsp;<\/strong>\u00c7\u00fcnki AVMV\u0130B 30 il\u0259 yax\u0131nd\u0131r ki, t\u0259m\u0259nnas\u0131z, ictimai \u0259saslarla f\u0259aliyy\u0259t g\u00f6st\u0259rmi\u015f, 90 min m\u00fcharib\u0259 veteranlar\u0131ni \u00f6z \u0259traf\u0131nda birl\u0259\u015fdir\u0259r\u0259k onlar\u0131n kiml\u0259rins\u0259 \u015f\u0259xsi maraqlar\u0131na al\u0259t olmamas\u0131, h\u00fcquqlar\u0131 il\u0259 ba\u011fl\u0131 maarifl\u0259nm\u0259si, h\u0259rbi-v\u0259t\u0259np\u0259rv\u0259rlik ruhunun y\u00fcks\u0259lidilm\u0259si istiqam\u0259tl\u0259rind\u0259 bir \u00e7ox \u0259h\u0259miyy\u0259tli t\u0259dbirl\u0259rin t\u0259\u015fkilat\u00e7\u0131s\u0131 olmu\u015fdur v\u0259 t\u0259dbirl\u0259r plan\u0131 h\u0259yata ke\u00e7irilmi\u015fdir.<\/p>\n\n\n\n<p>AVMV\u0130B h\u0259r zaman \u00f6z f\u0259aliyy\u0259tind\u0259 d\u00f6vl\u0259timizin maraqlar\u0131n\u0131 r\u0259hb\u0259r tutan, t\u0259k amal\u0131 Qaraba\u011f\u0131n azad edilm\u0259si, Az\u0259rbaycan Respublikas\u0131n\u0131n Ali Ba\u015f Komandan\u0131 \u0130lham \u018fliyevin \u0259mrin\u0259 m\u00fcnt\u0259zir olan b\u00f6y\u00fck bir veteran ordusu t\u0259\u015fkilat\u0131 olaraq son ill\u0259r imkanlar\u0131n z\u0259if oldu\u011fundan \u00abVeteranlar haqq\u0131nda Az\u0259rbaycan Respubilkas\u0131n\u0131n m\u00fcvafiq Qanununa uy\u011fun olaraq bu g\u00fcn AVMV\u0130B-\u0259 m\u00fc\u0259yy\u0259n b\u00fcdc\u0259 ayr\u0131lsa, daha b\u00f6y\u00fck i\u015fl\u0259r g\u00f6r\u0259 bil\u0259c\u0259yi vur\u011fulanm\u0131\u015fd\u0131r.<\/p>\n\n\n\n<p><strong>AVMV\u0130B M\u0259tbuat xidm\u0259ti<\/strong><\/p>\n","protected":false},"excerpt":{"rendered":"<p>Az\u0259rbaycan Respublikas\u0131 Ba\u015f nazirinin m\u00fcavini \u018fli \u018fhm\u0259dov v\u0259 Ba\u015f nazirin dig\u0259r m\u00fcavini \u015eahin Mustafayevl\u0259 ke\u00e7iril\u0259n&#8230;<\/p>\n","protected":false},"author":3,"featured_media":21468,"comment_status":"closed","ping_status":"closed","sticky":false,"template":"","format":"standard","meta":{"footnotes":""},"categories":[12],"tags":[],"class_list":["post-21467","post","type-post","status-publish","format-standard","has-post-thumbnail","hentry","category-veteran"],"featured_image_urls":{"full":["https:\/\/veteran.az\/wp-content\/uploads\/2023\/08\/7142e271-07c0-4b59-a1c7-392a2340b5fb-1-360x400-1.webp",360,400,false],"thumbnail":["https:\/\/veteran.az\/wp-content\/uploads\/2023\/08\/7142e271-07c0-4b59-a1c7-392a2340b5fb-1-360x400-1-150x150.webp",150,150,true],"medium":["https:\/\/veteran.az\/wp-content\/uploads\/2023\/08\/7142e271-07c0-4b59-a1c7-392a2340b5fb-1-360x400-1-270x300.webp",270,300,true],"medium_large":["https:\/\/veteran.az\/wp-content\/uploads\/2023\/08\/7142e271-07c0-4b59-a1c7-392a2340b5fb-1-360x400-1.webp",360,400,false],"large":["https:\/\/veteran.az\/wp-content\/uploads\/2023\/08\/7142e271-07c0-4b59-a1c7-392a2340b5fb-1-360x400-1-270x300.webp",270,300,true],"1536x1536":["https:\/\/veteran.az\/wp-content\/uploads\/2023\/08\/7142e271-07c0-4b59-a1c7-392a2340b5fb-1-360x400-1.webp",360,400,false],"2048x2048":["https:\/\/veteran.az\/wp-content\/uploads\/2023\/08\/7142e271-07c0-4b59-a1c7-392a2340b5fb-1-360x400-1.webp",360,400,false],"covernews-slider-full":["https:\/\/veteran.az\/wp-content\/uploads\/2023\/08\/7142e271-07c0-4b59-a1c7-392a2340b5fb-1-360x400-1.webp",360,400,false],"covernews-slider-center":["https:\/\/veteran.az\/wp-content\/uploads\/2023\/08\/7142e271-07c0-4b59-a1c7-392a2340b5fb-1-360x400-1.webp",360,400,false],"covernews-featured":["https:\/\/veteran.az\/wp-content\/uploads\/2023\/08\/7142e271-07c0-4b59-a1c7-392a2340b5fb-1-360x400-1.webp",360,400,false],"covernews-medium":["https:\/\/veteran.az\/wp-content\/uploads\/2023\/08\/7142e271-07c0-4b59-a1c7-392a2340b5fb-1-360x400-1-360x340.webp",360,340,true],"covernews-medium-square":["https:\/\/veteran.az\/wp-content\/uploads\/2023\/08\/7142e271-07c0-4b59-a1c7-392a2340b5fb-1-360x400-1-360x250.webp",360,250,true]},"author_info":{"display_name":"Veteran.az","author_link":"https:\/\/veteran.az\/?author=3"},"category_info":"<a href=\"https:\/\/veteran.az\/?cat=12\" rel=\"category\">Veteran d\u00fcnyas\u0131<\/a>","tag_info":"Veteran d\u00fcnyas\u0131","comment_count":"0","_links":{"self":[{"href":"https:\/\/veteran.az\/index.php?rest_route=\/wp\/v2\/posts\/21467","targetHints":{"allow":["GET"]}}],"collection":[{"href":"https:\/\/veteran.az\/index.php?rest_route=\/wp\/v2\/posts"}],"about":[{"href":"https:\/\/veteran.az\/index.php?rest_route=\/wp\/v2\/types\/post"}],"author":[{"embeddable":true,"href":"https:\/\/veteran.az\/index.php?rest_route=\/wp\/v2\/users\/3"}],"replies":[{"embeddable":true,"href":"https:\/\/veteran.az\/index.php?rest_route=%2Fwp%2Fv2%2Fcomments&post=21467"}],"version-history":[{"count":2,"href":"https:\/\/veteran.az\/index.php?rest_route=\/wp\/v2\/posts\/21467\/revisions"}],"predecessor-version":[{"id":21470,"href":"https:\/\/veteran.az\/index.php?rest_route=\/wp\/v2\/posts\/21467\/revisions\/21470"}],"wp:featuredmedia":[{"embeddable":true,"href":"https:\/\/veteran.az\/index.php?rest_route=\/wp\/v2\/media\/21468"}],"wp:attachment":[{"href":"https:\/\/veteran.az\/index.php?rest_route=%2Fwp%2Fv2%2Fmedia&parent=21467"}],"wp:term":[{"taxonomy":"category","embeddable":true,"href":"https:\/\/veteran.az\/index.php?rest_route=%2Fwp%2Fv2%2Fcategories&post=21467"},{"taxonomy":"post_tag","embeddable":true,"href":"https:\/\/veteran.az\/index.php?rest_route=%2Fwp%2Fv2%2Ftags&post=21467"}],"curies":[{"name":"wp","href":"https:\/\/api.w.org\/{rel}","templated":true}]}}