{"id":21453,"date":"2023-08-01T23:13:23","date_gmt":"2023-08-01T19:13:23","guid":{"rendered":"https:\/\/veteran.az\/?p=21453"},"modified":"2024-01-27T03:20:42","modified_gmt":"2024-01-26T23:20:42","slug":"1-avqust-az%c9%99rbaycan-%c9%99lifbasi-v%c9%99-az%c9%99rbaycan-dili-gunudur","status":"publish","type":"post","link":"https:\/\/veteran.az\/?p=21453","title":{"rendered":"1 avqust &#8212; Az\u0259rbaycan \u0259lifbas\u0131 v\u0259 Az\u0259rbaycan dili g\u00fcn\u00fcd\u00fcr"},"content":{"rendered":"\n<div class=\"wp-block-media-text alignwide is-stacked-on-mobile\" style=\"grid-template-columns:15% auto\"><figure class=\"wp-block-media-text__media\"><img decoding=\"async\" src=\"https:\/\/veteran.az\/wp-content\/uploads\/2023\/05\/WhatsApp-Image-2023-05-28-at-12.56.24-213x300.jpeg\" alt=\"\" class=\"wp-image-21159 size-full\"\/><\/figure><div class=\"wp-block-media-text__content\">\n<p><strong><em>Az\u0259rbaycan Respubilkas\u0131n\u0131n Silahl\u0131 Q\u00fcvv\u0259l\u0259ri v\u0259 m\u00fcharib\u0259 veteran\u0131 polkovnik Salman Musayev<\/em><\/strong><\/p>\n<\/div><\/div>\n\n\n\n<p><\/p>\n\n\n\n<p>\u00dcmummilli Lider Heyd\u0259r \u018fliyevin 2001-ci ild\u0259 imzalad\u0131\u011f\u0131 f\u0259rmana \u0259sas\u0259n, avqustun 1-i respublikam\u0131zda Az\u0259rbaycan \u018flifbas\u0131 v\u0259 Az\u0259rbaycan Dili G\u00fcn\u00fc kimi qeyd edilir.<\/p>\n\n\n\n<p>Ana dilimizi m\u00fcst\u0259qil Az\u0259rbaycan\u0131n, Az\u0259rbaycan xalq\u0131n\u0131n \u0259n b\u00f6y\u00fck milli s\u0259rv\u0259tin\u0259 \u00e7evir\u0259n \u00dcmummilli lider Heyd\u0259r \u018fliyevin \u0259n g\u00fccl\u00fc silahlar\u0131ndan biri s\u00f6z idi. Az\u0259rbaycan dilinin d\u00f6vl\u0259t dili kimi inki\u015faf\u0131 onun ad\u0131 il\u0259 ba\u011fl\u0131d\u0131r.&nbsp;<br>B\u0259li, h\u0259qiq\u0259t\u0259n onun natiqlik m\u0259har\u0259ti inc\u0259likl\u0259rin\u0259 q\u0259d\u0259r cilalanm\u0131\u015fd\u0131. \u201cH\u0259r bir xalq\u0131n milliliyini, m\u0259n\u0259vi d\u0259y\u0259rl\u0259rini ya\u015fadan, inki\u015faf etdir\u0259n onun dilidir. Bizim \u0259n b\u00f6y\u00fck s\u0259rv\u0259timiz ondan ibar\u0259tdir ki, dilimiz ya\u015fay\u0131b v\u0259 z\u0259nginl\u0259\u015fibdir. Az\u0259rbaycan \u0259d\u0259bi dilinin safl\u0131\u011f\u0131na daim qay\u011f\u0131 g\u00f6st\u0259rilm\u0259lidir. \u00c7\u00fcnki dil xalq\u0131n s\u0259rv\u0259tidir. \u018fd\u0259bi dilin t\u0259r\u0259qqisi olmadan m\u0259n\u0259vi m\u0259d\u0259niyy\u0259tin t\u0259r\u0259qqisi m\u00fcmk\u00fcn deyildir\u201d &#8212; Ulu \u00d6nd\u0259r Heyd\u0259r \u018fliyev.<br>Heyd\u0259r \u018fliyev Az\u0259rbaycan publisistikas\u0131n\u0131n \u0259sas v\u0259zif\u0259l\u0259rind\u0259n b\u0259hs ed\u0259rk\u0259n g\u0259ncl\u0259rd\u0259 v\u0259t\u0259np\u0259rv\u0259rlik ruhunun t\u0259rbiy\u0259sini, milli ad\u0259t v\u0259 \u0259n\u0259n\u0259l\u0259r\u0259 riay\u0259t etm\u0259yi, v\u0259t\u0259n\u0259 s\u0259daq\u0259tl\u0259 xidm\u0259t g\u00f6st\u0259rm\u0259yi, ana dilinin safl\u0131\u011f\u0131n\u0131 qoruyub saxlama\u011f\u0131 v\u0259 m\u00fck\u0259mm\u0259l bilm\u0259yi d\u0259 \u00f6n plana \u00e7\u0259kirdi. \u00dcmummilli liderin &#171;Dil b\u00f6y\u00fck bir al\u0259mdir&#187; k\u0259lam\u0131 da bu dahi insan\u0131n s\u00f6z\u0259, onun q\u00fcdr\u0259tin\u0259 verdiyi qiym\u0259tin daha bir n\u00fcmun\u0259si, t\u0259sdiqidir.<br>M\u00fcbali\u011f\u0259siz, tam q\u0259tiyy\u0259tl\u0259 dey\u0259 bil\u0259rik ki, Ulu \u00f6nd\u0259r Az\u0259rbaycan xalq\u0131n\u0131n milli varl\u0131\u011f\u0131n\u0131n \u0259sas r\u0259mzi olan ana dilimizin z\u0259nginl\u0259\u015fdirilm\u0259si istiqam\u0259tind\u0259 \u00e7ox m\u00fch\u00fcm add\u0131mlar at\u0131b.&nbsp;<\/p>\n\n\n\n<p>B\u00fct\u00fcn mane\u0259l\u0259r\u0259 v\u0259 \u00e7\u0259tinlikl\u0259r\u0259 baxmayaraq ana dilimizi qorumaq \u00fc\u00e7\u00fcn b\u00f6y\u00fck add\u0131mlar atan \u00dcmummilli Liderin siyasi x\u0259ttini inamla, layiqinc\u0259 davam etdir\u0259n Prezident \u0130lham \u018fliyev d\u0259 do\u011fma dilimizin inki\u015faf\u0131na b\u00f6y\u00fck h\u0259ssasl\u0131qla yana\u015f\u0131r. D\u00f6vl\u0259timizin ba\u015f\u00e7\u0131s\u0131n\u0131n 2004-c\u00fc il yanvar\u0131n 12-d\u0259 imzalad\u0131\u011f\u0131 \u201cAz\u0259rbaycan dilind\u0259 lat\u0131n qrafikas\u0131 il\u0259 k\u00fctl\u0259vi n\u0259\u015frl\u0259rin h\u0259yata ke\u00e7irilm\u0259si haqq\u0131nda\u201d S\u0259r\u0259ncam\u0131 il\u0259 davaml\u0131 \u015f\u0259kild\u0259 lat\u0131n qrafikal\u0131 Az\u0259rbaycan \u0259lifbas\u0131 il\u0259 \u00e7ap olunacaq \u0259s\u0259rl\u0259rin siyah\u0131s\u0131 haz\u0131rlan\u0131r. Q\u0259tiyy\u0259tl\u0259 dey\u0259 bil\u0259rik ki, bu g\u00fcn ana dilimizin inki\u015faf\u0131n\u0131n \u0259sas qarant\u0131 m\u0259hz \u00f6lk\u0259 Prezidenti v\u0259 onunla \u00e7iyin-\u00e7iyin\u0259 m\u00f6ht\u0259\u015f\u0259m layih\u0259l\u0259r\u0259 imza atan Birinci vitse-prezident Mehriban \u018fliyevad\u0131r.<\/p>\n\n\n\n<p>Az\u0259rbaycan dili d\u0259rin fikirl\u0259ri \u0259n inc\u0259 \u00e7alarlar\u0131nad\u0259k olduqca ayd\u0131n \u015f\u0259kild\u0259 ifad\u0259 etm\u0259k q\u00fcdr\u0259tin\u0259 malik dill\u0259rd\u0259ndir. Xalq\u0131n, mill\u0259tin, insan\u0131n \u00f6z ana dilind\u0259n \u0259ziz he\u00e7 n\u0259yi ola bilm\u0259z. Ana dilimizi sev\u0259k, \u00f6yr\u0259n\u0259k v\u0259 g\u0259l\u0259c\u0259k n\u0259sill\u0259r\u0259 l\u0259yaq\u0259tl\u0259 \u00e7atd\u0131raq.<br>Heyd\u0259r \u018fliyevin dediyi kimi, &#171;Az\u0259rbaycan\u0131n d\u00f6vl\u0259t m\u00fcst\u0259qilliyi Az\u0259rbaycan dilini \u0259b\u0259di etmisdir. H\u0259r bir xalq\u0131n milliliyini, m\u0259n\u0259vi d\u0259y\u0259rl\u0259rini ya\u015fadan, inki\u015faf etdir\u0259n onun dilidir. M\u0259n ke\u00e7mi\u015fd\u0259 d\u0259 demi\u015f\u0259m v\u0259 bu g\u00fcn d\u0259 deyir\u0259m, \u015f\u0259xs\u0259n arzum ondan ibar\u0259tdir ki, h\u0259r bir az\u0259rbaycanl\u0131 \u00e7ox dil bilsin. Ancaq birinci n\u00f6vb\u0259d\u0259 \u00f6z ana dilini &#8212; d\u00f6vl\u0259t dilini yax\u015f\u0131 bilsin. Bizim \u00e7ox g\u00f6z\u0259l, z\u0259ngin, cazib\u0259dar dilimiz var. \u0130nki\u015faf etmi\u015f z\u0259ngin dil m\u0259d\u0259niyy\u0259tin\u0259 sahib olan xalq \u0259yilm\u0259zdir, \u00f6lm\u0259zdir, b\u00f6y\u00fck g\u0259l\u0259c\u0259y\u0259 malikdir. Ona g\u00f6r\u0259 d\u0259 xalq\u0131m\u0131za ulu babalardan miras qalan bu \u0259n qiym\u0259tli milli s\u0259rv\u0259ti h\u0259r bir Az\u0259rbaycan \u00f6vlad\u0131 g\u00f6z b\u0259b\u0259yi kimi qorumal\u0131, daim qay\u011f\u0131 il\u0259 \u0259hat\u0259 etm\u0259lidir&#187;. Tarixi ke\u00e7mi\u015fimizi \u00f6z\u00fcnd\u0259 ya\u015fadan q\u0259dim v\u0259 z\u0259ngin m\u0259d\u0259niyy\u0259t\u0259 sahib ana dilimizi qoruyaq, ya\u015fadaq v\u0259 inki\u015faf etdir\u0259k! Az\u0259rbaycan dili m\u00fcst\u0259qil Az\u0259rbaycanda, el\u0259c\u0259 d\u0259 d\u00fcnyada ya\u015fayan b\u00fct\u00fcn az\u0259rbaycanl\u0131lar\u0131n dili olsun.<\/p>\n","protected":false},"excerpt":{"rendered":"<p>Az\u0259rbaycan Respubilkas\u0131n\u0131n Silahl\u0131 Q\u00fcvv\u0259l\u0259ri v\u0259 m\u00fcharib\u0259 veteran\u0131 polkovnik Salman Musayev \u00dcmummilli Lider Heyd\u0259r \u018fliyevin 2001-ci&#8230;<\/p>\n","protected":false},"author":3,"featured_media":0,"comment_status":"closed","ping_status":"closed","sticky":false,"template":"","format":"standard","meta":{"footnotes":""},"categories":[6],"tags":[],"class_list":["post-21453","post","type-post","status-publish","format-standard","hentry","category-cmiyyt"],"featured_image_urls":{"full":"","thumbnail":"","medium":"","medium_large":"","large":"","1536x1536":"","2048x2048":"","covernews-slider-full":"","covernews-slider-center":"","covernews-featured":"","covernews-medium":"","covernews-medium-square":""},"author_info":{"display_name":"Veteran.az","author_link":"https:\/\/veteran.az\/?author=3"},"category_info":"<a href=\"https:\/\/veteran.az\/?cat=6\" rel=\"category\">C\u0259miyy\u0259t<\/a>","tag_info":"C\u0259miyy\u0259t","comment_count":"0","_links":{"self":[{"href":"https:\/\/veteran.az\/index.php?rest_route=\/wp\/v2\/posts\/21453","targetHints":{"allow":["GET"]}}],"collection":[{"href":"https:\/\/veteran.az\/index.php?rest_route=\/wp\/v2\/posts"}],"about":[{"href":"https:\/\/veteran.az\/index.php?rest_route=\/wp\/v2\/types\/post"}],"author":[{"embeddable":true,"href":"https:\/\/veteran.az\/index.php?rest_route=\/wp\/v2\/users\/3"}],"replies":[{"embeddable":true,"href":"https:\/\/veteran.az\/index.php?rest_route=%2Fwp%2Fv2%2Fcomments&post=21453"}],"version-history":[{"count":1,"href":"https:\/\/veteran.az\/index.php?rest_route=\/wp\/v2\/posts\/21453\/revisions"}],"predecessor-version":[{"id":21455,"href":"https:\/\/veteran.az\/index.php?rest_route=\/wp\/v2\/posts\/21453\/revisions\/21455"}],"wp:attachment":[{"href":"https:\/\/veteran.az\/index.php?rest_route=%2Fwp%2Fv2%2Fmedia&parent=21453"}],"wp:term":[{"taxonomy":"category","embeddable":true,"href":"https:\/\/veteran.az\/index.php?rest_route=%2Fwp%2Fv2%2Fcategories&post=21453"},{"taxonomy":"post_tag","embeddable":true,"href":"https:\/\/veteran.az\/index.php?rest_route=%2Fwp%2Fv2%2Ftags&post=21453"}],"curies":[{"name":"wp","href":"https:\/\/api.w.org\/{rel}","templated":true}]}}