{"id":21395,"date":"2024-07-22T09:14:00","date_gmt":"2024-07-22T05:14:00","guid":{"rendered":"https:\/\/veteran.az\/?p=21395"},"modified":"2024-07-21T19:45:31","modified_gmt":"2024-07-21T15:45:31","slug":"avmvib-s%c9%99drind%c9%99n-milli-m%c9%99tbuat-gunu-munasib%c9%99til%c9%99-t%c9%99brik","status":"publish","type":"post","link":"https:\/\/veteran.az\/?p=21395","title":{"rendered":"AVMV\u0130B s\u0259drind\u0259n Milli M\u0259tbuat G\u00fcn\u00fc m\u00fcnasib\u0259til\u0259 t\u0259brik"},"content":{"rendered":"\n<p>Az\u0259rbaycan V\u0259t\u0259n M\u00fcharib\u0259si Veteranlar\u0131 \u0130ctimai Birliyinin (AVMV\u0130B) s\u0259dri F\u00fczuli Rzaquliyev 22 iyul \u2014 Milli M\u0259tbuat G\u00fcn\u00fc m\u00fcnasib\u0259ti il\u0259 xalq\u0131m\u0131za, jurnalist v\u0259 m\u0259tbuat i\u015f\u00e7il\u0259rin\u0259 t\u0259brik \u00fcnvanlam\u0131\u015fd\u0131r. T\u0259brikd\u0259 deyilir:<\/p>\n\n\n\n<p>\u00ab1875-ci ilin 22 iyulunda g\u00f6rk\u0259mli maarif\u00e7i, publisist v\u0259 m\u00fct\u0259f\u0259kkir H\u0259s\u0259n b\u0259y Z\u0259rdabinin \u0259sas\u0131n\u0131 qoydu\u011fu \u201c\u018fkin\u00e7i\u201d q\u0259zeti il\u0259 xalq\u0131m\u0131z\u0131n milli oyan\u0131\u015f\u0131nda yeni bir s\u0259hif\u0259 a\u00e7\u0131l\u0131b. Bu \u0259lam\u0259tdar tarix v\u0259 Az\u0259rbaycan milli m\u0259tbuat\u0131n\u0131n z\u0259ngin inki\u015faf yolu ictimai fikir tariximizin m\u00fch\u00fcm yer tutur..<\/p>\n\n\n\n<p>Bu g\u00fcn Az\u0259rbaycan V\u0259t\u0259n M\u00fcharib\u0259si Veteranlar\u0131 \u0130ctimai Birliyinin s\u0131ralar\u0131nda \u00e7oxsayl\u0131 jurnalist v\u0259 yaz\u0131\u00e7\u0131lar da vard\u0131r. B\u00f6y\u00fck t\u0259\u0259ss\u00fcf hissi il\u0259 qeyd edir\u0259m ki, bu g\u00fcn Milli M\u0259tbuat G\u00fcn\u00fcm\u00fcz\u00fc Az\u0259rbaycan\u0131n ilk d\u00f6y\u00fc\u015f\u00e7\u00fc jurnalistini, Qaraba\u011f m\u00fcharib\u0259si veteran\u0131, AVMV\u0130B-in M\u0259tbuat xidm\u0259tinin r\u0259hb\u0259ri, m\u0259rhum Xaqani \u018fd\u0259bo\u011flu olmadan qeyd edirik. Amma o indi haqq d\u00fcnyas\u0131nda olsa da, onun m\u0259kt\u0259bini ke\u00e7mi\u015f yetirm\u0259l\u0259ri bu g\u00fcn onun bu m\u00fcq\u0259dd\u0259s i\u015fini u\u011furla davam etdirirl\u0259r.<\/p>\n\n\n\n<p>Bu \u0259lam\u0259tdar g\u00fcn m\u00fcnasib\u0259ti il\u0259 Az\u0259rbaycan V\u0259t\u0259n M\u00fcharib\u0259si Veteranlar\u0131 \u0130ctimai Birliyi (AVMV\u0130B) ad\u0131ndan Milli M\u0259tbuat G\u00fcn\u00fc m\u00fcnasib\u0259ti il\u0259 b\u00fct\u00fcn jurnalistl\u0259rimizi v\u0259 q\u0259l\u0259m \u0259hlini t\u0259brik edir\u0259m\u00bb.<\/p>\n\n\n\n<p><strong>AVMV\u0130B M\u0259tbuat xidm\u0259ti<\/strong><\/p>\n","protected":false},"excerpt":{"rendered":"<p>Az\u0259rbaycan V\u0259t\u0259n M\u00fcharib\u0259si Veteranlar\u0131 \u0130ctimai Birliyinin (AVMV\u0130B) s\u0259dri F\u00fczuli Rzaquliyev 22 iyul \u2014 Milli M\u0259tbuat&#8230;<\/p>\n","protected":false},"author":3,"featured_media":22039,"comment_status":"closed","ping_status":"closed","sticky":false,"template":"","format":"standard","meta":{"footnotes":""},"categories":[10],"tags":[],"class_list":["post-21395","post","type-post","status-publish","format-standard","has-post-thumbnail","hentry","category-avmvib"],"featured_image_urls":{"full":["https:\/\/veteran.az\/wp-content\/uploads\/2023\/12\/avmvib_sedri_-scaled.jpg",2560,1576,false],"thumbnail":["https:\/\/veteran.az\/wp-content\/uploads\/2023\/12\/avmvib_sedri_-300x185.jpg",150,93,true],"medium":["https:\/\/veteran.az\/wp-content\/uploads\/2023\/12\/avmvib_sedri_-700x431.jpg",300,185,true],"medium_large":["https:\/\/veteran.az\/wp-content\/uploads\/2023\/12\/avmvib_sedri_-768x473.jpg",640,394,true],"large":["https:\/\/veteran.az\/wp-content\/uploads\/2023\/12\/avmvib_sedri_-999x615.jpg",640,394,true],"1536x1536":["https:\/\/veteran.az\/wp-content\/uploads\/2023\/12\/avmvib_sedri_-1536x946.jpg",1536,946,true],"2048x2048":["https:\/\/veteran.az\/wp-content\/uploads\/2023\/12\/avmvib_sedri_-2048x1261.jpg",2048,1261,true],"covernews-slider-full":["https:\/\/veteran.az\/wp-content\/uploads\/2023\/12\/avmvib_sedri_-1115x715.jpg",1115,715,true],"covernews-slider-center":["https:\/\/veteran.az\/wp-content\/uploads\/2023\/12\/avmvib_sedri_-800x500.jpg",800,500,true],"covernews-featured":["https:\/\/veteran.az\/wp-content\/uploads\/2023\/12\/avmvib_sedri_-1024x630.jpg",1024,630,true],"covernews-medium":["https:\/\/veteran.az\/wp-content\/uploads\/2023\/12\/avmvib_sedri_-540x340.jpg",540,340,true],"covernews-medium-square":["https:\/\/veteran.az\/wp-content\/uploads\/2023\/12\/avmvib_sedri_-400x250.jpg",400,250,true]},"author_info":{"display_name":"Veteran.az","author_link":"https:\/\/veteran.az\/?author=3"},"category_info":"<a href=\"https:\/\/veteran.az\/?cat=10\" rel=\"category\">AVMV\u0130B<\/a>","tag_info":"AVMV\u0130B","comment_count":"0","_links":{"self":[{"href":"https:\/\/veteran.az\/index.php?rest_route=\/wp\/v2\/posts\/21395","targetHints":{"allow":["GET"]}}],"collection":[{"href":"https:\/\/veteran.az\/index.php?rest_route=\/wp\/v2\/posts"}],"about":[{"href":"https:\/\/veteran.az\/index.php?rest_route=\/wp\/v2\/types\/post"}],"author":[{"embeddable":true,"href":"https:\/\/veteran.az\/index.php?rest_route=\/wp\/v2\/users\/3"}],"replies":[{"embeddable":true,"href":"https:\/\/veteran.az\/index.php?rest_route=%2Fwp%2Fv2%2Fcomments&post=21395"}],"version-history":[{"count":5,"href":"https:\/\/veteran.az\/index.php?rest_route=\/wp\/v2\/posts\/21395\/revisions"}],"predecessor-version":[{"id":22874,"href":"https:\/\/veteran.az\/index.php?rest_route=\/wp\/v2\/posts\/21395\/revisions\/22874"}],"wp:featuredmedia":[{"embeddable":true,"href":"https:\/\/veteran.az\/index.php?rest_route=\/wp\/v2\/media\/22039"}],"wp:attachment":[{"href":"https:\/\/veteran.az\/index.php?rest_route=%2Fwp%2Fv2%2Fmedia&parent=21395"}],"wp:term":[{"taxonomy":"category","embeddable":true,"href":"https:\/\/veteran.az\/index.php?rest_route=%2Fwp%2Fv2%2Fcategories&post=21395"},{"taxonomy":"post_tag","embeddable":true,"href":"https:\/\/veteran.az\/index.php?rest_route=%2Fwp%2Fv2%2Ftags&post=21395"}],"curies":[{"name":"wp","href":"https:\/\/api.w.org\/{rel}","templated":true}]}}