{"id":21335,"date":"2023-07-07T17:52:00","date_gmt":"2023-07-07T13:52:00","guid":{"rendered":"http:\/\/veteran.az\/?p=21335"},"modified":"2023-07-07T09:53:50","modified_gmt":"2023-07-07T05:53:50","slug":"astanada-h%c9%99rbi-festivalin-acilis-m%c9%99rasimi-kecirildi","status":"publish","type":"post","link":"https:\/\/veteran.az\/?p=21335","title":{"rendered":"Astanada h\u0259rbi festival\u0131n a\u00e7\u0131l\u0131\u015f m\u0259rasimi ke\u00e7irildi"},"content":{"rendered":"\n<p>Qazax\u0131stan\u0131n Astana \u015f\u0259h\u0259rind\u0259 &#171;Astana &#8212; M\u0259d\u0259niyy\u0259t karvan\u0131&#187; adl\u0131 birinci beyn\u0259lxalq h\u0259rbi-musiqi festival\u0131n\u0131n t\u0259nt\u0259n\u0259li a\u00e7\u0131l\u0131\u015f m\u0259rasimi ke\u00e7irilib.<\/p>\n\n\n\n<p><strong>Veteran.az<\/strong>\u00a0x\u0259b\u0259r verir ki, bu bar\u0259d\u0259 M\u00fcdafi\u0259 Nazirliyind\u0259n m\u0259lumat verilib.<\/p>\n\n\n\n<p>T\u0259nt\u0259n\u0259li a\u00e7\u0131l\u0131\u015f m\u0259rasimind\u0259 i\u015ftirak\u00e7\u0131 \u00f6lk\u0259l\u0259rin solistl\u0259rininin t\u0259qdim etdiyi ifalar b\u00f6y\u00fck maraq v\u0259 alq\u0131\u015flarla qar\u015f\u0131lan\u0131b.<\/p>\n\n\n\n<p>Heyd\u0259r \u018fliyev ad\u0131na H\u0259rbi \u0130nstitutun H\u0259rbi Orkestrinin v\u0259 H\u0259zi Aslanov ad\u0131na Ordu \u0130deoloji v\u0259 M\u0259d\u0259niyy\u0259t M\u0259rk\u0259zinin yarad\u0131c\u0131 kollektivinin \u00f6lk\u0259mizi t\u0259msil etdiyi festivalda m\u00fcxt\u0259lif beyn\u0259lxalq, milli v\u0259 xalq folklorunu \u00f6z\u00fcnd\u0259 \u0259ks etdir\u0259n mahn\u0131lar, milli r\u0259qsl\u0259r v\u0259 ifalar n\u00fcmayi\u015f etdiril\u0259c\u0259k.<\/p>\n\n\n\n<p>Qeyd ed\u0259k ki, Astana \u015f\u0259h\u0259rinin 25 illiyin\u0259 h\u0259sr olunan festivalda Az\u0259rbaycan, Qazax\u0131stan, \u00c7in, Hindistan, \u00d6zb\u0259kistan, Rusiya, T\u00fcrkiy\u0259 v\u0259 Yaponiya silahl\u0131 q\u00fcvv\u0259l\u0259rinin yarad\u0131c\u0131 hey\u0259ti i\u015ftirak\u00e7\u0131 qismind\u0259, Pakistan n\u00fcmay\u0259nd\u0259 hey\u0259ti is\u0259 m\u00fc\u015fahid\u0259\u00e7i qismind\u0259 i\u015ftirak edir.<\/p>\n","protected":false},"excerpt":{"rendered":"<p>Qazax\u0131stan\u0131n Astana \u015f\u0259h\u0259rind\u0259 &#171;Astana &#8212; M\u0259d\u0259niyy\u0259t karvan\u0131&#187; adl\u0131 birinci beyn\u0259lxalq h\u0259rbi-musiqi festival\u0131n\u0131n t\u0259nt\u0259n\u0259li a\u00e7\u0131l\u0131\u015f m\u0259rasimi&#8230;<\/p>\n","protected":false},"author":3,"featured_media":0,"comment_status":"closed","ping_status":"closed","sticky":false,"template":"","format":"standard","meta":{"footnotes":""},"categories":[7],"tags":[],"class_list":["post-21335","post","type-post","status-publish","format-standard","hentry","category-dunya"],"featured_image_urls":{"full":"","thumbnail":"","medium":"","medium_large":"","large":"","1536x1536":"","2048x2048":"","covernews-slider-full":"","covernews-slider-center":"","covernews-featured":"","covernews-medium":"","covernews-medium-square":""},"author_info":{"display_name":"Veteran.az","author_link":"https:\/\/veteran.az\/?author=3"},"category_info":"<a href=\"https:\/\/veteran.az\/?cat=7\" rel=\"category\">D\u00fcnya<\/a>","tag_info":"D\u00fcnya","comment_count":"0","_links":{"self":[{"href":"https:\/\/veteran.az\/index.php?rest_route=\/wp\/v2\/posts\/21335","targetHints":{"allow":["GET"]}}],"collection":[{"href":"https:\/\/veteran.az\/index.php?rest_route=\/wp\/v2\/posts"}],"about":[{"href":"https:\/\/veteran.az\/index.php?rest_route=\/wp\/v2\/types\/post"}],"author":[{"embeddable":true,"href":"https:\/\/veteran.az\/index.php?rest_route=\/wp\/v2\/users\/3"}],"replies":[{"embeddable":true,"href":"https:\/\/veteran.az\/index.php?rest_route=%2Fwp%2Fv2%2Fcomments&post=21335"}],"version-history":[{"count":1,"href":"https:\/\/veteran.az\/index.php?rest_route=\/wp\/v2\/posts\/21335\/revisions"}],"predecessor-version":[{"id":21337,"href":"https:\/\/veteran.az\/index.php?rest_route=\/wp\/v2\/posts\/21335\/revisions\/21337"}],"wp:attachment":[{"href":"https:\/\/veteran.az\/index.php?rest_route=%2Fwp%2Fv2%2Fmedia&parent=21335"}],"wp:term":[{"taxonomy":"category","embeddable":true,"href":"https:\/\/veteran.az\/index.php?rest_route=%2Fwp%2Fv2%2Fcategories&post=21335"},{"taxonomy":"post_tag","embeddable":true,"href":"https:\/\/veteran.az\/index.php?rest_route=%2Fwp%2Fv2%2Ftags&post=21335"}],"curies":[{"name":"wp","href":"https:\/\/api.w.org\/{rel}","templated":true}]}}