{"id":21317,"date":"2023-07-02T14:40:34","date_gmt":"2023-07-02T10:40:34","guid":{"rendered":"http:\/\/veteran.az\/?p=21317"},"modified":"2023-07-02T14:40:39","modified_gmt":"2023-07-02T10:40:39","slug":"polisin-xidm%c9%99ti-v%c9%99t%c9%99n%c9%99-s%c9%99daq%c9%99t-numun%c9%99sidir","status":"publish","type":"post","link":"https:\/\/veteran.az\/?p=21317","title":{"rendered":"Polisin xidm\u0259ti V\u0259t\u0259n\u0259 s\u0259daq\u0259t n\u00fcmun\u0259sidir"},"content":{"rendered":"\n<div class=\"wp-block-media-text alignwide is-stacked-on-mobile\" style=\"grid-template-columns:19% auto\"><figure class=\"wp-block-media-text__media\"><img decoding=\"async\" src=\"http:\/\/veteran.az\/wp-content\/uploads\/2023\/05\/WhatsApp-Image-2023-05-28-at-12.56.24-213x300.jpeg\" alt=\"\" class=\"wp-image-21159 size-full\"\/><\/figure><div class=\"wp-block-media-text__content\">\n<blockquote class=\"wp-block-quote is-layout-flow wp-block-quote-is-layout-flow\"><p>Az\u0259rbaycan V\u0259t\u0259n M\u00fcharib\u0259si Veteranlar\u0131 \u0130ctimai Birliyi s\u0259drinin h\u00fcquqi m\u0259s\u0259l\u0259l\u0259r \u00fczr\u0259 m\u00fcavini polkovnik Salman Musayev<\/p><\/blockquote>\n<\/div><\/div>\n\n\n\n<p>\u0130yulun 2-d\u0259 Az\u0259rbaycan Polisi yaranmas\u0131n\u0131n 105-ci ild\u00f6n\u00fcm\u00fcn\u00fc qeyd edir. Xalq\u0131m\u0131z\u0131n \u00fcmummilli lideri Heyd\u0259r \u018fliyevin 1998-ci ild\u0259 imzalad\u0131\u011f\u0131 F\u0259rmanla iyulun 2-si Az\u0259rbaycan Polisi G\u00fcn\u00fc elan olunub.<br><br>Daxili \u0130\u015fl\u0259r Nazirliyi (D\u0130N) v\u0259 onun t\u0259\u015fkilati strukturu olan polis orqanlar\u0131 1918-1920-ci ill\u0259ri \u0259hat\u0259 ed\u0259n f\u0259aliyy\u0259ti d\u00f6vr\u00fcnd\u0259 ilk m\u00fcst\u0259qil d\u00f6vl\u0259timizin milli maraqlar\u0131n\u0131n m\u00fcdafi\u0259sind\u0259 b\u00f6y\u00fck v\u0259t\u0259np\u0259rv\u0259rlikl\u0259 \u0259h\u0259miyy\u0259tli rol oynay\u0131b. C\u00fcmhuriyy\u0259tin s\u00fcqutundan sonra Az\u0259rbaycan\u0131n Sovet \u0130ttifaq\u0131n\u0131n t\u0259rkibind\u0259 oldu\u011fu 70 il \u0259rzind\u0259 daxili i\u015fl\u0259r orqanlar\u0131 u\u011furla inki\u015faf edib, ictimai asayi\u015fin qorunmas\u0131nda y\u00fcks\u0259k n\u0259tic\u0259l\u0259r v\u0259 z\u0259ngin t\u0259cr\u00fcb\u0259 qazan\u0131b. X\u00fcsusil\u0259, ulu \u00f6nd\u0259r Heyd\u0259r \u018fliyevin r\u0259hb\u0259rliyi il\u0259 respublikam\u0131z\u0131n iqtisadi, sosial v\u0259 dig\u0259r sah\u0259l\u0259rd\u0259 b\u00f6y\u00fck u\u011furlar qazand\u0131\u011f\u0131 1970-1980-ci ill\u0259r nazirliyin tarixin\u0259 \u0259n m\u00fch\u00fcm m\u0259rh\u0259l\u0259 kimi h\u0259kk olub.<br>\u00dcmummilli lider Heyd\u0259r \u018fliyev Az\u0259rbaycana r\u0259hb\u0259rliyinin birinci d\u00f6vr\u00fcnd\u0259 b\u00f6y\u00fck uzaqg\u00f6r\u0259nlikl\u0259 daxili i\u015fl\u0259r orqanlar\u0131n\u0131n t\u0259\u015fkilati v\u0259 ideoloji c\u0259h\u0259td\u0259n m\u00f6hk\u0259ml\u0259nm\u0259si, s\u0131ralar\u0131n\u0131n safla\u015fd\u0131r\u0131lmas\u0131, pe\u015f\u0259kar kadrlar\u0131n ir\u0259li \u00e7\u0259kilm\u0259si il\u0259 ba\u011fl\u0131 \u00f6n\u0259mli q\u0259rarlar q\u0259bul edib. \u015e\u0259xsi hey\u0259tin m\u0259hz milli ruhda formala\u015fmas\u0131n\u0131n n\u0259tic\u0259si idi ki, 1988-ci ild\u0259 Erm\u0259nistan\u0131n Az\u0259rbaycana qar\u015f\u0131 h\u0259rbi t\u0259cav\u00fcz\u00fcn\u00fc ilk olaraq r\u0259\u015fad\u0259tl\u0259 d\u0259f ed\u0259n nizami q\u00fcvv\u0259 milis, sonrak\u0131 ill\u0259rd\u0259 Daxili Qo\u015fun hiss\u0259l\u0259ri oldu. Bu d\u00f6y\u00fc\u015fl\u0259rd\u0259 1695 polis \u0259m\u0259kda\u015f\u0131 v\u0259 h\u0259rbi qulluq\u00e7u \u015f\u0259hidlik zirv\u0259sin\u0259 ucald\u0131, 1710 n\u0259f\u0259r is\u0259 yaraland\u0131. G\u00f6st\u0259rdikl\u0259ri \u015f\u00fcca\u0259t v\u0259 igidlikl\u0259r\u0259 g\u00f6r\u0259 67 n\u0259f\u0259r Az\u0259rbaycan\u0131n Milli Q\u0259hr\u0259man\u0131 ad\u0131na, 1143 n\u0259f\u0259r orden v\u0259 medallara layiq g\u00f6r\u00fcl\u00fcb.<br>Daxili i\u015fl\u0259r orqanlar\u0131n\u0131n f\u0259aliyy\u0259ti m\u00fcst\u0259qilliyimizin sonrak\u0131 ill\u0259rind\u0259 d\u0259 u\u011furlu olub. \u00d6lk\u0259mizd\u0259 cinay\u0259tkarl\u0131\u011fa qar\u015f\u0131 m\u00fcbariz\u0259d\u0259, ictimai qaydan\u0131n qorunmas\u0131 v\u0259 ictimai t\u0259hl\u00fck\u0259sizliyin t\u0259min edilm\u0259si v\u0259zif\u0259l\u0259rini yerin\u0259 yetir\u0259rk\u0259n 99 polis \u0259m\u0259kda\u015f\u0131 v\u0259 h\u0259rbi qulluq\u00e7u h\u0259lak olub, 2640 n\u0259f\u0259r x\u0259sar\u0259t al\u0131b.<br><br>2003-c\u00fc ilin oktyabr\u0131nda \u0130lham \u018fliyevin Az\u0259rbaycan Respublikas\u0131n\u0131n Prezidenti se\u00e7ilm\u0259si il\u0259 \u00f6lk\u0259miz inki\u015faf\u0131n\u0131n yeni m\u0259rh\u0259l\u0259sin\u0259 q\u0259d\u0259m qoydu, ictimai-siyasi sabitliyin, asayi\u015fin t\u0259min olunmas\u0131 g\u0259l\u0259c\u0259k u\u011furlara v\u0259 y\u00fcks\u0259li\u015f\u0259 do\u011fru inamla ir\u0259lil\u0259y\u0259n m\u00fcst\u0259qil d\u00f6vl\u0259timizin r\u0259mzin\u0259 \u00e7evrildi. D\u00f6vl\u0259timizin ba\u015f\u00e7\u0131s\u0131n\u0131n h\u0259yata ke\u00e7irdiyi h\u0259rt\u0259r\u0259fli islahatlar \u00e7\u0259r\u00e7iv\u0259sind\u0259 daxili i\u015fl\u0259r orqanlar\u0131n\u0131nda m\u00fcasirl\u0259\u015fm\u0259si \u00fc\u00e7\u00fcn b\u00fct\u00fcn laz\u0131mi t\u0259dbirl\u0259r g\u00f6r\u00fcl\u00fcb. \u00d6t\u0259n ill\u0259rd\u0259 xidm\u0259ti f\u0259aliyy\u0259tin c\u0259miyy\u0259tin maraqlar\u0131na tam cavab verm\u0259si, qabaqc\u0131l beyn\u0259lxalq t\u0259cr\u00fcb\u0259y\u0259 uy\u011fun qurulmas\u0131 m\u0259qs\u0259dil\u0259 m\u00fcxt\u0259lif f\u0259rman v\u0259 s\u0259r\u0259ncamlar imzalan\u0131b. O c\u00fcml\u0259d\u0259n nazirliyin strukturunun v\u0259 normativ-h\u00fcquqi bazas\u0131n\u0131n t\u0259kmill\u0259\u015fdirilm\u0259si, maddi-texniki t\u0259chizat\u0131n\u0131n yax\u015f\u0131la\u015fd\u0131r\u0131lmas\u0131, \u015f\u0259xsi hey\u0259tin sosial m\u00fcdafi\u0259sinin v\u0259 demokratik c\u0259miyy\u0259td\u0259 polisin rolu haqq\u0131nda m\u0259lumatland\u0131rma i\u015finin g\u00fccl\u0259ndirilm\u0259si \u00fczr\u0259 Az\u0259rbaycan Prezidentinin t\u0259\u015f\u0259bb\u00fcs\u00fc il\u0259 2004-c\u00fc ild\u0259 q\u0259bul edilmi\u015f D\u00f6vl\u0259t Proqram\u0131 \u0259sas\u0131nda m\u00fch\u00fcm \u0259h\u0259miyy\u0259t k\u0259sb ed\u0259n t\u0259dbirl\u0259r g\u00f6r\u00fcl\u00fcb.<br><br>Bu g\u00fcn m\u00fcasirl\u0259\u015fm\u0259 tendensiyas\u0131 D\u0130N-in b\u00fct\u00fcn orqan v\u0259 hiss\u0259l\u0259rini \u0259hat\u0259 edir. F\u0259aliyy\u0259tin beyn\u0259lxalq standartlara uy\u011funla\u015fd\u0131r\u0131lmas\u0131, maddi-texniki t\u0259minat\u0131n yax\u015f\u0131la\u015fd\u0131r\u0131lmas\u0131, o c\u00fcml\u0259d\u0259n \u0259n m\u00fcasir texnologiyalarla t\u0259chizat y\u00fcks\u0259k s\u0259viyy\u0259y\u0259 \u00e7atd\u0131r\u0131l\u0131b, onlarla elektron xidm\u0259t, veb-sayt, \u201cqaynar x\u0259tt\u201d v\u0259 dig\u0259r informasiya resurslar\u0131 yarad\u0131l\u0131b, polisin \u201cASAN xidm\u0259t\u201d m\u0259rk\u0259zl\u0259rind\u0259 f\u0259aliyy\u0259ti t\u0259\u015fkil olunub. V\u0259t\u0259nda\u015f m\u0259mnunlu\u011funu t\u0259min ed\u0259n bu v\u0259 dig\u0259r innovativ t\u0259\u015f\u0259bb\u00fcsl\u0259r orqan v\u0259 hiss\u0259l\u0259rd\u0259 qanun\u00e7ulu\u011fun qorunmas\u0131n\u0131n effektivliyini, xidm\u0259tin s\u0259m\u0259r\u0259sini v\u0259 operativliyi qat-qat art\u0131r\u0131b.<br><br>Az\u0259rbaycan Polisi g\u00fccl\u00fc maddi-texniki bazas\u0131, ictimai asayi\u015fin, qanun\u00e7ulu\u011fun v\u0259 h\u00fcquq qaydas\u0131n\u0131n qorunmas\u0131 \u00fczr\u0259 d\u0259qiq t\u0259\u015fkil edilmi\u015f sistemi v\u0259 pe\u015f\u0259kar kadr korpusu olan vahid m\u0259rk\u0259zl\u0259\u015fdirilmi\u015f h\u00fcquq-m\u00fchafiz\u0259 orqan\u0131d\u0131r. Prezident \u0130lham \u018fliyevin diqq\u0259t v\u0259 qay\u011f\u0131s\u0131 say\u0259sind\u0259 davam ed\u0259n bu inki\u015faf v\u0259 modernl\u0259\u015fm\u0259 v\u0259t\u0259nda\u015flar\u0131m\u0131z\u0131n qanunla qorunan h\u00fcquq v\u0259 m\u0259nafel\u0259rini etibarl\u0131 m\u00fcdafi\u0259 etm\u0259y\u0259, cinay\u0259tkarl\u0131\u011fa, onun transmilli m\u00fct\u0259\u015f\u0259kkil n\u00f6vl\u0259rin\u0259 qar\u015f\u0131 m\u00fcbariz\u0259d\u0259 adekvat cavab t\u0259dbirl\u0259ri g\u00f6rm\u0259y\u0259 tam imkan verir.<br>Bu g\u00fcn Prezident \u0130lham \u018fliyevin diqq\u0259t v\u0259 qay\u011f\u0131s\u0131 say\u0259sind\u0259 davaml\u0131 inki\u015fafda olan daxili i\u015fl\u0259r orqanlar\u0131 \u00f6lk\u0259d\u0259 cinay\u0259tkarl\u0131\u011fa, onun transmilli n\u00f6vl\u0259rin\u0259 qar\u015f\u0131 m\u00fcbariz\u0259d\u0259, asayi\u015fin v\u0259 t\u0259hl\u00fck\u0259sizliyin t\u0259min olunmas\u0131nda \u00f6n\u0259mli xidm\u0259tl\u0259ri il\u0259 se\u00e7ilir. Eyni zamanda, v\u0259t\u0259nda\u015flar\u0131n qanuni m\u0259nafel\u0259rinin, h\u00fcquq v\u0259 azadl\u0131qlar\u0131n\u0131n m\u00fcdafi\u0259si sah\u0259sind\u0259 \u00fcz\u0259rin\u0259 d\u00fc\u015f\u0259n funksiyalar\u0131 pe\u015f\u0259karl\u0131qla yerin\u0259 yetirir v\u0259 h\u0259r zaman v\u0259zif\u0259 borcuna sadiq qalaraq ona b\u0259sl\u0259n\u0259n inam v\u0259 etimad\u0131 do\u011fruldur.<br>X\u00fcsusi vur\u011fulamaq laz\u0131md\u0131r ki, \u00f6t\u0259n ilin \u0259vv\u0259lind\u0259n d\u00fcnyada geni\u015f yay\u0131lm\u0131\u015f koronavirus pandemiyas\u0131 il\u0259 m\u00fcbariz\u0259 d\u00f6n\u0259mind\u0259 d\u0259 Az\u0259rbaycan polisi \u00fcz\u0259rin\u0259 d\u00fc\u015f\u0259n \u00f6hd\u0259likl\u0259ri \u0259n y\u00fcks\u0259k s\u0259viyy\u0259d\u0259 yerin\u0259 yetirir. Bu m\u00fch\u00fcm m\u0259suliyy\u0259ti d\u0259rind\u0259n d\u0259rk ed\u0259n Az\u0259rbaycan polisi xidm\u0259ti v\u0259zif\u0259l\u0259rini \u0259n y\u00fcks\u0259k s\u0259viyy\u0259d\u0259 h\u0259yata ke\u00e7irir.<br>Do\u011fma torpaqlar\u0131m\u0131z\u0131n i\u015f\u011faldan azad edilm\u0259si u\u011frunda \u00e7\u0259tin d\u00f6y\u00fc\u015f tap\u015f\u0131r\u0131qlar\u0131n\u0131 u\u011furla yerin\u0259 yetir\u0259n Daxili Qo\u015funlar\u0131n x\u00fcsusi t\u0259yinatl\u0131lar\u0131 d\u00fc\u015fm\u0259n\u0259 sars\u0131d\u0131c\u0131 z\u0259rb\u0259l\u0259r vuraraq, y\u00fczl\u0259rl\u0259 canl\u0131 q\u00fcvv\u0259sini v\u0259 d\u00f6y\u00fc\u015f texnikas\u0131n\u0131 m\u0259hv ed\u0259r\u0259k q\u0259hr\u0259manl\u0131q salnam\u0259si yarad\u0131blar. Az\u0259rbaycan\u0131n tarixin\u0259 q\u0131z\u0131l h\u0259rfl\u0259rl\u0259 yaz\u0131lan 44 g\u00fcnl\u00fck V\u0259t\u0259n m\u00fcharib\u0259sind\u0259 Daxili Qo\u015funlar\u0131n \u015f\u0259xsi hey\u0259tind\u0259n 66 n\u0259f\u0259r \u015f\u0259hid olub, 346 h\u0259rbi qulluq\u00e7u is\u0259 yaralan\u0131b. Do\u011fma yurdumuzun i\u015f\u011faldan azad olunmas\u0131 u\u011frunda q\u0259hr\u0259mancas\u0131na d\u00f6y\u00fc\u015fm\u00fc\u015f Daxili Qo\u015funlar\u0131n \u0259m\u0259kda\u015flar\u0131ndan 1690 n\u0259f\u0259r Prezident, M\u00fcz\u0259ff\u0259r Ali Ba\u015f Komandan \u0130lham \u018fliyevin s\u0259r\u0259ncamlar\u0131 il\u0259 m\u00fcxt\u0259lif orden v\u0259 medallara, o c\u00fcml\u0259d\u0259n d\u00f6rd n\u0259f\u0259r V\u0259t\u0259n M\u00fcharib\u0259si Q\u0259hr\u0259man\u0131 ad\u0131na layiq g\u00f6r\u00fcl\u00fcb.<br><br>V\u0259t\u0259n m\u00fcharib\u0259sind\u0259n sonra i\u015f\u011faldan azad olunmu\u015f \u0259razil\u0259rd\u0259 d\u00f6vl\u0259timizin ba\u015f\u00e7\u0131s\u0131n\u0131n F\u0259rman\u0131 il\u0259 Az\u0259rbaycan Respublikas\u0131n\u0131n inzibati \u0259razi b\u00f6lg\u00fcs\u00fcn\u0259 m\u00fcvafiq olaraq yarad\u0131lan v\u0259 h\u0259r rayon \u00fczr\u0259 x\u00fcsusi idar\u0259etm\u0259ni h\u0259yata ke\u00e7ir\u0259n m\u00fcv\u0259qq\u0259ti komendantl\u0131qlar\u0131n f\u0259aliyy\u0259tinin t\u0259\u015fkilinin D\u0130N-\u0259 h\u0259val\u0259 edilm\u0259si Az\u0259rbaycan Polisin\u0259 g\u00f6st\u0259ril\u0259n y\u00fcks\u0259k etimad\u0131n daha bir g\u00f6st\u0259ricisi oldu. \u00d6lk\u0259mizin b\u00fct\u00fcn \u0259razil\u0259rind\u0259, o c\u00fcml\u0259d\u0259n i\u015f\u011faldan azad olunan \u015f\u0259h\u0259r v\u0259 rayonlar\u0131m\u0131zda bu m\u00fch\u00fcm m\u0259suliyy\u0259tin \u00f6hd\u0259sind\u0259n layiqinc\u0259 g\u0259l\u0259n daxili i\u015fl\u0259r orqanlar\u0131n\u0131n \u0259m\u0259kda\u015flar\u0131 g\u00f6st\u0259ril\u0259n etimad\u0131 do\u011frultmaq \u00fc\u00e7\u00fcn gec\u0259-g\u00fcnd\u00fcz u\u011furla xidm\u0259t apar\u0131rlar.<br>Daxili \u0130\u015fl\u0259r Nazirliyinin \u0259m\u0259kda\u015flar\u0131 c\u0259miyy\u0259tin v\u0259 d\u00f6vl\u0259tin m\u0259nafeyini, v\u0259t\u0259nda\u015flar\u0131n konstitusion h\u00fcquqlar\u0131n\u0131 cinay\u0259tkar q\u0259sdl\u0259rd\u0259n qoruma\u011fa, m\u00fch\u00fcm v\u0259 strateji \u0259h\u0259miyy\u0259tli d\u00f6vl\u0259t obyektl\u0259rinin m\u00fchafiz\u0259sini h\u0259yata ke\u00e7irm\u0259y\u0259, ictimai asayi\u015fin v\u0259 t\u0259hl\u00fck\u0259sizliyin t\u0259min olunmas\u0131n\u0131, habel\u0259 qanunvericilikl\u0259 m\u00fc\u0259yy\u0259nl\u0259\u015fdirilmi\u015f dig\u0259r v\u0259zif\u0259l\u0259ri bundan sonra da layiqinc\u0259 yerin\u0259 yetirm\u0259y\u0259 qadirdir v\u0259 haz\u0131rd\u0131r.<br><br>Az\u0259rbaycan polisinin yaranmas\u0131n\u0131n 105-ci ild\u00f6n\u00fcm\u00fc m\u00fcnasib\u0259til\u0259 ba\u015fda Daxili \u0130\u015fl\u0259r Naziri general- leytenat Vilay\u0259t Eyvazov olmaqla, daxili i\u015fl\u0259r orqanlar\u0131n\u0131n h\u0259r bir \u0259m\u0259kda\u015flan\u0131,veteranlar\u0131n\u0131, Respublikam\u0131z\u0131n \u0259razi b\u00fct\u00f6vl\u00fcy\u00fc u\u011frunda \u015f\u0259hidlik zirv\u0259sin\u0259 ucalm\u0131\u015f v\u0259 xidm\u0259t v\u0259zif\u0259 borcunu yern\u0259 yetir\u0259rk\u0259n h\u0259lak olmu\u015f \u0259m\u0259kda\u015flar\u0131n ail\u0259 \u00fczvl\u0259rini t\u0259brik edir\u0259m, cansa\u011fl\u0131\u011f\u0131, xo\u015fb\u0259xtlik xidm\u0259td\u0259 v\u0259 h\u0259yatda u\u011furlam arzulay\u0131ram.<br>Pe\u015f\u0259 \u0259raf\u0259sind\u0259 M\u00f6ht\u0259r\u0259m Prezident, M\u00fcz\u0259ff\u0259r Ali Ba\u015f Komandan \u0130lham \u018fliyevin m\u00fcvafiq s\u0259rancam\u0131 il\u0259 ali x\u00fcsusi r\u00fctb\u0259y\u0259 lay\u0131q g\u00f6rl\u0259n r\u0259hb\u0259r v\u0259zif\u0259li \u015f\u0259xsl\u0259ri, d\u00f6vl\u0259t m\u00fckafat\u0131 il\u0259 orden v\u0259 medallarla t\u0259ltif edilmi\u015f \u0259makda\u015flar\u0131 t\u0259brik edir\u0259m, f\u0259aliyy\u0259tl\u0259rind\u0259, yeni u\u011furlar arzu edir\u0259m. <br><br>BAYRAMNIZ M\u00dcBAR\u018fK AZ\u018fRBAYCAN POL\u0130S\u0130<\/p>\n\n\n\n<figure class=\"wp-block-gallery columns-3 is-cropped wp-block-gallery-1 is-layout-flex wp-block-gallery-is-layout-flex\"><ul class=\"blocks-gallery-grid\"><li class=\"blocks-gallery-item\"><figure><img decoding=\"async\" src=\"http:\/\/veteran.az\/wp-content\/uploads\/2023\/07\/WhatsApp-Image-2023-07-02-at-11.59.29-1-300x227.jpeg\" alt=\"\" data-id=\"21318\" data-full-url=\"http:\/\/veteran.az\/wp-content\/uploads\/2023\/07\/WhatsApp-Image-2023-07-02-at-11.59.29-1.jpeg\" data-link=\"http:\/\/veteran.az\/?attachment_id=21318\" class=\"wp-image-21318\"\/><\/figure><\/li><li class=\"blocks-gallery-item\"><figure><img loading=\"lazy\" decoding=\"async\" width=\"300\" height=\"200\" src=\"http:\/\/veteran.az\/wp-content\/uploads\/2023\/07\/WhatsApp-Image-2023-07-02-at-11.59.29-300x200.jpeg\" alt=\"\" data-id=\"21319\" data-full-url=\"http:\/\/veteran.az\/wp-content\/uploads\/2023\/07\/WhatsApp-Image-2023-07-02-at-11.59.29.jpeg\" data-link=\"http:\/\/veteran.az\/?attachment_id=21319\" class=\"wp-image-21319\" srcset=\"https:\/\/veteran.az\/wp-content\/uploads\/2023\/07\/WhatsApp-Image-2023-07-02-at-11.59.29-300x200.jpeg 300w, https:\/\/veteran.az\/wp-content\/uploads\/2023\/07\/WhatsApp-Image-2023-07-02-at-11.59.29-768x512.jpeg 768w, https:\/\/veteran.az\/wp-content\/uploads\/2023\/07\/WhatsApp-Image-2023-07-02-at-11.59.29-675x450.jpeg 675w, https:\/\/veteran.az\/wp-content\/uploads\/2023\/07\/WhatsApp-Image-2023-07-02-at-11.59.29.jpeg 806w\" sizes=\"auto, (max-width: 300px) 100vw, 300px\" \/><\/figure><\/li><li class=\"blocks-gallery-item\"><figure><img loading=\"lazy\" decoding=\"async\" width=\"300\" height=\"252\" src=\"http:\/\/veteran.az\/wp-content\/uploads\/2023\/07\/WhatsApp-Image-2023-07-02-at-11.59.28-300x252.jpeg\" alt=\"\" data-id=\"21320\" data-full-url=\"http:\/\/veteran.az\/wp-content\/uploads\/2023\/07\/WhatsApp-Image-2023-07-02-at-11.59.28.jpeg\" data-link=\"http:\/\/veteran.az\/?attachment_id=21320\" class=\"wp-image-21320\" srcset=\"https:\/\/veteran.az\/wp-content\/uploads\/2023\/07\/WhatsApp-Image-2023-07-02-at-11.59.28-300x252.jpeg 300w, https:\/\/veteran.az\/wp-content\/uploads\/2023\/07\/WhatsApp-Image-2023-07-02-at-11.59.28-768x644.jpeg 768w, https:\/\/veteran.az\/wp-content\/uploads\/2023\/07\/WhatsApp-Image-2023-07-02-at-11.59.28.jpeg 798w\" sizes=\"auto, (max-width: 300px) 100vw, 300px\" \/><\/figure><\/li><\/ul><\/figure>\n","protected":false},"excerpt":{"rendered":"<p>Az\u0259rbaycan V\u0259t\u0259n M\u00fcharib\u0259si Veteranlar\u0131 \u0130ctimai Birliyi s\u0259drinin h\u00fcquqi m\u0259s\u0259l\u0259l\u0259r \u00fczr\u0259 m\u00fcavini polkovnik Salman Musayev \u0130yulun&#8230;<\/p>\n","protected":false},"author":3,"featured_media":21321,"comment_status":"closed","ping_status":"closed","sticky":false,"template":"","format":"standard","meta":{"footnotes":""},"categories":[6],"tags":[],"class_list":["post-21317","post","type-post","status-publish","format-standard","has-post-thumbnail","hentry","category-cmiyyt"],"featured_image_urls":{"full":["https:\/\/veteran.az\/wp-content\/uploads\/2023\/07\/876567888.jpg",307,164,false],"thumbnail":["https:\/\/veteran.az\/wp-content\/uploads\/2023\/07\/876567888-150x150.jpg",150,150,true],"medium":["https:\/\/veteran.az\/wp-content\/uploads\/2023\/07\/876567888-300x160.jpg",300,160,true],"medium_large":["https:\/\/veteran.az\/wp-content\/uploads\/2023\/07\/876567888.jpg",307,164,false],"large":["https:\/\/veteran.az\/wp-content\/uploads\/2023\/07\/876567888-300x160.jpg",300,160,true],"1536x1536":["https:\/\/veteran.az\/wp-content\/uploads\/2023\/07\/876567888.jpg",307,164,false],"2048x2048":["https:\/\/veteran.az\/wp-content\/uploads\/2023\/07\/876567888.jpg",307,164,false],"covernews-slider-full":["https:\/\/veteran.az\/wp-content\/uploads\/2023\/07\/876567888.jpg",307,164,false],"covernews-slider-center":["https:\/\/veteran.az\/wp-content\/uploads\/2023\/07\/876567888.jpg",307,164,false],"covernews-featured":["https:\/\/veteran.az\/wp-content\/uploads\/2023\/07\/876567888.jpg",307,164,false],"covernews-medium":["https:\/\/veteran.az\/wp-content\/uploads\/2023\/07\/876567888.jpg",307,164,false],"covernews-medium-square":["https:\/\/veteran.az\/wp-content\/uploads\/2023\/07\/876567888.jpg",307,164,false]},"author_info":{"display_name":"Veteran.az","author_link":"https:\/\/veteran.az\/?author=3"},"category_info":"<a href=\"https:\/\/veteran.az\/?cat=6\" rel=\"category\">C\u0259miyy\u0259t<\/a>","tag_info":"C\u0259miyy\u0259t","comment_count":"0","_links":{"self":[{"href":"https:\/\/veteran.az\/index.php?rest_route=\/wp\/v2\/posts\/21317","targetHints":{"allow":["GET"]}}],"collection":[{"href":"https:\/\/veteran.az\/index.php?rest_route=\/wp\/v2\/posts"}],"about":[{"href":"https:\/\/veteran.az\/index.php?rest_route=\/wp\/v2\/types\/post"}],"author":[{"embeddable":true,"href":"https:\/\/veteran.az\/index.php?rest_route=\/wp\/v2\/users\/3"}],"replies":[{"embeddable":true,"href":"https:\/\/veteran.az\/index.php?rest_route=%2Fwp%2Fv2%2Fcomments&post=21317"}],"version-history":[{"count":1,"href":"https:\/\/veteran.az\/index.php?rest_route=\/wp\/v2\/posts\/21317\/revisions"}],"predecessor-version":[{"id":21322,"href":"https:\/\/veteran.az\/index.php?rest_route=\/wp\/v2\/posts\/21317\/revisions\/21322"}],"wp:featuredmedia":[{"embeddable":true,"href":"https:\/\/veteran.az\/index.php?rest_route=\/wp\/v2\/media\/21321"}],"wp:attachment":[{"href":"https:\/\/veteran.az\/index.php?rest_route=%2Fwp%2Fv2%2Fmedia&parent=21317"}],"wp:term":[{"taxonomy":"category","embeddable":true,"href":"https:\/\/veteran.az\/index.php?rest_route=%2Fwp%2Fv2%2Fcategories&post=21317"},{"taxonomy":"post_tag","embeddable":true,"href":"https:\/\/veteran.az\/index.php?rest_route=%2Fwp%2Fv2%2Ftags&post=21317"}],"curies":[{"name":"wp","href":"https:\/\/api.w.org\/{rel}","templated":true}]}}