{"id":21312,"date":"2023-06-30T23:10:00","date_gmt":"2023-06-30T19:10:00","guid":{"rendered":"http:\/\/veteran.az\/?p=21312"},"modified":"2023-06-30T21:16:58","modified_gmt":"2023-06-30T17:16:58","slug":"makron-erm%c9%99ni-lobbisinin-%c9%99lind%c9%99-bir-al%c9%99tdir-r%c9%99smi-baki","status":"publish","type":"post","link":"https:\/\/veteran.az\/?p=21312","title":{"rendered":"\u201cMakron erm\u0259ni lobbisinin \u0259lind\u0259 bir al\u0259tdir\u201d &#8212; R\u0259smi Bak\u0131"},"content":{"rendered":"\n<p><strong>Az\u0259rbaycan Xarici \u0130\u015fl\u0259r Nazirliyi bu g\u00fcn Fransan\u0131n Az\u0259rbaycandak\u0131 f\u00f6vq\u0259lad\u0259 v\u0259 s\u0259lahiyy\u0259tli s\u0259firi Ann Buayonun X\u0130N-\u0259 \u00e7a\u011fr\u0131lmas\u0131 il\u0259 ba\u011fl\u0131 m\u0259lumat yay\u0131b.<\/strong><\/p>\n\n\n\n<p>X\u0130N-d\u0259n \u201cVeteran.az\u201da bildirilib ki, g\u00f6r\u00fc\u015fd\u0259 Fransa Prezidenti Emanuel Makronun Marsel \u015f\u0259h\u0259rind\u0259 erm\u0259ni icmas\u0131 il\u0259 g\u00f6r\u00fc\u015fd\u0259 Az\u0259rbaycan \u0259leyhin\u0259 s\u0259sl\u0259ndirilmi\u015f, Erm\u0259nistan\u0131 birt\u0259r\u0259fli qaydada m\u00fcdafi\u0259 ed\u0259n v\u0259 h\u0259qiq\u0259ti \u0259ks etdirm\u0259y\u0259n fikirl\u0259r il\u0259 ba\u011fl\u0131 Fransa t\u0259r\u0259fin\u0259 etiraz edilib v\u0259 m\u0259s\u0259l\u0259y\u0259 dair Fransa t\u0259r\u0259find\u0259n izahat ist\u0259nilib:<\/p>\n\n\n\n<p>\u201cS\u0259fir\u0259 bildirilib ki, d\u0259f\u0259l\u0259rl\u0259 anti-Az\u0259rbaycan b\u0259yanatlar\u0131 il\u0259 yadda qalan E.Makronun yenid\u0259n q\u0259r\u0259zli fikirl\u0259r s\u0259sl\u0259ndirm\u0259si Fransa Prezidentinin Fransan\u0131n erm\u0259ni lobbisinin \u0259lind\u0259 bir al\u0259t oldu\u011funun v\u0259 m\u00fcharib\u0259, m\u00fcharib\u0259d\u0259n sonrak\u0131 d\u00f6vrd\u0259 \u00f6z m\u0259qs\u0259dl\u0259rin\u0259 nail ola bilm\u0259diyinin bariz n\u00fcmun\u0259sidir.<\/p>\n\n\n\n<p>Vur\u011fulan\u0131b ki, Erm\u0259nistan t\u0259r\u0259find\u0259n Az\u0259rbaycan\u0131n \u0259razi b\u00fct\u00f6vl\u00fcy\u00fcn\u00fcn d\u0259st\u0259kl\u0259nm\u0259si v\u0259 Qaraba\u011f b\u00f6lg\u0259sinin Az\u0259rbaycan\u0131n t\u0259rkib hiss\u0259si kimi tan\u0131nmas\u0131 fonunda E.Makrona istinad\u0259n yay\u0131lm\u0131\u015f bu kimi q\u0259r\u0259zli b\u0259yanatlar b\u00f6lg\u0259d\u0259 s\u00fclh\u00fcn v\u0259 \u0259min-amanl\u0131\u011f\u0131n b\u0259rq\u0259rar olmas\u0131na mane olmaqla yana\u015f\u0131, separat\u00e7\u0131l\u0131q v\u0259 terror\u00e7ulu\u011fu t\u0259\u015fviq ed\u0259nl\u0259rin v\u0259 d\u0259st\u0259kl\u0259y\u0259nl\u0259rin destruktiv f\u0259aliyy\u0259tini daha da geni\u015fl\u0259ndirm\u0259sin\u0259 r\u0259vac verir\u201d.<\/p>\n","protected":false},"excerpt":{"rendered":"<p>Az\u0259rbaycan Xarici \u0130\u015fl\u0259r Nazirliyi bu g\u00fcn Fransan\u0131n Az\u0259rbaycandak\u0131 f\u00f6vq\u0259lad\u0259 v\u0259 s\u0259lahiyy\u0259tli s\u0259firi Ann Buayonun X\u0130N-\u0259&#8230;<\/p>\n","protected":false},"author":3,"featured_media":21314,"comment_status":"closed","ping_status":"closed","sticky":false,"template":"","format":"standard","meta":{"footnotes":""},"categories":[7],"tags":[],"class_list":["post-21312","post","type-post","status-publish","format-standard","has-post-thumbnail","hentry","category-dunya"],"featured_image_urls":{"full":["https:\/\/veteran.az\/wp-content\/uploads\/2023\/06\/xin.jpg",850,530,false],"thumbnail":["https:\/\/veteran.az\/wp-content\/uploads\/2023\/06\/xin-150x150.jpg",150,150,true],"medium":["https:\/\/veteran.az\/wp-content\/uploads\/2023\/06\/xin-300x187.jpg",300,187,true],"medium_large":["https:\/\/veteran.az\/wp-content\/uploads\/2023\/06\/xin-768x479.jpg",640,399,true],"large":["https:\/\/veteran.az\/wp-content\/uploads\/2023\/06\/xin-300x187.jpg",300,187,true],"1536x1536":["https:\/\/veteran.az\/wp-content\/uploads\/2023\/06\/xin.jpg",850,530,false],"2048x2048":["https:\/\/veteran.az\/wp-content\/uploads\/2023\/06\/xin.jpg",850,530,false],"covernews-slider-full":["https:\/\/veteran.az\/wp-content\/uploads\/2023\/06\/xin.jpg",850,530,false],"covernews-slider-center":["https:\/\/veteran.az\/wp-content\/uploads\/2023\/06\/xin.jpg",800,500,false],"covernews-featured":["https:\/\/veteran.az\/wp-content\/uploads\/2023\/06\/xin.jpg",850,530,false],"covernews-medium":["https:\/\/veteran.az\/wp-content\/uploads\/2023\/06\/xin-720x380.jpg",540,285,true],"covernews-medium-square":["https:\/\/veteran.az\/wp-content\/uploads\/2023\/06\/xin-675x450.jpg",375,250,true]},"author_info":{"display_name":"Veteran.az","author_link":"https:\/\/veteran.az\/?author=3"},"category_info":"<a href=\"https:\/\/veteran.az\/?cat=7\" rel=\"category\">D\u00fcnya<\/a>","tag_info":"D\u00fcnya","comment_count":"0","_links":{"self":[{"href":"https:\/\/veteran.az\/index.php?rest_route=\/wp\/v2\/posts\/21312","targetHints":{"allow":["GET"]}}],"collection":[{"href":"https:\/\/veteran.az\/index.php?rest_route=\/wp\/v2\/posts"}],"about":[{"href":"https:\/\/veteran.az\/index.php?rest_route=\/wp\/v2\/types\/post"}],"author":[{"embeddable":true,"href":"https:\/\/veteran.az\/index.php?rest_route=\/wp\/v2\/users\/3"}],"replies":[{"embeddable":true,"href":"https:\/\/veteran.az\/index.php?rest_route=%2Fwp%2Fv2%2Fcomments&post=21312"}],"version-history":[{"count":1,"href":"https:\/\/veteran.az\/index.php?rest_route=\/wp\/v2\/posts\/21312\/revisions"}],"predecessor-version":[{"id":21313,"href":"https:\/\/veteran.az\/index.php?rest_route=\/wp\/v2\/posts\/21312\/revisions\/21313"}],"wp:featuredmedia":[{"embeddable":true,"href":"https:\/\/veteran.az\/index.php?rest_route=\/wp\/v2\/media\/21314"}],"wp:attachment":[{"href":"https:\/\/veteran.az\/index.php?rest_route=%2Fwp%2Fv2%2Fmedia&parent=21312"}],"wp:term":[{"taxonomy":"category","embeddable":true,"href":"https:\/\/veteran.az\/index.php?rest_route=%2Fwp%2Fv2%2Fcategories&post=21312"},{"taxonomy":"post_tag","embeddable":true,"href":"https:\/\/veteran.az\/index.php?rest_route=%2Fwp%2Fv2%2Ftags&post=21312"}],"curies":[{"name":"wp","href":"https:\/\/api.w.org\/{rel}","templated":true}]}}