{"id":21297,"date":"2023-06-28T22:39:00","date_gmt":"2023-06-28T18:39:00","guid":{"rendered":"http:\/\/veteran.az\/?p=21297"},"modified":"2023-06-28T15:40:06","modified_gmt":"2023-06-28T11:40:06","slug":"abs-m%c9%99tbuati-erm%c9%99nistanin-sulh%c9%99-yaratdigi-probleml%c9%99rd%c9%99n-yazdi","status":"publish","type":"post","link":"https:\/\/veteran.az\/?p=21297","title":{"rendered":"AB\u015e m\u0259tbuat\u0131 Erm\u0259nistan\u0131n s\u00fclh\u0259 yaratd\u0131\u011f\u0131 probleml\u0259rd\u0259n yazd\u0131"},"content":{"rendered":"\n<p>Ba\u015f q\u0259rargah\u0131 AB\u015e-\u0131n Nyu-York \u015f\u0259h\u0259rind\u0259 yerl\u0259\u015f\u0259n Xarici Siyas\u0259t Assosiasiyas\u0131n\u0131n x\u0259b\u0259r sayt\u0131nda &#171;Erm\u0259ni ictimai r\u0259yi s\u00fclh\u0259 mane\u0259dirmi?&#187; s\u0259rl\u00f6vh\u0259li m\u0259qal\u0259 d\u0259rc olunub.&nbsp;<\/p>\n\n\n\n<p>Tan\u0131nm\u0131\u015f israilli poitoloq v\u0259 jurnalist, Dona Qrasiya&nbsp;Diplomatiya M\u0259rk\u0259zinin t\u0259sis\u00e7isi v\u0259 ba\u015f direktoru Rey\u00e7el Avraham\u0131n m\u00fc\u0259llifi oldu\u011fu m\u0259qal\u0259d\u0259 qeyd olunub ki, n\u00fcfuzlu \u201cGallup\u201d t\u0259\u015fkilat\u0131n\u0131n bu yax\u0131nlarda ke\u00e7irdiyi sor\u011funun n\u0259tic\u0259l\u0259rin\u0259 g\u00f6r\u0259, Erm\u0259nistan \u0259halisinin t\u0259xmin\u0259n 82%-i ba\u015f nazir Nikol Pa\u015finyan\u0131n Qaraba\u011f\u0131n da\u011fl\u0131q hiss\u0259sini Az\u0259rbaycan \u0259razisi kimi tan\u0131maq b\u0259yanat\u0131n\u0131 r\u0259dd edir. Erm\u0259nil\u0259rin t\u0259xmin\u0259n 86%-i Qaraba\u011f erm\u0259nil\u0259rinin g\u0259l\u0259c\u0259yini Az\u0259rbaycan d\u00f6vl\u0259tinin t\u0259rkibind\u0259 t\u0259s\u0259vv\u00fcr etmir.<\/p>\n\n\n\n<p>S\u00f6z\u00fcged\u0259n sor\u011fu Beyn\u0259lxalq Respublika \u0130nstitutunun 2021-ci ild\u0259 analoji sor\u011fu ke\u00e7irm\u0259sind\u0259n sonraya t\u0259sad\u00fcf edir v\u0259 sonuncuya g\u00f6r\u0259, erm\u0259nil\u0259rin 35%-i Qaraba\u011f\u0131n da\u011fl\u0131q hiss\u0259sinin m\u00fcst\u0259qil d\u00f6vl\u0259t kimi tan\u0131nmas\u0131n\u0131, 34%-i Erm\u0259nistan\u0131n t\u0259rkibin\u0259 inzibati vahid kimi daxil edilm\u0259sini, 16%-i Erm\u0259nistan\u0131n t\u0259rkibind\u0259 x\u00fcsusi statuslu b\u00f6lg\u0259 olmas\u0131n\u0131, 11%-i is\u0259 Rusiyaya birl\u0259\u015fdirilm\u0259sini m\u00fcnaqi\u015f\u0259nin m\u0259qbul h\u0259lli hesab edir. Erm\u0259nil\u0259rin yaln\u0131z 1%-i Az\u0259rbaycanla kompromisd\u0259n ibar\u0259t ba\u015fqa variantlar\u0131 n\u0259z\u0259rd\u0259n ke\u00e7irm\u0259y\u0259 haz\u0131r oldu\u011funu bildirib. Eyni sor\u011fu g\u00f6st\u0259rib ki, erm\u0259nil\u0259rin 90%-i Az\u0259rbaycanla Erm\u0259nistan aras\u0131nda m\u00fcnasib\u0259tl\u0259ri \u00e7ox pis hesab edir, 77%-i Az\u0259rbaycan\u0131n onlar\u0131n \u00f6lk\u0259l\u0259ri \u00fc\u00e7\u00fcn \u0259n b\u00f6y\u00fck siyasi t\u0259hl\u00fck\u0259 oldu\u011fu q\u0259na\u0259tind\u0259dir, yaln\u0131z 4%-i hesab edir ki, \u00f6lk\u0259mizl\u0259 m\u00fcnasib\u0259tl\u0259ri yax\u015f\u0131la\u015fd\u0131rmaq \u00fc\u00e7\u00fcn s\u0259yl\u0259r g\u00f6st\u0259rilm\u0259lidir.<\/p>\n\n\n\n<p>M\u00fc\u0259llif diqq\u0259t\u0259 \u00e7atd\u0131r\u0131b ki, Az\u0259rbaycan 2022-ci ild\u0259 Erm\u0259nistanla s\u00fclh\u00fcn b\u0259rq\u0259rar olmas\u0131 \u00fc\u00e7\u00fcn be\u015f prinsipi m\u00fc\u0259yy\u0259n ed\u0259rk\u0259n \u0130r\u0259van\u0131n Qaraba\u011f\u0131 Az\u0259rbaycan\u0131n bir hiss\u0259si kimi tan\u0131mas\u0131n\u0131 t\u0259m\u0259l \u015f\u0259rt kimi ir\u0259li s\u00fcrd\u00fcy\u00fc halda, \u0259ksin\u0259, erm\u0259nil\u0259rin \u00f6lk\u0259mizl\u0259 s\u00fclh m\u0259s\u0259l\u0259sin\u0259 vahid bax\u0131\u015f\u0131 yoxdur. \u018fslind\u0259 ba\u015f nazir Nikol Pa\u015finyan g\u00fcz\u0259\u015ft\u0259 getm\u0259y\u0259 haz\u0131r oldu\u011funu n\u00fcmayi\u015f etdirs\u0259 d\u0259, Erm\u0259nistanla Az\u0259rbaycan aras\u0131nda imzalanan ist\u0259nil\u0259n s\u00fclh m\u00fcqavil\u0259sin\u0259 erm\u0259ni diasporunda, bu \u00f6lk\u0259nin parlamentind\u0259 v\u0259 Qaraba\u011f separat\u00e7\u0131lar\u0131n\u0131n liderl\u0259ri aras\u0131nda g\u00fccl\u00fc m\u00fcqavim\u0259t var.<\/p>\n\n\n\n<p>\u0130srailli politoloq bu m\u0259nada Erm\u0259nistan ictimai r\u0259yini iki \u00f6lk\u0259 aras\u0131nda s\u00fclh m\u00fcqavil\u0259sinin u\u011furla ba\u011flanmas\u0131 yolunda \u0259sas manel\u0259rd\u0259n biri kimi d\u0259y\u0259rl\u0259ndirir. Onun fikrinc\u0259, Erm\u0259nistan\u0131n ba\u015f naziri Nikol Pa\u015finyan s\u00fclh m\u00fcqavil\u0259sin\u0259 nail olunmas\u0131 prosesini u\u011furla ba\u015fa \u00e7atd\u0131rmaq \u00fc\u00e7\u00fcn Az\u0259rbaycan\u0131n Qaraba\u011f \u00fcz\u0259rind\u0259 \u0259razi b\u00fct\u00f6vl\u00fcy\u00fcn\u00fc tan\u0131maqla kifay\u0259tl\u0259nm\u0259m\u0259li, erm\u0259ni xalq\u0131n\u0131 s\u00fclh m\u00fcqavil\u0259sini d\u0259st\u0259kl\u0259m\u0259y\u0259 t\u0259\u015fviq etm\u0259lidir, \u0259ks t\u0259qdird\u0259, \u0259ld\u0259 olunacaq s\u00fclh uzun s\u00fcrm\u0259y\u0259c\u0259k.<\/p>\n\n\n\n<p>M\u0259qal\u0259ni \u0259trafl\u0131 \u015f\u0259kild\u0259 a\u015fa\u011f\u0131dak\u0131 linkd\u0259n oxumaq m\u00fcmk\u00fcnd\u00fcr:<\/p>\n\n\n\n<p><a href=\"https:\/\/foreignpolicyblogs.com\/2023\/06\/20\/is-armenian-public-opinion-an-impediment-for-peace\/\">\/\/foreignpolicyblogs.com\/2023\/06\/20\/is-armenian-public-opinion-an-impediment-for-peace\/<\/a><\/p>\n","protected":false},"excerpt":{"rendered":"<p>Ba\u015f q\u0259rargah\u0131 AB\u015e-\u0131n Nyu-York \u015f\u0259h\u0259rind\u0259 yerl\u0259\u015f\u0259n Xarici Siyas\u0259t Assosiasiyas\u0131n\u0131n x\u0259b\u0259r sayt\u0131nda &#171;Erm\u0259ni ictimai r\u0259yi s\u00fclh\u0259&#8230;<\/p>\n","protected":false},"author":3,"featured_media":0,"comment_status":"closed","ping_status":"closed","sticky":false,"template":"","format":"standard","meta":{"footnotes":""},"categories":[7],"tags":[],"class_list":["post-21297","post","type-post","status-publish","format-standard","hentry","category-dunya"],"featured_image_urls":{"full":"","thumbnail":"","medium":"","medium_large":"","large":"","1536x1536":"","2048x2048":"","covernews-slider-full":"","covernews-slider-center":"","covernews-featured":"","covernews-medium":"","covernews-medium-square":""},"author_info":{"display_name":"Veteran.az","author_link":"https:\/\/veteran.az\/?author=3"},"category_info":"<a href=\"https:\/\/veteran.az\/?cat=7\" rel=\"category\">D\u00fcnya<\/a>","tag_info":"D\u00fcnya","comment_count":"0","_links":{"self":[{"href":"https:\/\/veteran.az\/index.php?rest_route=\/wp\/v2\/posts\/21297","targetHints":{"allow":["GET"]}}],"collection":[{"href":"https:\/\/veteran.az\/index.php?rest_route=\/wp\/v2\/posts"}],"about":[{"href":"https:\/\/veteran.az\/index.php?rest_route=\/wp\/v2\/types\/post"}],"author":[{"embeddable":true,"href":"https:\/\/veteran.az\/index.php?rest_route=\/wp\/v2\/users\/3"}],"replies":[{"embeddable":true,"href":"https:\/\/veteran.az\/index.php?rest_route=%2Fwp%2Fv2%2Fcomments&post=21297"}],"version-history":[{"count":1,"href":"https:\/\/veteran.az\/index.php?rest_route=\/wp\/v2\/posts\/21297\/revisions"}],"predecessor-version":[{"id":21299,"href":"https:\/\/veteran.az\/index.php?rest_route=\/wp\/v2\/posts\/21297\/revisions\/21299"}],"wp:attachment":[{"href":"https:\/\/veteran.az\/index.php?rest_route=%2Fwp%2Fv2%2Fmedia&parent=21297"}],"wp:term":[{"taxonomy":"category","embeddable":true,"href":"https:\/\/veteran.az\/index.php?rest_route=%2Fwp%2Fv2%2Fcategories&post=21297"},{"taxonomy":"post_tag","embeddable":true,"href":"https:\/\/veteran.az\/index.php?rest_route=%2Fwp%2Fv2%2Ftags&post=21297"}],"curies":[{"name":"wp","href":"https:\/\/api.w.org\/{rel}","templated":true}]}}