{"id":21227,"date":"2023-06-09T18:12:00","date_gmt":"2023-06-09T14:12:00","guid":{"rendered":"http:\/\/veteran.az\/?p=21227"},"modified":"2024-01-27T03:24:19","modified_gmt":"2024-01-26T23:24:19","slug":"t%c9%99brikzakif-abbasov-51","status":"publish","type":"post","link":"https:\/\/veteran.az\/?p=21227","title":{"rendered":"T\u0259brik: Zakif Abbasov- 51"},"content":{"rendered":"\n<p>AVMV\u0130B Z\u0259ngilan rayon \u015f\u00f6b\u0259sinin s\u0259dr m\u00fcavini, I V\u0259t\u0259n m\u00fcharib\u0259si i\u015ftirak\u00e7\u0131s\u0131, s\u0259mimi, g\u00f6z\u0259l v\u0259 xeyirxah insan Abbasov Zakif Abbas o\u011flunun iyun ay\u0131n\u0131n 9 -da&nbsp; do\u011fum g\u00fcn\u00fcd\u00fcr. Bel\u0259 bir \u0259lam\u0259tdar g\u00fcn &nbsp;m\u00fcnasib\u0259til\u0259 Zakifi Az\u0259rbaycan V\u0259t\u0259n M\u00fcharib\u0259si Veteranlar\u0131 \u0130ctimai Birliyinin (AVMV\u0130B) r\u0259hb\u0259rliyi, AVMV\u0130B Z\u0259ngilan rayon \u015f\u00f6b\u0259sinin s\u0259dri, do\u011fmalar\u0131, i\u015f v\u0259 d\u00f6y\u00fc\u015fc\u00fc yolda\u015flar\u0131 &nbsp;t\u0259brik edir, ona cansa\u011fl\u0131\u011f\u0131, bundan sonrak\u0131 i\u015fl\u0259rind\u0259 u\u011furlar arzulay\u0131rlar.<\/p>\n\n\n\n<p>Zakif Abbasov 1990 &#8212; c\u0131 ild\u0259 h\u0259qiq h\u0259rbi xind\u0259t\u0259 \u00e7a\u011f\u0131r\u0131lm\u0131\u015f v\u0259 xidm\u0259tini Daxili qo\u015funlarda ba\u015flam\u0131\u015fd\u0131r. V\u0259t\u0259nimiz\u0259 erm\u0259ni i\u015f\u011fal\u00e7\u0131lar\u0131n\u0131n h\u00fccumlar\u0131n\u0131n qar\u015f\u0131s\u0131n\u0131n al\u0131nmas\u0131nda daxili qo\u015funlar\u0131n t\u0259rkibind\u0259 A\u011fdam rayonuna ezam olunmu\u015f v\u0259 d\u00f6y\u00fc\u015fl\u0259r\u0259 qat\u0131lm\u0131\u015fd\u0131r. \u0130lk d\u0259f\u0259 A\u011fdam rayonunun Paprav\u0259nd\u0259 k\u0259ndind\u0259 yaralanaraq hospitala g\u00f6nd\u0259rilmi\u015f v\u0259 m\u00fcalic\u0259 olunduqdan sonra yenid\u0259n h\u0259rbi hiss\u0259y\u0259 qay\u0131tm\u0131\u015fd\u0131r. 1992-ci ild\u0259 Daxili qo\u015funlar\u0131n t\u0259rkibind\u0259 Z\u0259ngilan rayonuna ezam olunmu\u015f, Qazan\u00e7\u0131 k\u0259ndind\u0259 xidm\u0259t\u0259 ba\u015flam\u0131\u015fd\u0131r. Burdada a\u011f\u0131r d\u00f6y\u00fc\u015f yolu ke\u00e7\u0259n Zakif d\u00f6y\u00fc\u015fl\u0259rin birind\u0259 ikinci d\u0259f\u0259 q\u0259lp\u0259 yaralar\u0131 alaraq hospitala g\u00f6nd\u0259rilir v\u0259 sa\u011fald\u0131qdan sonra xidm\u0259tini davam etdirib. 1992-ci ild\u0259 h\u0259qiqi h\u0259rbi xidm\u0259tini ba\u015fa vuran Zakif Abbasov Z\u0259ngilan rayon polis b\u00f6lm\u0259sin\u0259 q\u0259bul olunur v\u0259 burda polis n\u0259f\u0259ri kimi xidm\u0259t\u0259 ba\u015flay\u0131r. 1993-c\u00fc ilin aprel ay\u0131n\u0131n 10-da u\u011furlu Kils\u0259 \u0259m\u0259liyyat\u0131nda i\u015ftirak edir v\u0259 Qafan rayonunun 4 k\u0259ndi erm\u0259nil\u0259rd\u0259n azad edilir&nbsp;v\u0259 bu d\u00f6y\u00fc\u015fd\u0259 \u015f\u00fcca\u0259t g\u00f6st\u0259rir. Lakin bilinm\u0259y\u0259n s\u0259b\u0259bl\u0259rd\u0259n geri \u00e7\u0259kilin \u0259miri g\u0259lir.&nbsp;D\u00f6y\u00fc\u015f\u00e7\u00fcl\u0259rimiz geri qay\u0131danda Zakif 3 c\u00fc d\u0259f\u0259 h\u0259r iki aya\u011f\u0131ndan g\u00fcll\u0259 yaras\u0131 al\u0131r.<br><br>Yen\u0259 hospitala m\u00fcalic\u0259y\u0259 g\u00f6nd\u0259ril\u0259n igid d\u00f6y\u00fc\u015f\u00e7\u00fc sa\u011fald\u0131qdan sonra xidm\u0259tin\u0259 davam edir. 1993-c\u00fc il oktyabr\u0131n 25 erm\u0259ni i\u015f\u011fal\u00e7\u0131lar\u0131n\u0131n C\u0259bray\u0131l rayonu&nbsp; istiqam\u0259tind\u0259n Z\u0259ngilan rayonuna h\u00fccumu ba\u015flay\u0131r v\u0259 Zakif gili h\u0259y\u0259can siqnal\u0131 il\u0259 C\u0259bray\u0131l rayonunun D\u0259rzili k\u0259ndin\u0259 d\u00f6y\u00fc\u015f\u0259 apar\u0131tlar. Burda q\u0131z\u011f\u0131n d\u00f6y\u00fc\u015f ba\u015flay\u0131r v\u0259 Z\u0259ngilanl\u0131 d\u00f6y\u00fc\u015f\u00e7\u00fcl\u0259r&nbsp; d\u00fc\u015fm\u0259n\u0259 m\u00fcqavim\u0259t g\u00f6st\u0259rirl\u0259r. H\u0259m Milli ordu h\u0259m d\u0259 polisl\u0259rimiz d\u00fc\u015fm\u0259n\u0259 laz\u0131mi cavab\u0131 verirl\u0259r. D\u00fc\u015fm\u0259n xeyli sayda texnika il\u0259 \u0259li avtomatl\u0131 d\u00f6y\u00fc\u015f\u00e7\u00fcl\u0259rimiz\u0259 h\u00fccum edir v\u0259 qeyri b\u0259rab\u0259r d\u00f6y\u00fc\u015fd\u0259 igidl\u0259rimiz xeyli \u015f\u0259hid verir v\u0259 xeyli yaral\u0131m\u0131z olur. O a\u011f\u0131r yaral\u0131lar i\u00e7\u0259risind\u0259 4 d\u0259f\u0259 a\u011f\u0131r yaralanan Zakif qarda\u015f\u0131m\u0131z da var idi. Zakifi&nbsp;helikopterl\u0259 t\u0259cili Bak\u0131 \u015f\u0259h\u0259rin\u0259 \u00e7atd\u0131r\u0131l\u0131r v\u0259 hospitala yerl\u0259\u015fdirilir. 6 ay m\u00fcalic\u0259 olunduqdan&nbsp; yenid\u0259n&nbsp; F\u00fczuli rayonunun Bab\u0131 k\u0259ndind\u0259 yerl\u0259\u015f\u0259n Z\u0259ngilan polisind\u0259 xidm\u0259t\u0259 ba\u015flay\u0131r v\u0259 bir ne\u00e7\u0259 ild\u0259n sonra Z\u0259ngilan polisind\u0259n t\u0259qa\u00fcd\u0259 \u00e7\u0131x\u0131r. Hal haz\u0131rda Zakif 2-ci qrup m\u00fcharib\u0259 \u0259lilidir.<\/p>\n\n\n\n<figure class=\"wp-block-gallery columns-2 is-cropped wp-block-gallery-1 is-layout-flex wp-block-gallery-is-layout-flex\"><ul class=\"blocks-gallery-grid\"><li class=\"blocks-gallery-item\"><figure><img decoding=\"async\" src=\"http:\/\/veteran.az\/wp-content\/uploads\/2023\/06\/WhatsApp-Image-2023-06-09-at-15.09.36-2-225x300.jpeg\" alt=\"\" data-id=\"21232\" data-link=\"http:\/\/veteran.az\/?attachment_id=21232\" class=\"wp-image-21232\"\/><\/figure><\/li><li class=\"blocks-gallery-item\"><figure><img loading=\"lazy\" decoding=\"async\" width=\"300\" height=\"140\" src=\"http:\/\/veteran.az\/wp-content\/uploads\/2023\/06\/WhatsApp-Image-2023-06-09-at-15.09.56-1-300x140.jpeg\" alt=\"\" data-id=\"21234\" data-full-url=\"http:\/\/veteran.az\/wp-content\/uploads\/2023\/06\/WhatsApp-Image-2023-06-09-at-15.09.56-1.jpeg\" data-link=\"http:\/\/veteran.az\/?attachment_id=21234\" class=\"wp-image-21234\" srcset=\"https:\/\/veteran.az\/wp-content\/uploads\/2023\/06\/WhatsApp-Image-2023-06-09-at-15.09.56-1-300x140.jpeg 300w, https:\/\/veteran.az\/wp-content\/uploads\/2023\/06\/WhatsApp-Image-2023-06-09-at-15.09.56-1-768x359.jpeg 768w, https:\/\/veteran.az\/wp-content\/uploads\/2023\/06\/WhatsApp-Image-2023-06-09-at-15.09.56-1-1536x717.jpeg 1536w, https:\/\/veteran.az\/wp-content\/uploads\/2023\/06\/WhatsApp-Image-2023-06-09-at-15.09.56-1-1024x478.jpeg 1024w, https:\/\/veteran.az\/wp-content\/uploads\/2023\/06\/WhatsApp-Image-2023-06-09-at-15.09.56-1.jpeg 1600w\" sizes=\"auto, (max-width: 300px) 100vw, 300px\" \/><\/figure><\/li><\/ul><\/figure>\n\n\n\n<figure class=\"wp-block-image size-large\"><img loading=\"lazy\" decoding=\"async\" width=\"300\" height=\"140\" src=\"http:\/\/veteran.az\/wp-content\/uploads\/2023\/06\/WhatsApp-Image-2023-06-09-at-15.09.56-2-300x140.jpeg\" alt=\"\" class=\"wp-image-21235\" srcset=\"https:\/\/veteran.az\/wp-content\/uploads\/2023\/06\/WhatsApp-Image-2023-06-09-at-15.09.56-2-300x140.jpeg 300w, https:\/\/veteran.az\/wp-content\/uploads\/2023\/06\/WhatsApp-Image-2023-06-09-at-15.09.56-2-768x359.jpeg 768w, https:\/\/veteran.az\/wp-content\/uploads\/2023\/06\/WhatsApp-Image-2023-06-09-at-15.09.56-2-1536x717.jpeg 1536w, https:\/\/veteran.az\/wp-content\/uploads\/2023\/06\/WhatsApp-Image-2023-06-09-at-15.09.56-2-1024x478.jpeg 1024w, https:\/\/veteran.az\/wp-content\/uploads\/2023\/06\/WhatsApp-Image-2023-06-09-at-15.09.56-2.jpeg 1600w\" sizes=\"auto, (max-width: 300px) 100vw, 300px\" \/><\/figure>\n\n\n\n<p><strong>AVMV\u0130B-in Z\u0259ngilan rayon<\/strong><br><strong>\u015f\u00f6b\u0259sinin s\u0259dri Azad Musayev<\/strong><\/p>\n","protected":false},"excerpt":{"rendered":"<p>AVMV\u0130B Z\u0259ngilan rayon \u015f\u00f6b\u0259sinin s\u0259dr m\u00fcavini, I V\u0259t\u0259n m\u00fcharib\u0259si i\u015ftirak\u00e7\u0131s\u0131, s\u0259mimi, g\u00f6z\u0259l v\u0259 xeyirxah insan&#8230;<\/p>\n","protected":false},"author":3,"featured_media":0,"comment_status":"closed","ping_status":"closed","sticky":false,"template":"","format":"standard","meta":{"footnotes":""},"categories":[13],"tags":[],"class_list":["post-21227","post","type-post","status-publish","format-standard","hentry","category-tebrik"],"featured_image_urls":{"full":"","thumbnail":"","medium":"","medium_large":"","large":"","1536x1536":"","2048x2048":"","covernews-slider-full":"","covernews-slider-center":"","covernews-featured":"","covernews-medium":"","covernews-medium-square":""},"author_info":{"display_name":"Veteran.az","author_link":"https:\/\/veteran.az\/?author=3"},"category_info":"<a href=\"https:\/\/veteran.az\/?cat=13\" rel=\"category\">T\u0259brik<\/a>","tag_info":"T\u0259brik","comment_count":"0","_links":{"self":[{"href":"https:\/\/veteran.az\/index.php?rest_route=\/wp\/v2\/posts\/21227","targetHints":{"allow":["GET"]}}],"collection":[{"href":"https:\/\/veteran.az\/index.php?rest_route=\/wp\/v2\/posts"}],"about":[{"href":"https:\/\/veteran.az\/index.php?rest_route=\/wp\/v2\/types\/post"}],"author":[{"embeddable":true,"href":"https:\/\/veteran.az\/index.php?rest_route=\/wp\/v2\/users\/3"}],"replies":[{"embeddable":true,"href":"https:\/\/veteran.az\/index.php?rest_route=%2Fwp%2Fv2%2Fcomments&post=21227"}],"version-history":[{"count":3,"href":"https:\/\/veteran.az\/index.php?rest_route=\/wp\/v2\/posts\/21227\/revisions"}],"predecessor-version":[{"id":21238,"href":"https:\/\/veteran.az\/index.php?rest_route=\/wp\/v2\/posts\/21227\/revisions\/21238"}],"wp:attachment":[{"href":"https:\/\/veteran.az\/index.php?rest_route=%2Fwp%2Fv2%2Fmedia&parent=21227"}],"wp:term":[{"taxonomy":"category","embeddable":true,"href":"https:\/\/veteran.az\/index.php?rest_route=%2Fwp%2Fv2%2Fcategories&post=21227"},{"taxonomy":"post_tag","embeddable":true,"href":"https:\/\/veteran.az\/index.php?rest_route=%2Fwp%2Fv2%2Ftags&post=21227"}],"curies":[{"name":"wp","href":"https:\/\/api.w.org\/{rel}","templated":true}]}}