{"id":21149,"date":"2023-05-25T11:32:43","date_gmt":"2023-05-25T07:32:43","guid":{"rendered":"http:\/\/veteran.az\/?p=21149"},"modified":"2023-05-25T11:32:43","modified_gmt":"2023-05-25T07:32:43","slug":"israild%c9%99-ilk-d%c9%99f%c9%99-az%c9%99rbaycanin-must%c9%99qillik-gunu-qeyd-olundu","status":"publish","type":"post","link":"https:\/\/veteran.az\/?p=21149","title":{"rendered":"\u0130sraild\u0259 ilk d\u0259f\u0259 Az\u0259rbaycan\u0131n M\u00fcst\u0259qillik G\u00fcn\u00fc qeyd olundu"},"content":{"rendered":"\n<p><strong>Az\u0259rbaycan\u0131n \u0130sraild\u0259ki S\u0259firliyi t\u0259r\u0259find\u0259n \u0130sraild\u0259 ilk d\u0259f\u0259 olaraq M\u00fcst\u0259qillik G\u00fcn\u00fc m\u00fcnasib\u0259til\u0259 r\u0259smi t\u0259dbir ke\u00e7irilib.<\/strong><\/p>\n\n\n\n<p>S\u0259firlikd\u0259n \u201cQafqazinfo\u201dya veril\u0259n m\u0259lumata g\u00f6r\u0259, t\u0259dbird\u0259 \u0130srailin k\u0259\u015ffiyyat naziri Gila Qamliel, Az\u0259rbaycan xarici i\u015fl\u0259r nazirinin m\u00fcavini Fariz Rzayev, \u0130srail Parlamentind\u0259 \u0130srail-Az\u0259rbaycan parlamentl\u0259raras\u0131 dostluq qrupunun r\u0259hb\u0259ri Vladimir Beliak, Knessetin dig\u0259r \u00fczvl\u0259ri, M\u00fcdafi\u0259 Nazirliyinin ba\u015f direktoru Eyal Zamir v\u0259 dig\u0259r y\u00fcks\u0259kv\u0259zif\u0259li \u015f\u0259xsl\u0259r i\u015ftirak edib.<\/p>\n\n\n\n<p>T\u0259dbir Az\u0259rbaycan v\u0259 \u0130srail himnl\u0259rinin s\u0259sl\u0259ndirilm\u0259si il\u0259 ba\u015flay\u0131b.<\/p>\n\n\n\n<p>T\u0259dbiri giri\u015f s\u00f6z\u00fc il\u0259 a\u00e7an Az\u0259rbaycan\u0131n \u0130sraild\u0259 f\u00f6vq\u0259lad\u0259 v\u0259 s\u0259lahiyy\u0259tli s\u0259firi Muxtar M\u0259mm\u0259dov iki \u00f6lk\u0259 aras\u0131nda diplomatik m\u00fcnasib\u0259tl\u0259rin qurulmas\u0131ndan b\u0259ri ilk d\u0259f\u0259 olaraq \u0130sraild\u0259 M\u00fcst\u0259qillik G\u00fcn\u00fc il\u0259 ba\u011fl\u0131 r\u0259smi t\u0259dbirin ke\u00e7irildiyini diqq\u0259t\u0259 \u00e7atd\u0131r\u0131b.<\/p>\n\n\n\n<p>Daha sonra \u0130srail H\u00f6kum\u0259ti ad\u0131ndan \u00e7\u0131x\u0131\u015f ed\u0259n k\u0259\u015ffiyyat naziri Gila Qamliel iki \u00f6lk\u0259 aras\u0131nda m\u00fcnasib\u0259tl\u0259rin qar\u015f\u0131l\u0131ql\u0131 h\u00f6rm\u0259t v\u0259 etimad \u00fcz\u0259rind\u0259 quruldu\u011funu vur\u011fulay\u0131b.<\/p>\n","protected":false},"excerpt":{"rendered":"<p>Az\u0259rbaycan\u0131n \u0130sraild\u0259ki S\u0259firliyi t\u0259r\u0259find\u0259n \u0130sraild\u0259 ilk d\u0259f\u0259 olaraq M\u00fcst\u0259qillik G\u00fcn\u00fc m\u00fcnasib\u0259til\u0259 r\u0259smi t\u0259dbir ke\u00e7irilib. S\u0259firlikd\u0259n&#8230;<\/p>\n","protected":false},"author":3,"featured_media":21150,"comment_status":"closed","ping_status":"closed","sticky":false,"template":"","format":"standard","meta":{"footnotes":""},"categories":[7],"tags":[],"class_list":["post-21149","post","type-post","status-publish","format-standard","has-post-thumbnail","hentry","category-dunya"],"featured_image_urls":{"full":["https:\/\/veteran.az\/wp-content\/uploads\/2023\/05\/y45y4.jpeg",637,400,false],"thumbnail":["https:\/\/veteran.az\/wp-content\/uploads\/2023\/05\/y45y4-150x150.jpeg",150,150,true],"medium":["https:\/\/veteran.az\/wp-content\/uploads\/2023\/05\/y45y4-300x188.jpeg",300,188,true],"medium_large":["https:\/\/veteran.az\/wp-content\/uploads\/2023\/05\/y45y4.jpeg",637,400,false],"large":["https:\/\/veteran.az\/wp-content\/uploads\/2023\/05\/y45y4-300x188.jpeg",300,188,true],"1536x1536":["https:\/\/veteran.az\/wp-content\/uploads\/2023\/05\/y45y4.jpeg",637,400,false],"2048x2048":["https:\/\/veteran.az\/wp-content\/uploads\/2023\/05\/y45y4.jpeg",637,400,false],"covernews-slider-full":["https:\/\/veteran.az\/wp-content\/uploads\/2023\/05\/y45y4.jpeg",637,400,false],"covernews-slider-center":["https:\/\/veteran.az\/wp-content\/uploads\/2023\/05\/y45y4.jpeg",637,400,false],"covernews-featured":["https:\/\/veteran.az\/wp-content\/uploads\/2023\/05\/y45y4.jpeg",637,400,false],"covernews-medium":["https:\/\/veteran.az\/wp-content\/uploads\/2023\/05\/y45y4-637x380.jpeg",540,322,true],"covernews-medium-square":["https:\/\/veteran.az\/wp-content\/uploads\/2023\/05\/y45y4.jpeg",398,250,false]},"author_info":{"display_name":"Veteran.az","author_link":"https:\/\/veteran.az\/?author=3"},"category_info":"<a href=\"https:\/\/veteran.az\/?cat=7\" rel=\"category\">D\u00fcnya<\/a>","tag_info":"D\u00fcnya","comment_count":"0","_links":{"self":[{"href":"https:\/\/veteran.az\/index.php?rest_route=\/wp\/v2\/posts\/21149","targetHints":{"allow":["GET"]}}],"collection":[{"href":"https:\/\/veteran.az\/index.php?rest_route=\/wp\/v2\/posts"}],"about":[{"href":"https:\/\/veteran.az\/index.php?rest_route=\/wp\/v2\/types\/post"}],"author":[{"embeddable":true,"href":"https:\/\/veteran.az\/index.php?rest_route=\/wp\/v2\/users\/3"}],"replies":[{"embeddable":true,"href":"https:\/\/veteran.az\/index.php?rest_route=%2Fwp%2Fv2%2Fcomments&post=21149"}],"version-history":[{"count":1,"href":"https:\/\/veteran.az\/index.php?rest_route=\/wp\/v2\/posts\/21149\/revisions"}],"predecessor-version":[{"id":21151,"href":"https:\/\/veteran.az\/index.php?rest_route=\/wp\/v2\/posts\/21149\/revisions\/21151"}],"wp:featuredmedia":[{"embeddable":true,"href":"https:\/\/veteran.az\/index.php?rest_route=\/wp\/v2\/media\/21150"}],"wp:attachment":[{"href":"https:\/\/veteran.az\/index.php?rest_route=%2Fwp%2Fv2%2Fmedia&parent=21149"}],"wp:term":[{"taxonomy":"category","embeddable":true,"href":"https:\/\/veteran.az\/index.php?rest_route=%2Fwp%2Fv2%2Fcategories&post=21149"},{"taxonomy":"post_tag","embeddable":true,"href":"https:\/\/veteran.az\/index.php?rest_route=%2Fwp%2Fv2%2Ftags&post=21149"}],"curies":[{"name":"wp","href":"https:\/\/api.w.org\/{rel}","templated":true}]}}