{"id":21110,"date":"2023-05-17T12:22:00","date_gmt":"2023-05-17T08:22:00","guid":{"rendered":"http:\/\/veteran.az\/?p=21110"},"modified":"2024-01-27T03:27:04","modified_gmt":"2024-01-26T23:27:04","slug":"bu-s%c9%99xsl%c9%99r%c9%99-az%c9%99rbaycanda-daimi-yasamaq-icaz%c9%99si-verildi","status":"publish","type":"post","link":"https:\/\/veteran.az\/?p=21110","title":{"rendered":"Bu \u015f\u0259xsl\u0259r\u0259 Az\u0259rbaycanda daimi ya\u015famaq icaz\u0259si verildi"},"content":{"rendered":"\n<p><strong>Atas\u0131, anas\u0131, \u0259ri (arvad\u0131), \u00f6vlad\u0131, bac\u0131s\u0131 v\u0259 ya qarda\u015f\u0131 Az\u0259rbaycan v\u0259t\u0259nda\u015f\u0131 olanlara daimi ya\u015famaq icaz\u0259si verilib.<\/strong><\/p>\n\n\n\n<p>\u201cVeteran.az\u201d x\u0259b\u0259r verir ki, bu, Prezident \u0130lham \u018fliyevin imzalad\u0131\u011f\u0131 Miqrasiya M\u0259c\u0259ll\u0259sin\u0259 d\u0259yi\u015fiklikl\u0259 ba\u011fl\u0131 F\u0259rmanda \u0259ks olunub.<\/p>\n\n\n\n<p>M\u0259c\u0259ll\u0259nin 46-c\u0131 madd\u0259sind\u0259 \u0259cn\u0259bil\u0259r\u0259 v\u0259 v\u0259t\u0259nda\u015fl\u0131\u011f\u0131 olmayan \u015f\u0259xsl\u0259r\u0259 Az\u0259rbaycan Respublikas\u0131n\u0131n \u0259razisind\u0259 m\u00fcv\u0259qq\u0259ti ya\u015famaq icaz\u0259sinin verilm\u0259si (m\u00fcdd\u0259tinin uzad\u0131lmas\u0131) \u00fc\u00e7\u00fcn t\u0259l\u0259b olunan s\u0259n\u0259dl\u0259r sadalan\u0131r. Yeni layih\u0259y\u0259 \u0259sas\u0259n bu s\u0259n\u0259dl\u0259r siyah\u0131s\u0131na, h\u0259m\u00e7inin sahibkarl\u0131q f\u0259aliyy\u0259ti il\u0259 m\u0259\u015f\u011ful olan fiziki \u015f\u0259xsin v\u0259 ya m\u00fcraci\u0259tl\u0259 \u0259laq\u0259li h\u00fcquqi \u015f\u0259xsin son 1 ild\u0259 t\u0259qdim etdiyi b\u0259yannam\u0259 \u00fczr\u0259 d\u00f6vriyy\u0259sin\u0259 dair vergi orqan\u0131ndan \u0259ld\u0259 edilmi\u015f s\u0259n\u0259d daxil edilib.<\/p>\n\n\n\n<p>Miqrasiya M\u0259c\u0259ll\u0259sinin 52.1-ci madd\u0259sind\u0259 \u0259sas\u0259n bu M\u0259c\u0259ll\u0259nin 45.1.1\u201345.1.7-ci madd\u0259l\u0259rind\u0259 n\u0259z\u0259rd\u0259 tutulmu\u015f \u0259saslarla m\u00fcvafiq icaz\u0259 \u0259sas\u0131nda son 2 il \u0259rzind\u0259 fasil\u0259siz olaraq Az\u0259rbaycan Respublikas\u0131n\u0131n \u0259razisind\u0259 m\u00fcv\u0259qq\u0259ti ya\u015fayan \u0259cn\u0259bil\u0259r v\u0259 v\u0259t\u0259nda\u015fl\u0131\u011f\u0131 olmayan \u015f\u0259xsl\u0259r (bu M\u0259c\u0259ll\u0259nin 45.1.8\u201345.1.11-ci madd\u0259l\u0259rind\u0259 n\u0259z\u0259rd\u0259 tutulmu\u015f \u0259saslarla Az\u0259rbaycan Respublikas\u0131n\u0131n \u0259razisind\u0259 m\u00fcv\u0259qq\u0259ti ya\u015famaq \u00fc\u00e7\u00fcn icaz\u0259 alm\u0131\u015f \u0259cn\u0259bil\u0259rin v\u0259 ya v\u0259t\u0259nda\u015fl\u0131\u011f\u0131 olmayan \u015f\u0259xsl\u0259rin ail\u0259 \u00fczv\u00fc oldu\u011funa g\u00f6r\u0259 m\u00fcv\u0259qq\u0259ti ya\u015famaq \u00fc\u00e7\u00fcn icaz\u0259 alm\u0131\u015f \u015f\u0259xsl\u0259r istisna olmaqla) Az\u0259rbaycan Respublikas\u0131n\u0131n \u0259razisind\u0259 daimi ya\u015famaq icaz\u0259si almaq \u00fc\u00e7\u00fcn v\u0259sat\u0259t ver\u0259 bil\u0259rl\u0259r. Qeyd olunan madd\u0259 t\u0259kmill\u0259\u015fdiril\u0259r\u0259k yeni redaksiyada verilib.<\/p>\n\n\n\n<p>Bel\u0259 ki, Az\u0259rbaycan \u0259razisind\u0259 daimi ya\u015famaq icaz\u0259sinin \u0259cn\u0259bil\u0259r\u0259 \u00f6lk\u0259 \u0259razisind\u0259 uzun m\u00fcdd\u0259t ya\u015famaq, icaz\u0259si almadan haqq\u0131 \u00f6d\u0259nil\u0259n \u0259m\u0259k f\u0259aliyy\u0259ti il\u0259 m\u0259\u015f\u011ful olmaq, g\u0259l\u0259c\u0259kd\u0259 Az\u0259rbaycan Respublikas\u0131 v\u0259t\u0259nda\u015fl\u0131\u011f\u0131n\u0131n \u0259ld\u0259 edilm\u0259si \u00fc\u00e7\u00fcn m\u00fcraci\u0259t etm\u0259k imkan\u0131 v\u0259 dig\u0259r geni\u015f imkanlar yarad\u0131r. Bu bax\u0131mdan h\u0259min mexanizmin t\u0259kmill\u0259\u015fdirilm\u0259si z\u0259ruridir. Bundan ba\u015fqa, qabaqc\u0131l \u00f6lk\u0259l\u0259rin t\u0259cr\u00fcb\u0259l\u0259rin\u0259 \u0259sas\u0259n \u0259cn\u0259bil\u0259r y\u00fcks\u0259k ixtisasl\u0131 m\u00fct\u0259x\u0259ssis v\u0259 ya \u0259razisind\u0259 oldu\u011fu \u00f6lk\u0259nin v\u0259t\u0259nda\u015f\u0131 il\u0259 birinci d\u0259r\u0259c\u0259li (ata, ana, \u0259r (arvad) v\u0259 \u00f6vlad) yax\u0131n qohum olarsa, h\u0259min \u00f6lk\u0259 \u0259razisind\u0259 daimi ya\u015famaq icaz\u0259si almaq imkan\u0131 verilir. Bu bax\u0131mdan qohumluq m\u00fcnasib\u0259tl\u0259rin\u0259 g\u00f6r\u0259 daimi ya\u015famaq icaz\u0259sinin al\u0131nmas\u0131 \u00fczr\u0259 qohumlar\u0131n dair\u0259sinin m\u0259hdudla\u015fd\u0131r\u0131lmas\u0131 v\u0259 yaln\u0131z m\u00fcraci\u0259t ed\u0259n \u015f\u0259xsin atas\u0131, anas\u0131, \u0259ri (arvad\u0131), \u00f6vlad\u0131, bac\u0131s\u0131 v\u0259 ya qarda\u015f\u0131 Az\u0259rbaycan v\u0259t\u0259nda\u015f\u0131 olduqda daimi ya\u015famaq icaz\u0259si ala bil\u0259c\u0259k.<\/p>\n","protected":false},"excerpt":{"rendered":"<p>Atas\u0131, anas\u0131, \u0259ri (arvad\u0131), \u00f6vlad\u0131, bac\u0131s\u0131 v\u0259 ya qarda\u015f\u0131 Az\u0259rbaycan v\u0259t\u0259nda\u015f\u0131 olanlara daimi ya\u015famaq icaz\u0259si&#8230;<\/p>\n","protected":false},"author":3,"featured_media":20938,"comment_status":"closed","ping_status":"closed","sticky":false,"template":"","format":"standard","meta":{"footnotes":""},"categories":[1],"tags":[],"class_list":["post-21110","post","type-post","status-publish","format-standard","has-post-thumbnail","hentry","category-qanunvericilik"],"featured_image_urls":{"full":["https:\/\/veteran.az\/wp-content\/uploads\/2023\/04\/76567bg.jpg",637,400,false],"thumbnail":["https:\/\/veteran.az\/wp-content\/uploads\/2023\/04\/76567bg-150x150.jpg",150,150,true],"medium":["https:\/\/veteran.az\/wp-content\/uploads\/2023\/04\/76567bg-300x188.jpg",300,188,true],"medium_large":["https:\/\/veteran.az\/wp-content\/uploads\/2023\/04\/76567bg.jpg",637,400,false],"large":["https:\/\/veteran.az\/wp-content\/uploads\/2023\/04\/76567bg-300x188.jpg",300,188,true],"1536x1536":["https:\/\/veteran.az\/wp-content\/uploads\/2023\/04\/76567bg.jpg",637,400,false],"2048x2048":["https:\/\/veteran.az\/wp-content\/uploads\/2023\/04\/76567bg.jpg",637,400,false],"covernews-slider-full":["https:\/\/veteran.az\/wp-content\/uploads\/2023\/04\/76567bg.jpg",637,400,false],"covernews-slider-center":["https:\/\/veteran.az\/wp-content\/uploads\/2023\/04\/76567bg.jpg",637,400,false],"covernews-featured":["https:\/\/veteran.az\/wp-content\/uploads\/2023\/04\/76567bg.jpg",637,400,false],"covernews-medium":["https:\/\/veteran.az\/wp-content\/uploads\/2023\/04\/76567bg-637x380.jpg",540,322,true],"covernews-medium-square":["https:\/\/veteran.az\/wp-content\/uploads\/2023\/04\/76567bg.jpg",398,250,false]},"author_info":{"display_name":"Veteran.az","author_link":"https:\/\/veteran.az\/?author=3"},"category_info":"<a href=\"https:\/\/veteran.az\/?cat=1\" rel=\"category\">Qanunvericilik<\/a>","tag_info":"Qanunvericilik","comment_count":"0","_links":{"self":[{"href":"https:\/\/veteran.az\/index.php?rest_route=\/wp\/v2\/posts\/21110","targetHints":{"allow":["GET"]}}],"collection":[{"href":"https:\/\/veteran.az\/index.php?rest_route=\/wp\/v2\/posts"}],"about":[{"href":"https:\/\/veteran.az\/index.php?rest_route=\/wp\/v2\/types\/post"}],"author":[{"embeddable":true,"href":"https:\/\/veteran.az\/index.php?rest_route=\/wp\/v2\/users\/3"}],"replies":[{"embeddable":true,"href":"https:\/\/veteran.az\/index.php?rest_route=%2Fwp%2Fv2%2Fcomments&post=21110"}],"version-history":[{"count":1,"href":"https:\/\/veteran.az\/index.php?rest_route=\/wp\/v2\/posts\/21110\/revisions"}],"predecessor-version":[{"id":21111,"href":"https:\/\/veteran.az\/index.php?rest_route=\/wp\/v2\/posts\/21110\/revisions\/21111"}],"wp:featuredmedia":[{"embeddable":true,"href":"https:\/\/veteran.az\/index.php?rest_route=\/wp\/v2\/media\/20938"}],"wp:attachment":[{"href":"https:\/\/veteran.az\/index.php?rest_route=%2Fwp%2Fv2%2Fmedia&parent=21110"}],"wp:term":[{"taxonomy":"category","embeddable":true,"href":"https:\/\/veteran.az\/index.php?rest_route=%2Fwp%2Fv2%2Fcategories&post=21110"},{"taxonomy":"post_tag","embeddable":true,"href":"https:\/\/veteran.az\/index.php?rest_route=%2Fwp%2Fv2%2Ftags&post=21110"}],"curies":[{"name":"wp","href":"https:\/\/api.w.org\/{rel}","templated":true}]}}