{"id":21021,"date":"2023-04-27T14:11:00","date_gmt":"2023-04-27T10:11:00","guid":{"rendered":"http:\/\/veteran.az\/?p=21021"},"modified":"2024-01-27T03:30:05","modified_gmt":"2024-01-26T23:30:05","slug":"istefada-olan-bas-zabitimiz-v%c9%99fat-edib","status":"publish","type":"post","link":"https:\/\/veteran.az\/?p=21021","title":{"rendered":"\u0130stefada olan ba\u015f zabitimiz v\u0259fat edib"},"content":{"rendered":"\n<p>Daxili Qo\u015funla Komandanl\u0131\u011f\u0131, Az\u0259rbaycan V\u0259t\u0259n Meharib\u0259si Veteranlar\u0131 \u0130ctimai Birliyin r\u0259hb\u0259rliyi, Daxili Qo\u015funlar\u0131n h\u0259rbi v\u0259zif\u0259lil\u0259ri,h\u0259rbi qulluq\u00e7ular\u0131,AVMV\u0130B- in f\u0259dai.az kollektivi,Az\u0259rbaycan V\u0259t\u0259n M\u00fcharib\u0259si Veteranlar\u0131 \u0130ctimai Birliyin Bin\u0259q\u0259di rayon \u015f\u00f6b\u0259sinin &nbsp;\u00fczv\u00fc, m\u00fcharib\u0259 veteranl istefada olan polkovnik R\u0259c\u0259b\u0259li M\u0259mm\u0259dovun aprel ay\u0131n\u0131n 26- da &nbsp;&nbsp;v\u0259fat\u0131ndan k\u0259d\u0259rl\u0259ndiyini bildirir, m\u0259hrumun ail\u0259 \u00fczvl\u0259rin\u0259 &nbsp;v\u0259 yax\u0131nlar\u0131na d\u0259rin h\u00fcznl\u0259 ba\u015fsa\u011fl\u0131\u011f\u0131 verir. M\u0259mm\u0259dov R\u0259c\u0259b\u0259li \u018fli o\u011flu&nbsp; 02 yanvar 1949-cu ild\u0259&nbsp; Nax\u00e7\u0131van Muxtar Respublikas\u0131n\u0131n Culfa rayonunda &nbsp;z\u0259hm\u0259tke\u015f ail\u0259d\u0259 anadan olub.<br>O, Nax\u00e7\u0131van Muxtar Respublikas\u0131n\u0131n Ordubad rayonunun Aza k\u0259nd orta m\u0259kt\u0259bni,Az\u0259rbaycan D\u00f6vl\u0259t Neft &#8212; Kimya \u0130nstitutunu, Sankit-Peterburq ( Leniqrad) D\u00f6vl\u0259t Aqrar Metreologiya v\u0259 standarla\u015fd\u0131rma Universitetini bitrib. \u00d6z ixtisas\u0131 \u00fczr\u0259 d\u0259rin bilikl\u0259r\u0259 v\u0259 elmi i\u015fl\u0259r\u0259 sahib oldu\u011funa g\u00f6r\u0259 o, m\u00fcvafiq qaydada&nbsp; elimi d\u0259r\u0259c\u0259y\u0259 malikidi. Az\u0259rbaycan V\u0259t\u0259n M\u00fcharib\u0259si Veteranlar\u0131 \u0130ctimai Birliyin &nbsp;Bin\u0259q\u0259di rayon \u015f\u00f6b\u0259sinin \u00fczv\u00fc&nbsp; istefada olan polkovnik M\u0259mm\u0259dov R\u0259c\u0259b\u0259li \u018fli o\u011flu&nbsp; 1968-1970-ci ill\u0259rd\u0259 Sovet ordusunun Minski \u015f\u0259h\u0259rind\u0259 yerl\u0259\u015f\u0259n rabit\u0259 qo\u015funlar\u0131nda&nbsp; m\u00fcdd\u0259tli h\u0259qiqi h\u0259rbi xidm\u0259t\u0259 olub.<br>Polkovnik R\u0259c\u0259b\u0259li M\u0259mm\u0259dov 1997-ci ilin aprel ay\u0131nda&nbsp; T\u00fcrkiy\u0259 C\u00fcmhuriyy\u0259tinin Jandarna Komandan\u0131n&nbsp; v\u0259 Polis Akademiyas\u0131n\u0131 d\u0259v\u0259ti il\u0259, Polis Akademiyas\u0131n\u0131n v\u0259 Jandarma Q\u00fcvv\u0259l\u0259rinin f\u0259aliyy\u0259ti il\u0259 yaxindan tami\u015f olmaq m\u0259qs\u0259dil\u0259&nbsp; Ankara, \u0130stanbul, \u0130zmir (Foce) \u015f\u0259h\u0259rl\u0259rind\u0259 i\u015fguzar s\u0259f\u0259rd\u0259 olmu\u015fdur.<\/p>\n\n\n\n<p>O, 1972 &#8212; 1980 -ci ill\u0259rd\u0259 A\u011fac emal\u0131 mebel fabirikind\u0259 m\u00fcvafiq v\u0259zif\u0259l\u0259rd\u0259, 1980-1992-ci ill\u0259rd\u0259&nbsp; is\u0259 X\u0131rdalan \u015f\u0259h\u0259rind\u0259 Tikinti-T\u0259mir Qura\u015f-d\u0131rma idar\u0259sinin r\u0259isi v\u0259zif\u0259sind\u0259 i\u015fl\u0259yib.<\/p>\n\n\n\n<p>R\u0259c\u0259bli M\u0259mm\u0259dov 1993-c\u00fc ilin yanvar ayindan- 2004-c\u00fc ilin dekabr ay\u0131na kimi Daxili \u0130\u015fl\u0259r Nazirliyinin Daxili Qo\u015funlar\u0131n Ba\u015f \u0130dar\u0259sinin&nbsp; ilk T\u0259mir-Tikinti \u015f\u00f6b\u0259sinin r\u0259isi,&nbsp; Daxili Qo\u015funlar Komandan\u0131n m\u00fcavini-T\u0259mir tikinti idar\u0259sinin r\u0259isi v\u0259zif\u0259l\u0259rind\u0259 V\u0259t\u0259n\u0259, D\u00f6vl\u0259t\u0259 v\u0259 Xalqa s\u0259daq\u0259tl\u0259 xidm\u0259t etmi\u015fdir.<\/p>\n\n\n\n<p>Polkovnik R\u0259c\u0259b\u0259li \u018fli o\u011flu M\u0259mm\u0259dov Daxili Qo\u015funlarda xidm\u0259t etdiyi ill\u0259r \u0259rzind\u0259 \u00f6z\u00fcn\u00fc qorxmaz, s\u0259xav\u0259tli, insap\u0259rv\u0259r, \u0259lia\u00e7\u0131q, z\u0259hm\u0259tke\u015f&nbsp; zabit kimi g\u00f6st\u0259rmi\u015fdir. O, ist\u0259r anadan oldu\u011fu v\u0259 ya\u015fad\u0131\u011f\u0131 \u0259razid\u0259, oxudu\u011fu orta v\u0259 ali t\u0259hsil m\u00fc\u0259s\u0259l\u0259rind\u0259, ist\u0259rs\u0259 d\u0259 xidm\u0259t etdiyi v\u0259 i\u015fl\u0259diyi kollektivl\u0259rd\u0259, dost-tan\u0131\u015f ,qohum-\u0259qr\u0259ba aras\u0131nda \u00f6z\u00fcn\u0259 layiq h\u00f6rm\u0259t qazanm\u0131\u015fd\u0131r.<\/p>\n\n\n\n<p>M\u00fcst\u0259qil Az\u0259rbay-can\u0131n Daxili \u0130\u015fl\u0259r Nazirliyinin&nbsp; Daxili Qo\u015funlar\u0131nda xidm\u0259t etdiyi ill\u0259r \u0259rzind\u0259, Az\u0259rbaycan Respub-likas\u0131n\u0131n Konstitusi-yas\u0131na v\u0259 qanunlar\u0131na \u0259m\u0259l etm\u0259kd\u0259, h\u0259rbi and\u0131n,&nbsp; h\u0259rbi nizamna-m\u0259l\u0259rin v\u0259 dig\u0259r h\u00fcquqi- normativ aktlar\u0131n&nbsp; t\u0259l\u0259bl\u0259rin\u0259, el\u0259c\u0259 d\u0259 v\u0259zif\u0259 borclar\u0131n\u0131n icrasna m\u0259suliyy\u0259tl\u0259 yana\u015fm\u0131\u015f, qar\u015f\u0131ya qoyulmu\u015f&nbsp; xidm\u0259ti&nbsp; tap\u015f\u0131r\u0131qlar\u0131 m\u00fcv\u0259ff\u0259qiyy\u0259tl\u0259 yerin\u0259 yetirilm\u0259si \u00fc\u00e7\u00fcn \u00f6z \u0259m\u0259yini \u0259sirg\u0259m\u0259mi\u015f, \u015f\u0259xsi n\u00fcmun\u0259si il\u0259&nbsp; bir cox&nbsp; h\u0259rbi qulluq\u00e7ular\u0131 f\u0259dakar h\u0259rbi xidm\u0259t\u0259 ruhland\u0131rm\u0131\u015fd\u0131r.<\/p>\n\n\n\n<p>O,&nbsp; Az\u0259rbaycan\u0131n \u0259razi b\u00fct\u00f6vl\u00fcy\u00fc u\u011frunda ged\u0259n&nbsp; d\u00f6y\u00fc\u015fl\u0259rd\u0259 i\u015ftirak edib.M\u00fcharib\u0259 Veteranidi.&nbsp; R\u0259c\u0259bli \u018fli o\u011flu M\u0259mm\u0259dov Az\u0259rbaycan Respublikas\u0131n\u0131nda ictimai qaydan\u0131n v\u0259 ictimai t\u0259hl\u00fck\u0259sizliyin qorun-masnda \u015f\u0259h\u0259rd\u0259, ya\u015fay\u0131\u015f m\u0259nt\u0259q\u0259l\u0259rind\u0259 ba\u015f vermi\u015f ixt\u015fa\u015flar\u0131n qar\u015f\u0131s\u0131n\u0131n al\u0131nmas\u0131n-da, f\u00f6vqalad\u0259 v\u0259ziyy\u0259t zaman\u0131 h\u00fcquqi rejim t\u0259dbirl\u0259rinin h\u0259yata ke\u00e7irilm\u0259sid\u0259 , d\u00f6vl\u0259tin \u0259razi b\u00fct\u00f6vl\u00fcy\u00fcn\u00fcn t\u0259min edilm\u0259sind\u0259&nbsp; \u00fcz\u0259rin\u0259 d\u00fc\u015f\u0259n v\u0259zif\u0259 v\u0259 tap\u015f\u0131r\u0131qlar\u0131n \u00f6hd\u0259sind\u0259n layiqinc\u0259 g\u0259lmi\u015fdir .<\/p>\n\n\n\n<p>&nbsp;\u0130stefada olan polkovnik R\u0259c\u0259b\u0259li M\u0259mm\u0259dov&nbsp; Daxili Qo\u015funlarda xidm\u0259t etdiyi ill\u0259r \u0259rzind\u0259&nbsp; Xidm\u0259ti v\u0259zif\u0259l\u0259rinin icras\u0131 zaman\u0131 y\u00fcks\u0259k m\u0259n\u0259vi d\u00f6y\u00fc\u015f keyfiyy\u0259tl\u0259ri g\u00f6st\u0259rdiyin\u0259 g\u00f6r\u0259, d\u00f6y\u00fc\u015f v\u0259 ictimai siyasi haz\u0131rl\u0131\u011f\u0131nda, h\u0259rbi intizam\u0131n m\u00f6hk\u0259ml\u0259ndirilm\u0259sind\u0259 y\u00fcks\u0259k g\u00f6st\u0259ricil\u0259r\u0259 nail oldu\u011funa v\u0259 n\u00fcmun\u0259vi xidm\u0259tin\u0259 g\u00f6r\u0259 Daxili \u0130\u015fl\u0259r Nazirinin v\u0259 Daxili Qosunlar komandan\u0131n\u0131n m\u00fcvafiq \u0259mrl\u0259ri \u0259la xidm\u0259tl\u0259r\u0259 g\u00f6r\u0259 &nbsp;\u201c\u0259lac\u0131\u201d d\u00f6\u015f v\u0259 yubiley ni\u015fanlar\u0131 il\u0259, bir cox f\u0259xri f\u0259rmanlarla, qiym\u0259tli h\u0259diyy\u0259l\u0259rl\u0259 m\u00fckafatland\u0131rl\u0131b,ona m\u00fckafat qaydas\u0131nda vaxt\u0131ndan \u0259vv\u0259l h\u0259rbi r\u00fctb\u0259l\u0259r verlib v\u0259 t\u0259\u015f\u0259kk\u00fcr elan edilib. &nbsp;<\/p>\n\n\n\n<p>Az\u0259rbaycan V\u0259t\u0259n M\u00fcharib\u0259si Veteranlar\u0131 \u0130ctimai Birliyin (AVMV\u0130B) &nbsp;Bin\u0259q\u0259di rayon \u015f\u00f6b\u0259sinin \u00fczv\u00fc M\u00fcharib\u0259 Veteran\u0131&nbsp;&nbsp;<\/p>\n\n\n\n<p>istefada olan polkovnik R\u0259c\u0259b\u0259li M\u0259mm\u0259-dov Avmvib-nin \u0130dar\u0259 hey\u0259tinin q\u0259rar\u0131na \u0259sas\u0259n \u201cM\u00fcharib\u0259 Veteran\u0131\u201d, \u201cAVMV\u0130B-in&nbsp; 25- illiyi\u201d &nbsp;&nbsp;v\u0259 \u201cAz\u0259rbaycan Ordusunun&nbsp; 100-illiyi&nbsp; (1918-2018)\u201d xatir\u0259 medallar\u0131 il\u0259 t\u0259ltif edilib.<\/p>\n\n\n\n<p><strong>Allah r\u0259hm\u0259t el\u0259sin!<\/strong><\/p>\n\n\n\n<p><strong>M\u0259kan\u0131 c\u0259nn\u0259t olsun<\/strong>.<\/p>\n\n\n\n<p><strong>Az\u0259rbaycan V\u0259t\u0259n M\u00fcharib\u0259si Veteranlar\u0131 \u0130ctimai Birliyi s\u0259drinin h\u00fcquq i\u015fl\u0259r \u00fczr\u0259 m\u00fcavini polkovnik Salman Musayev<\/strong><\/p>\n\n\n\n<figure class=\"wp-block-gallery columns-3 is-cropped wp-block-gallery-1 is-layout-flex wp-block-gallery-is-layout-flex\"><ul class=\"blocks-gallery-grid\"><li class=\"blocks-gallery-item\"><figure><img decoding=\"async\" src=\"http:\/\/veteran.az\/wp-content\/uploads\/2023\/04\/WhatsApp-Image-2023-04-27-at-15.28.55-300x235.jpeg\" alt=\"\" data-id=\"21022\" data-link=\"http:\/\/veteran.az\/?attachment_id=21022\" class=\"wp-image-21022\"\/><\/figure><\/li><li class=\"blocks-gallery-item\"><figure><img decoding=\"async\" src=\"http:\/\/veteran.az\/wp-content\/uploads\/2023\/04\/WhatsApp-Image-2023-04-27-at-15.28.54-218x300.jpeg\" alt=\"\" data-id=\"21023\" data-link=\"http:\/\/veteran.az\/?attachment_id=21023\" class=\"wp-image-21023\"\/><\/figure><\/li><li class=\"blocks-gallery-item\"><figure><img decoding=\"async\" src=\"http:\/\/veteran.az\/wp-content\/uploads\/2023\/04\/WhatsApp-Image-2023-04-27-at-15.28.55-1-300x162.jpeg\" alt=\"\" data-id=\"21024\" data-full-url=\"http:\/\/veteran.az\/wp-content\/uploads\/2023\/04\/WhatsApp-Image-2023-04-27-at-15.28.55-1.jpeg\" data-link=\"http:\/\/veteran.az\/?attachment_id=21024\" class=\"wp-image-21024\"\/><\/figure><\/li><\/ul><\/figure>\n","protected":false},"excerpt":{"rendered":"<p>Daxili Qo\u015funla Komandanl\u0131\u011f\u0131, Az\u0259rbaycan V\u0259t\u0259n Meharib\u0259si Veteranlar\u0131 \u0130ctimai Birliyin r\u0259hb\u0259rliyi, Daxili Qo\u015funlar\u0131n h\u0259rbi v\u0259zif\u0259lil\u0259ri,h\u0259rbi qulluq\u00e7ular\u0131,AVMV\u0130B-&#8230;<\/p>\n","protected":false},"author":3,"featured_media":0,"comment_status":"closed","ping_status":"closed","sticky":false,"template":"","format":"standard","meta":{"footnotes":""},"categories":[11],"tags":[],"class_list":["post-21021","post","type-post","status-publish","format-standard","hentry","category-sag"],"featured_image_urls":{"full":"","thumbnail":"","medium":"","medium_large":"","large":"","1536x1536":"","2048x2048":"","covernews-slider-full":"","covernews-slider-center":"","covernews-featured":"","covernews-medium":"","covernews-medium-square":""},"author_info":{"display_name":"Veteran.az","author_link":"https:\/\/veteran.az\/?author=3"},"category_info":"<a href=\"https:\/\/veteran.az\/?cat=11\" rel=\"category\">Ba\u015fsa\u011fl\u0131\u011f\u0131<\/a>","tag_info":"Ba\u015fsa\u011fl\u0131\u011f\u0131","comment_count":"0","_links":{"self":[{"href":"https:\/\/veteran.az\/index.php?rest_route=\/wp\/v2\/posts\/21021","targetHints":{"allow":["GET"]}}],"collection":[{"href":"https:\/\/veteran.az\/index.php?rest_route=\/wp\/v2\/posts"}],"about":[{"href":"https:\/\/veteran.az\/index.php?rest_route=\/wp\/v2\/types\/post"}],"author":[{"embeddable":true,"href":"https:\/\/veteran.az\/index.php?rest_route=\/wp\/v2\/users\/3"}],"replies":[{"embeddable":true,"href":"https:\/\/veteran.az\/index.php?rest_route=%2Fwp%2Fv2%2Fcomments&post=21021"}],"version-history":[{"count":2,"href":"https:\/\/veteran.az\/index.php?rest_route=\/wp\/v2\/posts\/21021\/revisions"}],"predecessor-version":[{"id":21028,"href":"https:\/\/veteran.az\/index.php?rest_route=\/wp\/v2\/posts\/21021\/revisions\/21028"}],"wp:attachment":[{"href":"https:\/\/veteran.az\/index.php?rest_route=%2Fwp%2Fv2%2Fmedia&parent=21021"}],"wp:term":[{"taxonomy":"category","embeddable":true,"href":"https:\/\/veteran.az\/index.php?rest_route=%2Fwp%2Fv2%2Fcategories&post=21021"},{"taxonomy":"post_tag","embeddable":true,"href":"https:\/\/veteran.az\/index.php?rest_route=%2Fwp%2Fv2%2Ftags&post=21021"}],"curies":[{"name":"wp","href":"https:\/\/api.w.org\/{rel}","templated":true}]}}