{"id":20871,"date":"2023-03-31T13:53:08","date_gmt":"2023-03-31T09:53:08","guid":{"rendered":"http:\/\/veteran.az\/?p=20871"},"modified":"2023-03-31T14:02:07","modified_gmt":"2023-03-31T10:02:07","slug":"beyl%c9%99qan-veteranlari-soyqirim-abid%c9%99sini-ziyar%c9%99t-etdi","status":"publish","type":"post","link":"https:\/\/veteran.az\/?p=20871","title":{"rendered":"Beyl\u0259qan veteranlar\u0131 soyq\u0131r\u0131m abid\u0259sini ziyar\u0259t etdi"},"content":{"rendered":"\n<p>31 mart Az\u0259rbaycanl\u0131lar\u0131n Soyq\u0131r\u0131m\u0131 G\u00fcn\u00fcnd\u0259 Az\u0259rbaycan V\u0259t\u0259n M\u00fcharib\u0259si Veteranlar\u0131 \u0130ctimai Birliyinin (AVMV\u0130B) Beyl\u0259qan rayon \u015f\u00f6b\u0259sinin s\u0259dri \u018fl\u00f6vs\u0259t M\u0259mm\u0259dov v\u0259 Beyl\u0259qan rayon \u0130cra hakimiyy\u0259tinin ba\u015f\u00e7\u0131s\u0131 Asif A\u011fayev ba\u015fda olmaqla m\u00fcharib\u0259 veteranlar\u0131, rayonun ictimai f\u0259allar\u0131, Beyl\u0259qan R\u0130H bir qrup \u0259m\u0259kda\u015f\u0131 rayon m\u0259rk\u0259zind\u0259 yerl\u0259\u015f\u0259n soyq\u0131r\u0131m abid\u0259sini ziyar\u0259t etmi\u015f, \u00f6n\u00fcn\u0259 g\u00fcl-\u00e7i\u00e7\u0259k d\u00fczm\u00fc\u015fl\u0259r.<\/p>\n\n\n\n<p>Soyq\u0131r\u0131m qurbanlar\u0131n\u0131 1 d\u0259qiq\u0259lik s\u00fckutla yad ed\u0259n ziyar\u0259t\u00e7il\u0259r qar\u015f\u0131s\u0131nda \u00e7\u0131x\u0131\u015f ed\u0259n natiql\u0259r erm\u0259ni quldurlar\u0131n\u0131n soyda\u015flar\u0131m\u0131za qar\u015f\u0131 h\u0259yata ke\u00e7iridkl\u0259ri m\u0259qs\u0259dli q\u0131r\u011f\u0131n\u0131 faci\u0259 kimi qiym\u0259tlndirmi\u015f v\u0259 \u0259srin \u0259n d\u0259h\u015ftli soyq\u0131r\u0131m\u0131 kimi tarix\u0259 ke\u00e7diyini vur\u011fulayaraq \u00dcmummilli lider Heyd\u0259r \u018fliyevin t\u0259\u015f\u0259bb\u00fcs\u00fc il\u0259 mart\u0131n 31-nin Az\u0259rbaycanl\u0131lar\u0131n Soyq\u0131r\u0131m\u0131 G\u00fcn\u00fc olaraq q\u0259bul edilmsini bu tarixi cinay\u0259t\u0259 h\u00fcquqi qiym\u0259t verilm\u0259si m\u00fcst\u0259visind\u0259 \u00f6n\u0259mli add\u0131m kimi qiym\u0259tl\u0259ndirmi\u015fl\u0259r.<\/p>\n\n\n\n<p><strong>El\u00e7in Q\u0259dirov<\/strong><\/p>\n\n\n\n<figure class=\"wp-block-gallery columns-2 is-cropped wp-block-gallery-1 is-layout-flex wp-block-gallery-is-layout-flex\"><ul class=\"blocks-gallery-grid\"><li class=\"blocks-gallery-item\"><figure><img decoding=\"async\" src=\"http:\/\/veteran.az\/wp-content\/uploads\/2023\/03\/WhatsApp-Image-2023-03-31-at-10.27.58-300x142.jpeg\" alt=\"\" data-id=\"20873\" data-full-url=\"http:\/\/veteran.az\/wp-content\/uploads\/2023\/03\/WhatsApp-Image-2023-03-31-at-10.27.58.jpeg\" data-link=\"http:\/\/veteran.az\/?attachment_id=20873\" class=\"wp-image-20873\"\/><\/figure><\/li><li class=\"blocks-gallery-item\"><figure><img loading=\"lazy\" decoding=\"async\" width=\"300\" height=\"142\" src=\"http:\/\/veteran.az\/wp-content\/uploads\/2023\/03\/WhatsApp-Image-2023-03-31-at-10.28.01-300x142.jpeg\" alt=\"\" data-id=\"20874\" data-full-url=\"http:\/\/veteran.az\/wp-content\/uploads\/2023\/03\/WhatsApp-Image-2023-03-31-at-10.28.01.jpeg\" data-link=\"http:\/\/veteran.az\/?attachment_id=20874\" class=\"wp-image-20874\" srcset=\"https:\/\/veteran.az\/wp-content\/uploads\/2023\/03\/WhatsApp-Image-2023-03-31-at-10.28.01-300x142.jpeg 300w, https:\/\/veteran.az\/wp-content\/uploads\/2023\/03\/WhatsApp-Image-2023-03-31-at-10.28.01-768x364.jpeg 768w, https:\/\/veteran.az\/wp-content\/uploads\/2023\/03\/WhatsApp-Image-2023-03-31-at-10.28.01-1024x485.jpeg 1024w, https:\/\/veteran.az\/wp-content\/uploads\/2023\/03\/WhatsApp-Image-2023-03-31-at-10.28.01.jpeg 1032w\" sizes=\"auto, (max-width: 300px) 100vw, 300px\" \/><\/figure><\/li><\/ul><\/figure>\n","protected":false},"excerpt":{"rendered":"<p>31 mart Az\u0259rbaycanl\u0131lar\u0131n Soyq\u0131r\u0131m\u0131 G\u00fcn\u00fcnd\u0259 Az\u0259rbaycan V\u0259t\u0259n M\u00fcharib\u0259si Veteranlar\u0131 \u0130ctimai Birliyinin (AVMV\u0130B) Beyl\u0259qan rayon \u015f\u00f6b\u0259sinin&#8230;<\/p>\n","protected":false},"author":3,"featured_media":0,"comment_status":"closed","ping_status":"closed","sticky":false,"template":"","format":"standard","meta":{"footnotes":""},"categories":[6],"tags":[],"class_list":["post-20871","post","type-post","status-publish","format-standard","hentry","category-cmiyyt"],"featured_image_urls":{"full":"","thumbnail":"","medium":"","medium_large":"","large":"","1536x1536":"","2048x2048":"","covernews-slider-full":"","covernews-slider-center":"","covernews-featured":"","covernews-medium":"","covernews-medium-square":""},"author_info":{"display_name":"Veteran.az","author_link":"https:\/\/veteran.az\/?author=3"},"category_info":"<a href=\"https:\/\/veteran.az\/?cat=6\" rel=\"category\">C\u0259miyy\u0259t<\/a>","tag_info":"C\u0259miyy\u0259t","comment_count":"0","_links":{"self":[{"href":"https:\/\/veteran.az\/index.php?rest_route=\/wp\/v2\/posts\/20871","targetHints":{"allow":["GET"]}}],"collection":[{"href":"https:\/\/veteran.az\/index.php?rest_route=\/wp\/v2\/posts"}],"about":[{"href":"https:\/\/veteran.az\/index.php?rest_route=\/wp\/v2\/types\/post"}],"author":[{"embeddable":true,"href":"https:\/\/veteran.az\/index.php?rest_route=\/wp\/v2\/users\/3"}],"replies":[{"embeddable":true,"href":"https:\/\/veteran.az\/index.php?rest_route=%2Fwp%2Fv2%2Fcomments&post=20871"}],"version-history":[{"count":2,"href":"https:\/\/veteran.az\/index.php?rest_route=\/wp\/v2\/posts\/20871\/revisions"}],"predecessor-version":[{"id":20876,"href":"https:\/\/veteran.az\/index.php?rest_route=\/wp\/v2\/posts\/20871\/revisions\/20876"}],"wp:attachment":[{"href":"https:\/\/veteran.az\/index.php?rest_route=%2Fwp%2Fv2%2Fmedia&parent=20871"}],"wp:term":[{"taxonomy":"category","embeddable":true,"href":"https:\/\/veteran.az\/index.php?rest_route=%2Fwp%2Fv2%2Fcategories&post=20871"},{"taxonomy":"post_tag","embeddable":true,"href":"https:\/\/veteran.az\/index.php?rest_route=%2Fwp%2Fv2%2Ftags&post=20871"}],"curies":[{"name":"wp","href":"https:\/\/api.w.org\/{rel}","templated":true}]}}