{"id":20737,"date":"2023-03-11T00:52:15","date_gmt":"2023-03-10T20:52:15","guid":{"rendered":"http:\/\/veteran.az\/?p=20737"},"modified":"2024-01-27T03:34:18","modified_gmt":"2024-01-26T23:34:18","slug":"x-qlobal-baki-forumu-dunya-mediasinin-diqq%c9%99t-m%c9%99rk%c9%99zind%c9%99","status":"publish","type":"post","link":"https:\/\/veteran.az\/?p=20737","title":{"rendered":"X Qlobal Bak\u0131 Forumu d\u00fcnya medias\u0131n\u0131n diqq\u0259t m\u0259rk\u0259zind\u0259"},"content":{"rendered":"\n<p><strong>Az\u0259rbaycan paytaxt\u0131nda \u00f6t\u0259n g\u00fcn i\u015f\u0259 ba\u015flayan \u201cD\u00fcnya bu g\u00fcn: \u00c7a\u011f\u0131r\u0131\u015flar v\u0259 \u00fcmidl\u0259r\u201d m\u00f6vzusunda X Qlobal Bak\u0131 Forumu il\u0259 ba\u011fl\u0131 m\u00fcxt\u0259lif \u00f6lk\u0259l\u0259rin apar\u0131c\u0131 K\u0130V-l\u0259rind\u0259 silsil\u0259 m\u0259qal\u0259l\u0259r d\u0259rc olunub.<\/strong><\/p>\n\n\n\n<p>\u201cVeteran.az\u201d \u201cAZ\u018fRTAC\u201da istinad\u0259n\u00a0x\u0259b\u0259r verir ki, m\u0259qal\u0259l\u0259rd\u0259 Bak\u0131n\u0131n onuncu d\u0259f\u0259 t\u0259\u015fkil etdiyi bu m\u00f6t\u0259b\u0259r t\u0259dbir\u0259 qat\u0131lan n\u00fcfuzlu siyas\u0259t\u00e7il\u0259rin, d\u00f6vl\u0259t v\u0259 h\u00f6kum\u0259t ba\u015f\u00e7\u0131lar\u0131n\u0131n, sabiq prezidentl\u0259rin, beyn\u0259lxalq t\u0259\u015fkilatlar\u0131n r\u0259hb\u0259rl\u0259rinin d\u00fcnya g\u00fcnd\u0259minin ilk s\u0131ralar\u0131nda yer alan m\u00fch\u00fcm m\u0259s\u0259l\u0259l\u0259r bar\u0259d\u0259 m\u00fczakir\u0259l\u0259r apard\u0131qlar\u0131, m\u00fcasir \u00e7a\u011f\u0131r\u0131\u015flarla ba\u011fl\u0131 h\u0259ll yollar\u0131n\u0131 ara\u015fd\u0131rd\u0131qlar\u0131 qeyd olunub.<\/p>\n\n\n\n<p>\u0130taliyan\u0131n&nbsp;<strong><a href=\"https:\/\/www.agenzianova.com\/news\/azerbaigian-mattarella-il-global-forum-baku-promuove-i-valori-della-comprensione-e-della-convivenza-pacifica\/\" target=\"_blank\" rel=\"noreferrer noopener\">Nova agentliyind\u0259<\/a><\/strong>&nbsp;yay\u0131mlanan \u201cQlobal Bak\u0131 Forumu davam edir, Avropa v\u0259 Asiya aras\u0131nda probleml\u0259r v\u0259 imkanlar\u201d<\/p>\n\n\n\n<p>m\u00f6vzusunda m\u0259qal\u0259d\u0259 Prezident Sercio Mattarellan\u0131n Forum i\u015ftirak\u00e7\u0131lar\u0131na t\u0259brik m\u0259ktubu yollad\u0131\u011f\u0131 qeyd olunub v\u0259 m\u0259ktubda yer alan fikirl\u0259r\u0259 yer verilib. \u0130taliya Prezidentinin m\u0259ktubda Qlobal Bak\u0131 Forumunun anla\u015fma v\u0259 s\u00fclh \u015f\u0259raitind\u0259 birg\u0259ya\u015fay\u0131\u015f d\u0259y\u0259rl\u0259rini t\u0259bli\u011f etdiyini, m\u0259qs\u0259din xalqlar v\u0259 m\u0259d\u0259niyy\u0259tl\u0259r aras\u0131nda \u0259m\u0259kda\u015fl\u0131q v\u0259 dialoqu stimulla\u015fd\u0131rmaq oldu\u011funu vur\u011fulad\u0131\u011f\u0131 bildirilib. H\u0259m\u00e7inin qeyd edilib ki, Prezident Sercio Mattarella t\u0259brik m\u0259ktubunda Nizami G\u0259nc\u0259vi Beyn\u0259lxalq M\u0259rk\u0259zinin ild\u0259n-il\u0259 xalqlar v\u0259 m\u0259d\u0259niyy\u0259tl\u0259r aras\u0131nda \u0259m\u0259kda\u015fl\u0131q v\u0259 dialoqu stimulla\u015fd\u0131rmaq \u00fc\u00e7\u00fcn xalqlar aras\u0131nda qar\u015f\u0131l\u0131ql\u0131 anla\u015fma v\u0259 dinc yana\u015f\u0131 ya\u015fama d\u0259y\u0259rl\u0259rini t\u0259bli\u011f etdiyini v\u0259 bunu bir daha t\u0259sdiql\u0259diyini x\u00fcsusi vur\u011fulay\u0131b.<\/p>\n\n\n\n<p>Bu \u00f6lk\u0259nin \u201c<strong><a href=\"https:\/\/www.askanews.it\/esteri\/2023\/03\/09\/al-via-il-global-baku-forum-sfide-e-opportunit%c3%a0-tra-europa-e-asia-pn_20230309_00003\/\" target=\"_blank\" rel=\"noreferrer noopener\">Askanews.it<\/a><\/strong>\u201d portal\u0131nda d\u0259rc olunan \u201cQlobal Bak\u0131 Forumu anla\u015fma v\u0259 s\u00fclh \u015f\u0259raitind\u0259 birg\u0259ya\u015fay\u0131\u015f d\u0259y\u0259rl\u0259rini t\u0259bli\u011f edir\u201d s\u0259rl\u00f6vh\u0259li m\u0259qal\u0259d\u0259 Forumda m\u00fch\u00fcm m\u00f6vzularda m\u00fczakir\u0259l\u0259rin apar\u0131laca\u011f\u0131 bildirilib. Qeyd olunub ki, Forumun birinci g\u00fcn\u00fcnd\u0259 NATO-nun dayan\u0131ql\u0131l\u0131\u011f\u0131, iqlim d\u0259yi\u015fiklikl\u0259ri v\u0259 qlobal istil\u0259\u015fm\u0259nin yaratd\u0131\u011f\u0131 t\u0259hdidl\u0259r, d\u00fcnyan\u0131n \u00fczl\u0259\u015fdiyi t\u0259hl\u00fck\u0259l\u0259r, o c\u00fcml\u0259d\u0259n n\u00fcv\u0259 v\u0259 \u0259rzaq t\u0259hl\u00fck\u0259sizliyi, h\u0259m\u00e7inin da\u015f\u0131malar, enerji t\u0259hl\u00fck\u0259sizliyinin t\u0259min olunmas\u0131 v\u0259 dig\u0259r m\u0259s\u0259l\u0259l\u0259r d\u0259 m\u00fczakir\u0259 olunacaq. Bununla yana\u015f\u0131, Forumun g\u00fcnd\u0259liyind\u0259 enerji d\u0259hlizl\u0259rin\u0259 dair m\u00f6vzular\u0131n da yer ald\u0131\u011f\u0131, m\u00fch\u00fcm enerji qov\u015fa\u011f\u0131 v\u0259 qaz t\u0259chizat\u00e7\u0131s\u0131 kimi \u00f6n\u0259mi getdikc\u0259 artan Az\u0259rbaycan\u0131n rolunun \u0130taliya \u00fc\u00e7\u00fcn vacib \u00f6n\u0259m da\u015f\u0131d\u0131\u011f\u0131 vur\u011fulan\u0131b.<\/p>\n\n\n\n<p>Yaz\u0131da Prezident Sercio Mattarellan\u0131n t\u0259brik m\u0259ktubunda Forumun olduqca m\u00fch\u00fcm m\u00f6vzuya h\u0259sr edildiyini, Nizami G\u0259nc\u0259vi Beyn\u0259lxalq M\u0259rk\u0259zi t\u0259r\u0259find\u0259n h\u0259yata ke\u00e7iril\u0259n t\u0259dbirl\u0259rin \u0259m\u0259kda\u015fl\u0131q v\u0259 dialoqun, qar\u015f\u0131l\u0131ql\u0131 anla\u015fma v\u0259 s\u00fclh\u00fcn t\u0259\u015fviqin\u0259 y\u00f6n\u0259ldiyini bildirdiyi qeyd olunub.<\/p>\n\n\n\n<p>Bosniya v\u0259 Herseqovinan\u0131n apar\u0131c\u0131 n\u0259\u015frl\u0259rind\u0259 d\u0259 Qlobal Bak\u0131 Forumuna dair m\u0259qal\u0259l\u0259r yay\u0131mlan\u0131b. Bu \u00f6lk\u0259nin \u201c<strong><a rel=\"noreferrer noopener\" href=\"https:\/\/www.slobodna-bosna.ba\/vijest\/291772\/povecani_i_opskrba_i_ukupni_izvoz_azerbejdzan_ce_staviti_na_raspologanje_svoje_zalihe_plina_evropi.html\" target=\"_blank\">Slobodna Bosna<\/a><\/strong>\u201d, \u201c<strong><a rel=\"noreferrer noopener\" href=\"https:\/\/www.avaz.ba\/vijesti\/globus\/815072\/alijev-azerbejdzan-ce-staviti-na-raspologanje-svoje-zalihe-plina-evropi\" target=\"_blank\">Dnevni Avaz<\/a><\/strong>\u201d, \u201c<strong><a rel=\"noreferrer noopener\" href=\"https:\/\/www.federalna.ba\/aliyev-azerbejdzan-ce-staviti-na-raspologanje-svoje-zalihe-plina-evropi-wuwcu\" target=\"_blank\">Federalna.ba<\/a><\/strong>\u201d, \u201c<strong><a rel=\"noreferrer noopener\" href=\"https:\/\/vijesti.ba\/clanak\/594316\/azerbejdzan-ce-staviti-na-raspologanje-svoje-zalihe-plina-evropi\" target=\"_blank\">Vijesti.ba<\/a><\/strong>\u201d, \u201c<strong><a rel=\"noreferrer noopener\" href=\"https:\/\/mostarski.ba\/aliyev-azerbejdzan-ce-staviti-na-raspologanje-svoje-zalihe-plina-evropi\/\" target=\"_blank\">Mostarski.ba<\/a><\/strong>\u201d, \u201c<strong>B<a rel=\"noreferrer noopener\" href=\"https:\/\/energetika-ba.translate.goog\/azerbejdzan-ce-staviti-na-raspologanje-svoje-zalihe-plina-evropi\/?_x_tr_sl=hr&amp;_x_tr_tl=ru&amp;_x_tr_hl=ru&amp;_x_tr_pto=sc&amp;_x_tr_sch=http\" target=\"_blank\">iznis.ba<\/a><\/strong>\u201d v\u0259 dig\u0259r portallar\u0131nda yer alan yaz\u0131larda bildirilib ki, Qlobal Bak\u0131 Forumu dialoq, \u0259m\u0259kda\u015fl\u0131q v\u0259 h\u0259mr\u0259yliyi t\u0259\u015fviq etm\u0259k m\u0259qs\u0259dil\u0259 d\u00fcnyan\u0131n m\u00fcxt\u0259lif \u00f6lk\u0259l\u0259rind\u0259n siyasi, biznes v\u0259 akademik liderl\u0259rinin i\u015ftirak\u0131 il\u0259 Az\u0259rbaycan\u0131n paytaxt\u0131 Bak\u0131da ke\u00e7iril\u0259n beyn\u0259lxalq t\u0259dbirdir. Az\u0259rbaycan Prezidentinin himay\u0259si il\u0259 ke\u00e7iril\u0259n Foruma 60-dan \u00e7ox \u00f6lk\u0259d\u0259n 400-\u0259 yax\u0131n i\u015ftirak\u00e7\u0131 qat\u0131l\u0131b. Qlobal Bak\u0131 Forumu ox\u015far \u00e7a\u011f\u0131r\u0131\u015flar\u0131 v\u0259 m\u0259qs\u0259dl\u0259ri payla\u015fan, b\u0259\u015f\u0259riyy\u0259ti narahat ed\u0259n probleml\u0259rl\u0259 \u0259laq\u0259dar yeni yana\u015fma v\u0259 h\u0259ll yollar\u0131 t\u0259qdim ed\u0259n m\u00fch\u00fcm dialoq platformas\u0131d\u0131r. Forum h\u0259m d\u0259 Az\u0259rbaycan\u0131n regionda lider kimi potensial\u0131n\u0131 g\u00f6st\u0259rm\u0259si, m\u0259d\u0259niyy\u0259tini v\u0259 tarixini t\u0259bli\u011f etm\u0259si bax\u0131m\u0131ndan bir f\u00fcrs\u0259tdir.<\/p>\n\n\n\n<p>Anadolu agentliyind\u0259 yay\u0131mlanan m\u0259qal\u0259d\u0259 Prezident \u0130lham \u018fliyevin Az\u0259rbaycan il\u0259 Erm\u0259nistan aras\u0131nda s\u00fclh m\u00fcqavil\u0259sinin imzalanmas\u0131 istiqam\u0259tind\u0259 ir\u0259li s\u00fcrd\u00fcy\u00fc t\u0259\u015f\u0259bb\u00fcsl\u0259r, Erm\u0259nistan\u0131n bu m\u00fch\u00fcm f\u00fcrs\u0259ti \u0259ld\u0259n verm\u0259m\u0259si bar\u0259d\u0259 d\u00f6vl\u0259timizin ba\u015f\u00e7\u0131s\u0131n\u0131n \u00e7a\u011f\u0131r\u0131\u015f\u0131, Erm\u0259nistan\u0131n i\u015f\u011fal d\u00f6vr\u00fcnd\u0259 t\u00f6r\u0259tdiyi cinay\u0259t \u0259m\u0259ll\u0259ri bar\u0259d\u0259 fikirl\u0259rin\u0259 geni\u015f yer verilib.<\/p>\n\n\n\n<p>\u201cH\u00fcrriyet\u201d q\u0259zetind\u0259 d\u0259rc olunan yaz\u0131da is\u0259 Az\u0259rbaycan Prezidentinin Avropan\u0131n enerji t\u0259hl\u00fck\u0259sizliyinin t\u0259min olunmas\u0131 istiqam\u0259tind\u0259 atd\u0131\u011f\u0131 add\u0131mlar, qaz\u0131n ixrac\u0131n\u0131n geni\u015fl\u0259ndirilm\u0259si, ya\u015f\u0131l enerjinin ixrac\u0131na ba\u015flan\u0131lmas\u0131 bar\u0259d\u0259 fikirl\u0259ri oxucular\u0131n diqq\u0259tin\u0259 \u00e7atd\u0131r\u0131l\u0131b. M\u0259qal\u0259d\u0259 d\u00f6vl\u0259timizin ba\u015f\u00e7\u0131s\u0131n\u0131n \u201cRusiya-Ukrayna m\u00fcharib\u0259si ba\u015flayandan sonra biz qaz t\u0259chizat\u0131 v\u0259 ya onun art\u0131r\u0131lmas\u0131 il\u0259 ba\u011fl\u0131 10-dan art\u0131q Avropa \u00f6lk\u0259sind\u0259n m\u00fcraci\u0259t alm\u0131\u015f\u0131q v\u0259 onun \u00fcz\u0259rind\u0259 i\u015fl\u0259yirik. T\u0259sad\u00fcfi deyil ki, Avropa Komissiyas\u0131 Az\u0259rbaycan\u0131 etibarl\u0131 t\u0259r\u0259fda\u015f adland\u0131r\u0131r. Bu, el\u0259 bir hald\u0131r ki, biz h\u0259r zaman etibarl\u0131 t\u0259r\u0259fda\u015f olmu\u015fuq\u201d fikri x\u00fcsusi vur\u011fulan\u0131b.<\/p>\n\n\n\n<p>Qeyd ed\u0259k ki, b\u00fct\u00fcn m\u0259qal\u0259l\u0259rd\u0259 Az\u0259rbaycan Prezidenti \u0130lham \u018fliyevin himay\u0259si alt\u0131nda v\u0259 Nizami G\u0259nc\u0259vi Beyn\u0259lxalq M\u0259rk\u0259zinin t\u0259\u015fkilat\u00e7\u0131l\u0131\u011f\u0131 il\u0259 ke\u00e7iril\u0259n Qlobal Bak\u0131 Forumunun d\u00fcnya ictimaiyy\u0259tini d\u0259rind\u0259n narahat ed\u0259n m\u0259s\u0259l\u0259l\u0259rin h\u0259lli yollar\u0131n\u0131 ara\u015fd\u0131ran v\u0259 bu istiqam\u0259td\u0259 m\u00fczakir\u0259l\u0259r apara bil\u0259n m\u00fcst\u0259qil beyn\u0259lxalq platformaya \u00e7evrildiyi qeyd olunub.<\/p>\n","protected":false},"excerpt":{"rendered":"<p>Az\u0259rbaycan paytaxt\u0131nda \u00f6t\u0259n g\u00fcn i\u015f\u0259 ba\u015flayan \u201cD\u00fcnya bu g\u00fcn: \u00c7a\u011f\u0131r\u0131\u015flar v\u0259 \u00fcmidl\u0259r\u201d m\u00f6vzusunda X Qlobal&#8230;<\/p>\n","protected":false},"author":3,"featured_media":0,"comment_status":"closed","ping_status":"closed","sticky":false,"template":"","format":"standard","meta":{"footnotes":""},"categories":[7],"tags":[],"class_list":["post-20737","post","type-post","status-publish","format-standard","hentry","category-dunya"],"featured_image_urls":{"full":"","thumbnail":"","medium":"","medium_large":"","large":"","1536x1536":"","2048x2048":"","covernews-slider-full":"","covernews-slider-center":"","covernews-featured":"","covernews-medium":"","covernews-medium-square":""},"author_info":{"display_name":"Veteran.az","author_link":"https:\/\/veteran.az\/?author=3"},"category_info":"<a href=\"https:\/\/veteran.az\/?cat=7\" rel=\"category\">D\u00fcnya<\/a>","tag_info":"D\u00fcnya","comment_count":"0","_links":{"self":[{"href":"https:\/\/veteran.az\/index.php?rest_route=\/wp\/v2\/posts\/20737","targetHints":{"allow":["GET"]}}],"collection":[{"href":"https:\/\/veteran.az\/index.php?rest_route=\/wp\/v2\/posts"}],"about":[{"href":"https:\/\/veteran.az\/index.php?rest_route=\/wp\/v2\/types\/post"}],"author":[{"embeddable":true,"href":"https:\/\/veteran.az\/index.php?rest_route=\/wp\/v2\/users\/3"}],"replies":[{"embeddable":true,"href":"https:\/\/veteran.az\/index.php?rest_route=%2Fwp%2Fv2%2Fcomments&post=20737"}],"version-history":[{"count":1,"href":"https:\/\/veteran.az\/index.php?rest_route=\/wp\/v2\/posts\/20737\/revisions"}],"predecessor-version":[{"id":20739,"href":"https:\/\/veteran.az\/index.php?rest_route=\/wp\/v2\/posts\/20737\/revisions\/20739"}],"wp:attachment":[{"href":"https:\/\/veteran.az\/index.php?rest_route=%2Fwp%2Fv2%2Fmedia&parent=20737"}],"wp:term":[{"taxonomy":"category","embeddable":true,"href":"https:\/\/veteran.az\/index.php?rest_route=%2Fwp%2Fv2%2Fcategories&post=20737"},{"taxonomy":"post_tag","embeddable":true,"href":"https:\/\/veteran.az\/index.php?rest_route=%2Fwp%2Fv2%2Ftags&post=20737"}],"curies":[{"name":"wp","href":"https:\/\/api.w.org\/{rel}","templated":true}]}}