{"id":20731,"date":"2023-03-10T18:01:00","date_gmt":"2023-03-10T14:01:00","guid":{"rendered":"http:\/\/veteran.az\/?p=20731"},"modified":"2023-03-10T15:03:14","modified_gmt":"2023-03-10T11:03:14","slug":"su-ehtiyatlarina-gor%c9%99-dunyada-140-ci-yerd%c9%99yik-nazir-muavini","status":"publish","type":"post","link":"https:\/\/veteran.az\/?p=20731","title":{"rendered":"Su ehtiyatlar\u0131na g\u00f6r\u0259 d\u00fcnyada 140-c\u0131 yerd\u0259yik &#8212; Nazir m\u00fcavini"},"content":{"rendered":"\n<p>T\u0259\u0259ss\u00fcf ki, iqlim d\u0259yi\u015fiklikl\u0259ri Az\u0259rbaycandan da yan ke\u00e7m\u0259yib.<\/p>\n\n\n\n<p>Bunu ekologiya v\u0259 t\u0259bii s\u0259rv\u0259tl\u0259r nazirinin m\u00fcavini V\u00fcqar K\u0259rimov &#171;\u00d6lk\u0259d\u0259 su q\u0131tl\u0131\u011f\u0131n\u0131n s\u0259b\u0259bl\u0259ri v\u0259 m\u00f6vcud v\u0259ziyy\u0259t&#187; m\u00f6vzusunda ke\u00e7iril\u0259n brifinqd\u0259 deyib.<\/p>\n\n\n\n<p>O bildirib ki, Az\u0259rbaycan m\u0259hdud su resurslar\u0131na malik co\u011frafiyada ya\u015fay\u0131r: \u201c70 faiz\u0259 yax\u0131n suyumuz transs\u0259rh\u0259d \u00e7aylar hesab\u0131na t\u0259min olunur. Adamba\u015f\u0131na d\u00fc\u015f\u0259n suyun h\u0259cmin\u0259 g\u00f6r\u0259, \u00f6lk\u0259miz ilk y\u00fczl\u00fckd\u0259 90-c\u0131 yerd\u0259 q\u0259rarla\u015f\u0131b. Su ehtiyatlar\u0131 bax\u0131m\u0131ndan is\u0259 d\u00fcnyada 140-c\u0131 yerd\u0259yik&#187;.<\/p>\n","protected":false},"excerpt":{"rendered":"<p>T\u0259\u0259ss\u00fcf ki, iqlim d\u0259yi\u015fiklikl\u0259ri Az\u0259rbaycandan da yan ke\u00e7m\u0259yib. Bunu ekologiya v\u0259 t\u0259bii s\u0259rv\u0259tl\u0259r nazirinin m\u00fcavini&#8230;<\/p>\n","protected":false},"author":3,"featured_media":0,"comment_status":"closed","ping_status":"closed","sticky":false,"template":"","format":"standard","meta":{"footnotes":""},"categories":[6],"tags":[],"class_list":["post-20731","post","type-post","status-publish","format-standard","hentry","category-cmiyyt"],"featured_image_urls":{"full":"","thumbnail":"","medium":"","medium_large":"","large":"","1536x1536":"","2048x2048":"","covernews-slider-full":"","covernews-slider-center":"","covernews-featured":"","covernews-medium":"","covernews-medium-square":""},"author_info":{"display_name":"Veteran.az","author_link":"https:\/\/veteran.az\/?author=3"},"category_info":"<a href=\"https:\/\/veteran.az\/?cat=6\" rel=\"category\">C\u0259miyy\u0259t<\/a>","tag_info":"C\u0259miyy\u0259t","comment_count":"0","_links":{"self":[{"href":"https:\/\/veteran.az\/index.php?rest_route=\/wp\/v2\/posts\/20731","targetHints":{"allow":["GET"]}}],"collection":[{"href":"https:\/\/veteran.az\/index.php?rest_route=\/wp\/v2\/posts"}],"about":[{"href":"https:\/\/veteran.az\/index.php?rest_route=\/wp\/v2\/types\/post"}],"author":[{"embeddable":true,"href":"https:\/\/veteran.az\/index.php?rest_route=\/wp\/v2\/users\/3"}],"replies":[{"embeddable":true,"href":"https:\/\/veteran.az\/index.php?rest_route=%2Fwp%2Fv2%2Fcomments&post=20731"}],"version-history":[{"count":1,"href":"https:\/\/veteran.az\/index.php?rest_route=\/wp\/v2\/posts\/20731\/revisions"}],"predecessor-version":[{"id":20733,"href":"https:\/\/veteran.az\/index.php?rest_route=\/wp\/v2\/posts\/20731\/revisions\/20733"}],"wp:attachment":[{"href":"https:\/\/veteran.az\/index.php?rest_route=%2Fwp%2Fv2%2Fmedia&parent=20731"}],"wp:term":[{"taxonomy":"category","embeddable":true,"href":"https:\/\/veteran.az\/index.php?rest_route=%2Fwp%2Fv2%2Fcategories&post=20731"},{"taxonomy":"post_tag","embeddable":true,"href":"https:\/\/veteran.az\/index.php?rest_route=%2Fwp%2Fv2%2Ftags&post=20731"}],"curies":[{"name":"wp","href":"https:\/\/api.w.org\/{rel}","templated":true}]}}