{"id":20728,"date":"2023-03-10T15:01:05","date_gmt":"2023-03-10T11:01:05","guid":{"rendered":"http:\/\/veteran.az\/?p=20728"},"modified":"2023-03-10T15:01:06","modified_gmt":"2023-03-10T11:01:06","slug":"kreml-erm%c9%99nistanin-bu-addimini-pisl%c9%99di","status":"publish","type":"post","link":"https:\/\/veteran.az\/?p=20728","title":{"rendered":"Kreml Erm\u0259nistan\u0131n bu add\u0131m\u0131n\u0131 P\u0130SL\u018fD\u0130"},"content":{"rendered":"\n<p>&#171;Kreml ayr\u0131-ayr\u0131 ruslar\u0131n Erm\u0259nistana giri\u015fin\u0259 qada\u011fa qoyulmas\u0131na m\u0259nfi m\u00fcnasib\u0259t b\u0259sl\u0259yir&#187;.<\/p>\n\n\n\n<p>Bunu Rusiya prezidentinin m\u0259tbuat katibi\u00a0Dmitri\u00a0Peskov deyib.<\/p>\n\n\n\n<p>&#171;Erm\u0259nistan Rusiyan\u0131n&nbsp;dostu, m\u00fctt\u0259fiqi, strateji t\u0259r\u0259fda\u015f\u0131d\u0131r v\u0259 ikit\u0259r\u0259fli m\u00fcnasib\u0259tl\u0259rin s\u0259viyy\u0259si v\u0259 xarakteri bizi \u0259laq\u0259l\u0259rimizi bel\u0259 hallardan qoruma\u011fa m\u0259cbur edir. Rusiya v\u0259 Erm\u0259nistan aras\u0131nda ikit\u0259r\u0259fli m\u00fcnasib\u0259tl\u0259rin yax\u0131n g\u0259l\u0259c\u0259kd\u0259 bel\u0259 insidentl\u0259rd\u0259n azad olaca\u011f\u0131na&nbsp;\u00fcmid edir\u0259m&#187;, &#8212; dey\u0259 Kreml r\u0259smisi&nbsp;bildirib.<\/p>\n\n\n\n<p>Qeyd ed\u0259k ki, bir m\u00fcdd\u0259t \u0259vv\u0259l rusiyal\u0131 media meneceri v\u0259 jurnalist Aram Qabrelyanovun Erm\u0259nistana giri\u015fi qada\u011fan edilib. O,&nbsp;\u0130r\u0259van\u0131n Zvartnots hava liman\u0131ndan \u00f6lk\u0259y\u0259 burax\u0131lmay\u0131b.&nbsp;H\u0259m\u00e7inin RT-nin&nbsp;ba\u015f redaktoru Marqarita Semonyan v\u0259 Rusiya D\u00f6vl\u0259t Dumas\u0131n\u0131n MDB il\u0259 \u0259laq\u0259l\u0259r&nbsp;\u00fczr\u0259 komit\u0259sin s\u0259drinin&nbsp;birinci m\u00fcavini Konstantin Zatulinin d\u0259 \u00f6lk\u0259y\u0259 giri\u015fin\u0259 qada\u011fa qoyub.<\/p>\n","protected":false},"excerpt":{"rendered":"<p>&#171;Kreml ayr\u0131-ayr\u0131 ruslar\u0131n Erm\u0259nistana giri\u015fin\u0259 qada\u011fa qoyulmas\u0131na m\u0259nfi m\u00fcnasib\u0259t b\u0259sl\u0259yir&#187;. Bunu Rusiya prezidentinin m\u0259tbuat katibi\u00a0Dmitri\u00a0Peskov&#8230;<\/p>\n","protected":false},"author":3,"featured_media":0,"comment_status":"closed","ping_status":"closed","sticky":false,"template":"","format":"standard","meta":{"footnotes":""},"categories":[7],"tags":[],"class_list":["post-20728","post","type-post","status-publish","format-standard","hentry","category-dunya"],"featured_image_urls":{"full":"","thumbnail":"","medium":"","medium_large":"","large":"","1536x1536":"","2048x2048":"","covernews-slider-full":"","covernews-slider-center":"","covernews-featured":"","covernews-medium":"","covernews-medium-square":""},"author_info":{"display_name":"Veteran.az","author_link":"https:\/\/veteran.az\/?author=3"},"category_info":"<a href=\"https:\/\/veteran.az\/?cat=7\" rel=\"category\">D\u00fcnya<\/a>","tag_info":"D\u00fcnya","comment_count":"0","_links":{"self":[{"href":"https:\/\/veteran.az\/index.php?rest_route=\/wp\/v2\/posts\/20728","targetHints":{"allow":["GET"]}}],"collection":[{"href":"https:\/\/veteran.az\/index.php?rest_route=\/wp\/v2\/posts"}],"about":[{"href":"https:\/\/veteran.az\/index.php?rest_route=\/wp\/v2\/types\/post"}],"author":[{"embeddable":true,"href":"https:\/\/veteran.az\/index.php?rest_route=\/wp\/v2\/users\/3"}],"replies":[{"embeddable":true,"href":"https:\/\/veteran.az\/index.php?rest_route=%2Fwp%2Fv2%2Fcomments&post=20728"}],"version-history":[{"count":1,"href":"https:\/\/veteran.az\/index.php?rest_route=\/wp\/v2\/posts\/20728\/revisions"}],"predecessor-version":[{"id":20730,"href":"https:\/\/veteran.az\/index.php?rest_route=\/wp\/v2\/posts\/20728\/revisions\/20730"}],"wp:attachment":[{"href":"https:\/\/veteran.az\/index.php?rest_route=%2Fwp%2Fv2%2Fmedia&parent=20728"}],"wp:term":[{"taxonomy":"category","embeddable":true,"href":"https:\/\/veteran.az\/index.php?rest_route=%2Fwp%2Fv2%2Fcategories&post=20728"},{"taxonomy":"post_tag","embeddable":true,"href":"https:\/\/veteran.az\/index.php?rest_route=%2Fwp%2Fv2%2Ftags&post=20728"}],"curies":[{"name":"wp","href":"https:\/\/api.w.org\/{rel}","templated":true}]}}