{"id":20672,"date":"2023-03-04T19:42:00","date_gmt":"2023-03-04T15:42:00","guid":{"rendered":"http:\/\/veteran.az\/?p=20672"},"modified":"2023-03-04T21:48:04","modified_gmt":"2023-03-04T17:48:04","slug":"israilin-turkiy%c9%99y%c9%99-gond%c9%99rdiyi-yardim-aciqlandi","status":"publish","type":"post","link":"https:\/\/veteran.az\/?p=20672","title":{"rendered":"\u0130srailin T\u00fcrkiy\u0259y\u0259 g\u00f6nd\u0259rdiyi yard\u0131m a\u00e7\u0131qland\u0131"},"content":{"rendered":"\n<p>\u0130srail T\u00fcrkiy\u0259y\u0259 630 \u00e7ad\u0131r g\u00f6nd\u0259rib. \u201cVeteran.az\u201d x\u0259b\u0259r verir ki, bu bar\u0259d\u0259 \u0130srail Xarici \u0130\u015fl\u0259r Nazirliyi m\u0259lumat yay\u0131b.<\/p>\n\n\n\n<p>\u00c7ad\u0131rlar \u0130sraild\u0259 yerl\u0259\u015f\u0259n Beyn\u0259lxalq \u0130nki\u015faf \u018fm\u0259kda\u015fl\u0131q Agentliyi vasit\u0259sil\u0259 Adanaya \u00e7atd\u0131r\u0131l\u0131b.<\/p>\n\n\n\n<p>\u0130srailin T\u00fcrkiy\u0259d\u0259ki s\u0259firinin m\u00fcavini Nadav Markman\u0131n qat\u0131ld\u0131\u011f\u0131 m\u0259rasimd\u0259 \u00e7ad\u0131rlar AFAD r\u0259smil\u0259rin\u0259 t\u0259hvil verilib.<\/p>\n\n\n\n<p>Yard\u0131m\u0131n t\u0259xmin\u0259n iki h\u0259ft\u0259 \u0259vv\u0259l \u0130srailin xarici i\u015fl\u0259r naziri Eli Koenin T\u00fcrkiy\u0259y\u0259 s\u0259f\u0259rind\u0259n sonra edildiyi qeyd edilib.<\/p>\n\n\n\n<p>\u00c7ad\u0131rlar\u0131n z\u0259lz\u0259l\u0259d\u0259n z\u0259r\u0259r \u00e7\u0259kmi\u015f b\u00f6lg\u0259l\u0259rd\u0259n biri olan Osmaniyed\u0259 qurulaca\u011f\u0131 bildirilib.<\/p>\n","protected":false},"excerpt":{"rendered":"<p>\u0130srail T\u00fcrkiy\u0259y\u0259 630 \u00e7ad\u0131r g\u00f6nd\u0259rib. \u201cVeteran.az\u201d x\u0259b\u0259r verir ki, bu bar\u0259d\u0259 \u0130srail Xarici \u0130\u015fl\u0259r Nazirliyi&#8230;<\/p>\n","protected":false},"author":3,"featured_media":0,"comment_status":"closed","ping_status":"closed","sticky":false,"template":"","format":"standard","meta":{"footnotes":""},"categories":[7],"tags":[],"class_list":["post-20672","post","type-post","status-publish","format-standard","hentry","category-dunya"],"featured_image_urls":{"full":"","thumbnail":"","medium":"","medium_large":"","large":"","1536x1536":"","2048x2048":"","covernews-slider-full":"","covernews-slider-center":"","covernews-featured":"","covernews-medium":"","covernews-medium-square":""},"author_info":{"display_name":"Veteran.az","author_link":"https:\/\/veteran.az\/?author=3"},"category_info":"<a href=\"https:\/\/veteran.az\/?cat=7\" rel=\"category\">D\u00fcnya<\/a>","tag_info":"D\u00fcnya","comment_count":"0","_links":{"self":[{"href":"https:\/\/veteran.az\/index.php?rest_route=\/wp\/v2\/posts\/20672","targetHints":{"allow":["GET"]}}],"collection":[{"href":"https:\/\/veteran.az\/index.php?rest_route=\/wp\/v2\/posts"}],"about":[{"href":"https:\/\/veteran.az\/index.php?rest_route=\/wp\/v2\/types\/post"}],"author":[{"embeddable":true,"href":"https:\/\/veteran.az\/index.php?rest_route=\/wp\/v2\/users\/3"}],"replies":[{"embeddable":true,"href":"https:\/\/veteran.az\/index.php?rest_route=%2Fwp%2Fv2%2Fcomments&post=20672"}],"version-history":[{"count":1,"href":"https:\/\/veteran.az\/index.php?rest_route=\/wp\/v2\/posts\/20672\/revisions"}],"predecessor-version":[{"id":20674,"href":"https:\/\/veteran.az\/index.php?rest_route=\/wp\/v2\/posts\/20672\/revisions\/20674"}],"wp:attachment":[{"href":"https:\/\/veteran.az\/index.php?rest_route=%2Fwp%2Fv2%2Fmedia&parent=20672"}],"wp:term":[{"taxonomy":"category","embeddable":true,"href":"https:\/\/veteran.az\/index.php?rest_route=%2Fwp%2Fv2%2Fcategories&post=20672"},{"taxonomy":"post_tag","embeddable":true,"href":"https:\/\/veteran.az\/index.php?rest_route=%2Fwp%2Fv2%2Ftags&post=20672"}],"curies":[{"name":"wp","href":"https:\/\/api.w.org\/{rel}","templated":true}]}}