{"id":20537,"date":"2023-02-11T10:45:36","date_gmt":"2023-02-11T06:45:36","guid":{"rendered":"http:\/\/veteran.az\/?p=20537"},"modified":"2023-02-11T10:45:37","modified_gmt":"2023-02-11T06:45:37","slug":"hippokrat-andina-sadiq-h%c9%99kim-rasim-qudr%c9%99tov-58","status":"publish","type":"post","link":"https:\/\/veteran.az\/?p=20537","title":{"rendered":"Hippokrat and\u0131na sadiq h\u0259kim: Rasim Q\u00fcdr\u0259tov- 58"},"content":{"rendered":"\n<p><strong>Pe\u015f\u0259karl\u0131\u011f\u0131, humanistliyi,y\u00fcks\u0259k intellekti, d\u0259qiqliyi, t\u0259mkinliyi, sad\u0259liyi, s\u0259mimiyy\u0259ti, qorxmazl\u0131\u011f\u0131, insanp\u0259rv\u0259rliyi, t\u0259vaz\u00f6karl\u0131\u011f\u0131, v\u0259t\u0259np\u0259rv\u0259rliyi,xeyirxahl\u0131\u011f\u0131, b\u00f6y\u00fck idar\u0259\u00e7ilik v\u0259 t\u0259\u015fkilat\u00e7l\u0131q bacar\u0131qlar\u0131 il\u0259 se\u00e7il\u0259n, ali d\u0259r\u0259c\u0259li ba\u015f h\u0259kim, Daxili \u0130\u015fl\u0259r Nazirliyinin\u00a0 T\u0131bb \u0130dar\u0259sind\u0259, D\u0130N-in \u00a0A.Heyd\u0259rov ad\u0131na Hospital\u0131nda m\u00fcxt\u0259lif v\u0259zif\u0259l\u0259rd\u0259, Daxili Qo\u015funlar\u0131n\u00a0 H\u0259rbi hospital\u0131 r\u0259isinin m\u00fcalic\u0259 i\u015fl\u0259r \u00fczr\u0259 m\u00fcavini, Daxili Qo\u015funlar\u0131n Bas \u0130dar\u0259sind\u0259 is\u0259 H\u0259rbi h\u0259kim komissiyas\u0131n\u0131n s\u0259dri, Tibb xidm\u0259tiind\u0259 ba\u015f zabit v\u0259\u00a0 T\u0131bb xidm\u0259t r\u0259isi (\u015f\u00f6b\u0259 s\u0259lahiyy\u0259tli) v\u0259zif\u0259l\u0259rind\u0259 V\u0259t\u0259n\u0259, Xalqa \u015f\u0259r\u0259fl\u0259 \u00a0xidm\u0259t etmi\u015f ehtiyatda olan tibb xidm\u0259ti polkovniki Q\u00fcdr\u0259tov Rasim D\u0259rgah o\u011flunun fevral ayin\u0131n 11 d\u0259 58 ya\u015f\u0131 tamam olur. Bu \u0259lam\u0259tdar g\u00fcn m\u00fcnasib\u0259til\u0259\u00a0 Az\u0259rbaycan V\u0259t\u0259n M\u00fcharib\u0259si Veteranlar\u0131 \u0130ctimai Birliyinin r\u0259hb\u0259rliyi tibb xidm\u0259ti polkovniki Ras\u0131m Q\u00fcdr\u0259tovu\u00a0 do\u011fum g\u00fcn\u00fc\u00a0 m\u00fcnasib\u0259til\u0259 s\u0259mimi q\u0259lbd\u0259n\u00a0\u00a0 t\u0259brik edir, ona\u00a0 h\u0259yatda insan \u00fc\u00e7\u00fcn \u0259n \u015firin nem\u0259t olan m\u00f6hk\u0259m can sa\u011fl\u0131\u011f\u0131 v\u0259 h\u0259yat yollar\u0131nda bitib \u00a0t\u00fck\u0259nm\u0259y\u0259n nailiyy\u0259tl\u0259r arzulayir.<\/strong><\/p>\n\n\n\n<figure class=\"wp-block-image size-large is-resized\"><img loading=\"lazy\" decoding=\"async\" src=\"http:\/\/veteran.az\/wp-content\/uploads\/2023\/02\/haq.jpg\" alt=\"\" class=\"wp-image-20539\" width=\"334\" height=\"446\"\/><\/figure>\n\n\n\n<p><strong>&nbsp;&nbsp; &nbsp;Arzu edirik ki, Rasim H\u0259kimin ya\u015f\u0131n\u0131n \u00fcst\u0259 g\u0259l\u0259n bu ya\u015f ona sevinc dolu g\u00fcnl\u0259r b\u0259x\u015f etsin v\u0259 h\u0259r yeni ili is\u0259 \u00f6t\u0259n ill\u0259rd\u0259n daha g\u00f6z\u0259l ist\u0259kl\u0259rin\u0259 uy\u011fun onu xo\u015fb\u0259xt ed\u0259c\u0259k \u015f\u0259kild\u0259 ke\u00e7sin.<\/strong><\/p>\n\n\n\n<p><strong>&nbsp;Ehtiyatda olan tibb xidm\u0259ti polkovniki Rasim Q\u00fcdr\u0259tov Az\u0259rbaycan D\u00f6vl\u0259tcliyinin qorunmas\u0131nda, ictimai t\u0259hl\u00fck\u0259sizliyin t\u0259min edilm\u0259sind\u0259,\u00f6z xidm\u0259ti v\u0259zif\u0259l\u0259rinin yerin\u0259 yetrilm\u0259sind\u0259 y\u00fcks\u0259k pe\u015f\u0259karl\u0131q g\u00f6st\u0259rdiyin\u0259 v\u0259 x\u00fcsusi f\u0259riql\u0259ndyin\u0259 g\u00f6r\u0259 &nbsp;Az\u0259rbaycan Respublikas\u0131n\u0131n Prezidentinin, Daxili \u0130\u015fl\u0259r Nazirinin, Daxill Qo\u015funlar Komandan\u0131n\u0131n ,onun m\u00fcavinl\u0259rinin,tibb xidm\u0259ti idar\u0259 v\u0259 \u015f\u00f6b\u0259 r\u0259isl\u0259rinin, D\u0130N-in &nbsp;A.Heyd\u0259rov ad\u0131na &nbsp;v\u0259 Daxil Qo\u015funlar\u0131n h\u0259rbi &nbsp;hospital r\u0259isl\u0259rinin m\u00fcvafiq s\u0259rancam v\u0259 \u0259mirl\u0259ri il\u0259 \u201c\u018fla xidm\u0259tl\u0259r\u0259 g\u00f6r\u0259\u201d d\u00f6\u015f v\u0259 yubiley ni\u015fanlar\u0131 il\u0259 t\u0259ltif &nbsp;olunub,bir cox f\u0259xri f\u0259rmanlarla, qiym\u0259tli h\u0259diy\u0259l\u0259rl\u0259 m\u00fckafatland\u0131rl\u0131b, ona t\u0259\u015f\u0259kkur edilib v\u0259 a\u015fa\u011f\u0131dak\u0131 medalarla t\u0259ltif edilib:<\/strong><\/p>\n\n\n\n<p><strong>1.\u201dH\u0259rbi xidm\u0259tl\u0259r\u0259 g\u00f6r\u0259\u201d medal\u0131 il\u0259,<\/strong><\/p>\n\n\n\n<p><strong>2.\u201dH\u0259rbi xidm\u0259td\u0259 f\u0259riql\u0259ndiyin\u0259 g\u00f6r\u0259\u201d3- c\u00fc d\u0259r\u0259c\u0259li medal\u0131 il\u0259, &nbsp;&nbsp;<\/strong><\/p>\n\n\n\n<p><strong>&nbsp;3.\u201dQusursuz xidm\u0259tl\u0259r\u0259 g\u00f6r\u0259\u201d 1-ci, 2-ci v\u0259 3 -c\u00fc d\u0259r\u0259c\u0259li medalar\u0131 il\u0259,<\/strong><\/p>\n\n\n\n<p><strong>&nbsp;4.\u201dAz\u0259rbaycan Respubilkas\u0131 Silahl\u0131 Q\u00fcvv\u0259l\u0259rinin 10, 90 v\u0259 95 illiyi\u201d yubiley medalar\u0131 il\u0259.<\/strong><\/p>\n\n\n\n<p><strong>DO\u011eUM G\u00dcN\u00dcN M\u00dcBAR\u018fK OLSUN. RAS\u0130M H\u018fK\u0130M!<\/strong><\/p>\n\n\n\n<p><strong>ALLAH H\u018fR ZAMAN Q\u018fLB\u0130N\u0130 SIXINTIDAN, B\u018fDB\u0130NL\u0130KD\u018fN QORUSUN!<\/strong><\/p>\n\n\n\n<p><strong>DA\u0130MA XO\u015eB\u018fXT YA\u015eA, \u00d6MR\u00dcN UZUN OLSUN!<\/strong><\/p>\n\n\n\n<p><strong>B\u00dcT\u00dcN ARZULARIN \u00c7\u0130N OLSUN!<\/strong><\/p>\n\n\n\n<p><strong>H\u018fM\u0130\u015e\u018f \u00dcZ\u00dcN G\u00dcLS\u00dcN, \u00dcR\u018fY\u0130N SEV\u0130NS\u0130N!<\/strong><\/p>\n\n\n\n<p><strong>\u00a0Az\u0259rbaycan V\u0259t\u0259n M\u00fcharib\u0259si Veteranlar\u0131 \u0130ctimai\u00a0 Birliyi s\u0259drinin h\u00fcquq i\u015fl\u0259r \u00fczr\u0259 m\u00fcavini polkovnik Salman Musayev<\/strong><\/p>\n\n\n\n\n\n<figure class=\"wp-block-image size-large is-resized\"><img loading=\"lazy\" decoding=\"async\" src=\"http:\/\/veteran.az\/wp-content\/uploads\/2023\/02\/defq-1-1024x741.jpg\" alt=\"\" class=\"wp-image-20541\" width=\"376\" height=\"271\"\/><\/figure>\n","protected":false},"excerpt":{"rendered":"<p>Pe\u015f\u0259karl\u0131\u011f\u0131, humanistliyi,y\u00fcks\u0259k intellekti, d\u0259qiqliyi, t\u0259mkinliyi, sad\u0259liyi, s\u0259mimiyy\u0259ti, qorxmazl\u0131\u011f\u0131, insanp\u0259rv\u0259rliyi, t\u0259vaz\u00f6karl\u0131\u011f\u0131, v\u0259t\u0259np\u0259rv\u0259rliyi,xeyirxahl\u0131\u011f\u0131, b\u00f6y\u00fck idar\u0259\u00e7ilik v\u0259 t\u0259\u015fkilat\u00e7l\u0131q&#8230;<\/p>\n","protected":false},"author":3,"featured_media":0,"comment_status":"closed","ping_status":"closed","sticky":false,"template":"","format":"standard","meta":{"footnotes":""},"categories":[12],"tags":[],"class_list":["post-20537","post","type-post","status-publish","format-standard","hentry","category-veteran"],"featured_image_urls":{"full":"","thumbnail":"","medium":"","medium_large":"","large":"","1536x1536":"","2048x2048":"","covernews-slider-full":"","covernews-slider-center":"","covernews-featured":"","covernews-medium":"","covernews-medium-square":""},"author_info":{"display_name":"Veteran.az","author_link":"https:\/\/veteran.az\/?author=3"},"category_info":"<a href=\"https:\/\/veteran.az\/?cat=12\" rel=\"category\">Veteran d\u00fcnyas\u0131<\/a>","tag_info":"Veteran d\u00fcnyas\u0131","comment_count":"0","_links":{"self":[{"href":"https:\/\/veteran.az\/index.php?rest_route=\/wp\/v2\/posts\/20537","targetHints":{"allow":["GET"]}}],"collection":[{"href":"https:\/\/veteran.az\/index.php?rest_route=\/wp\/v2\/posts"}],"about":[{"href":"https:\/\/veteran.az\/index.php?rest_route=\/wp\/v2\/types\/post"}],"author":[{"embeddable":true,"href":"https:\/\/veteran.az\/index.php?rest_route=\/wp\/v2\/users\/3"}],"replies":[{"embeddable":true,"href":"https:\/\/veteran.az\/index.php?rest_route=%2Fwp%2Fv2%2Fcomments&post=20537"}],"version-history":[{"count":1,"href":"https:\/\/veteran.az\/index.php?rest_route=\/wp\/v2\/posts\/20537\/revisions"}],"predecessor-version":[{"id":20542,"href":"https:\/\/veteran.az\/index.php?rest_route=\/wp\/v2\/posts\/20537\/revisions\/20542"}],"wp:attachment":[{"href":"https:\/\/veteran.az\/index.php?rest_route=%2Fwp%2Fv2%2Fmedia&parent=20537"}],"wp:term":[{"taxonomy":"category","embeddable":true,"href":"https:\/\/veteran.az\/index.php?rest_route=%2Fwp%2Fv2%2Fcategories&post=20537"},{"taxonomy":"post_tag","embeddable":true,"href":"https:\/\/veteran.az\/index.php?rest_route=%2Fwp%2Fv2%2Ftags&post=20537"}],"curies":[{"name":"wp","href":"https:\/\/api.w.org\/{rel}","templated":true}]}}